{"id":6830,"date":"2022-03-08T16:46:35","date_gmt":"2022-03-08T19:46:35","guid":{"rendered":"https:\/\/acontecenafronteira.com.br\/?p=6830"},"modified":"2022-03-08T16:46:37","modified_gmt":"2022-03-08T19:46:37","slug":"avenida-carlos-gomes-passa-por-recape-asfaltico","status":"publish","type":"post","link":"https:\/\/acontecenafronteira.com.br\/index.php\/2022\/03\/08\/avenida-carlos-gomes-passa-por-recape-asfaltico\/","title":{"rendered":"Avenida Carlos Gomes passa por recape asf\u00e1ltico"},"content":{"rendered":"\n<p>Trechos da via foram interditados para execu\u00e7\u00e3o dos servi\u00e7os pela Secretaria de Obras<\/p>\n\n\n\n<p>As equipes da Secretaria Municipal de Obras est\u00e3o trabalhando em melhorias na pavimenta\u00e7\u00e3o da Avenida Carlos Gomes, na regi\u00e3o central de Foz do Igua\u00e7u.&nbsp;<br><br>Est\u00e3o sendo feitos, atualmente, a limpeza da via, fresagem e o recape asf\u00e1ltico. O trecho entre a Rua Vinicius de Moraes e Avenida Juscelino Kubitschek foi interditado na manh\u00e3 desta ter\u00e7a-feira (08) para execu\u00e7\u00e3o dos servi\u00e7os.&nbsp;<br><br>\u201cEsta \u00e9 uma via importante para o tr\u00e2nsito no centro da cidade e, por isso, estamos trabalhando em melhorias, assim como temos atendido outras avenidas fundamentais para a mobilidade urbana\u201d, afirma o secret\u00e1rio municipal de Obras, C\u00e9zar Furlan.&nbsp;<br><br>A Secretaria Municipal de Obras, segundo ele, tem trabalhado intensamente para atender demandas antigas de pavimenta\u00e7\u00e3o, em todas as regi\u00f5es da cidade, bem como para dar melhores condi\u00e7\u00f5es \u00e0s grandes avenidas.&nbsp;<br><br>Todos os locais est\u00e3o sinalizados para orienta\u00e7\u00e3o dos motoristas.<\/p>\n","protected":false},"excerpt":{"rendered":"<p>Trechos da via foram interditados para execu\u00e7\u00e3o dos servi\u00e7os pela Secretaria de Obras As equipes da Secretaria Municipal de Obras est\u00e3o trabalhando em melhorias na pavimenta\u00e7\u00e3o da Avenida Carlos Gomes, na regi\u00e3o central de Foz do Igua\u00e7u.&nbsp; Est\u00e3o sendo feitos, atualmente, a limpeza da via, fresagem e o recape asf\u00e1ltico. O trecho entre a Rua [&hellip;]<\/p>\n","protected":false},"author":2,"featured_media":6831,"comment_status":"open","ping_status":"open","sticky":false,"template":"","format":"standard","meta":{"om_disable_all_campaigns":false,"_monsterinsights_skip_tracking":false,"_monsterinsights_sitenote_active":false,"_monsterinsights_sitenote_note":"","_monsterinsights_sitenote_category":0,"footnotes":""},"categories":[4,14],"tags":[],"class_list":["post-6830","post","type-post","status-publish","format-standard","has-post-thumbnail","hentry","category-cidade","category-obras"],"_links":{"self":[{"href":"https:\/\/acontecenafronteira.com.br\/index.php\/wp-json\/wp\/v2\/posts\/6830","targetHints":{"allow":["GET"]}}],"collection":[{"href":"https:\/\/acontecenafronteira.com.br\/index.php\/wp-json\/wp\/v2\/posts"}],"about":[{"href":"https:\/\/acontecenafronteira.com.br\/index.php\/wp-json\/wp\/v2\/types\/post"}],"author":[{"embeddable":true,"href":"https:\/\/acontecenafronteira.com.br\/index.php\/wp-json\/wp\/v2\/users\/2"}],"replies":[{"embeddable":true,"href":"https:\/\/acontecenafronteira.com.br\/index.php\/wp-json\/wp\/v2\/comments?post=6830"}],"version-history":[{"count":1,"href":"https:\/\/acontecenafronteira.com.br\/index.php\/wp-json\/wp\/v2\/posts\/6830\/revisions"}],"predecessor-version":[{"id":6832,"href":"https:\/\/acontecenafronteira.com.br\/index.php\/wp-json\/wp\/v2\/posts\/6830\/revisions\/6832"}],"wp:featuredmedia":[{"embeddable":true,"href":"https:\/\/acontecenafronteira.com.br\/index.php\/wp-json\/wp\/v2\/media\/6831"}],"wp:attachment":[{"href":"https:\/\/acontecenafronteira.com.br\/index.php\/wp-json\/wp\/v2\/media?parent=6830"}],"wp:term":[{"taxonomy":"category","embeddable":true,"href":"https:\/\/acontecenafronteira.com.br\/index.php\/wp-json\/wp\/v2\/categories?post=6830"},{"taxonomy":"post_tag","embeddable":true,"href":"https:\/\/acontecenafronteira.com.br\/index.php\/wp-json\/wp\/v2\/tags?post=6830"}],"curies":[{"name":"wp","href":"https:\/\/api.w.org\/{rel}","templated":true}]}}