{"id":6809,"date":"2022-03-08T12:36:41","date_gmt":"2022-03-08T15:36:41","guid":{"rendered":"https:\/\/acontecenafronteira.com.br\/?p=6809"},"modified":"2022-03-08T12:36:41","modified_gmt":"2022-03-08T15:36:41","slug":"obras-na-avenida-olimpio-rafagnin-ja-tem-duas-etapas-concluidas","status":"publish","type":"post","link":"https:\/\/acontecenafronteira.com.br\/index.php\/2022\/03\/08\/obras-na-avenida-olimpio-rafagnin-ja-tem-duas-etapas-concluidas\/","title":{"rendered":"Obras na Avenida Ol\u00edmpio Rafagnin j\u00e1 t\u00eam duas etapas conclu\u00eddas"},"content":{"rendered":"\n<p>Com cerca de 7km de extens\u00e3o, obra \u00e9 uma das mais complexas em execu\u00e7\u00e3o no munic\u00edpio<\/p>\n\n\n\n<p>Quem passa pela marginal da BR-277, na entrada de Foz do Igua\u00e7u, se depara com as sinaliza\u00e7\u00f5es na Avenida Ol\u00edmpio Rafagnin. Em toda a extens\u00e3o da avenida, m\u00e1quinas e trabalhadores seguem em ritmo acelerado, e j\u00e1 d\u00e3o in\u00edcio \u00e0 terceira fase dos trabalhos &#8211; dividido em quatro etapas.&nbsp;<br><br>Com cerca de 7 quil\u00f4metros de extens\u00e3o, a obra \u00e9 considerada uma das mais complexas em execu\u00e7\u00e3o no munic\u00edpio, e muito aguardada por moradores e comerciantes da regi\u00e3o.&nbsp;<br><br><strong>Etapas<\/strong><br><br>A obra est\u00e1 sendo feita por etapas, conforme previsto no edital. J\u00e1 foram conclu\u00eddas as duas primeiras etapas com os servi\u00e7os de drenagem e instala\u00e7\u00e3o do solo mole. Em seguida, ser\u00e1 iniciada a terceira fase com a execu\u00e7\u00e3o de bases e sub-bases.&nbsp;<br><br>Na quarta fase, o trabalho ser\u00e1 de pavimenta\u00e7\u00e3o e na \u00faltima etapa o servi\u00e7o de paisagismo.&nbsp;<br><br>Entre os servi\u00e7os previstos na Ol\u00edmpio Rafagnin est\u00e3o a recomposi\u00e7\u00e3o de meio-fios, cal\u00e7adas, ciclovias, galerias pluviais, pontos de \u00f4nibus, sinaliza\u00e7\u00e3o vi\u00e1ria, paisagismo, a remo\u00e7\u00e3o do antigo pavimento e a execu\u00e7\u00e3o de novas bases e sub-bases da via.&nbsp;<br><br><strong>Investimentos<\/strong><br><br>As obras na Ol\u00edmpio Rafagnin s\u00e3o resultado de um investimento superior a R$8 milh\u00f5es, obtido a partir de um financiamento da Caixa Econ\u00f4mica Federal, e que ser\u00e1 pago pelo Munic\u00edpio.<\/p>\n\n\n\n<p>A previs\u00e3o \u00e9 que os trabalhos sejam conclu\u00eddos em junho deste ano, respeitando o cronograma previsto no edital do processo licitat\u00f3rio.&nbsp;<\/p>\n\n\n\n<p><br><strong>Hist\u00f3rico<\/strong><br><br>Os trabalhos na Ol\u00edmpio Rafagnin estavam paralisados desde 2016, quando a Pol\u00edcia Federal atrav\u00e9s da Opera\u00e7\u00e3o Pec\u00falio identificou irregularidades na execu\u00e7\u00e3o das obras. Ap\u00f3s um amplo trabalho da Justi\u00e7a Federal, Minist\u00e9rio P\u00fablico Federal (MPF) e tamb\u00e9m da Caixa Econ\u00f4mica Federal (CEF), a Prefeitura de Foz do Igua\u00e7u recebeu autoriza\u00e7\u00e3o e licitou novamente em 2021 os trabalhos na avenida.<br><br>A Secretaria Municipal de Obras, no entanto, precisou refazer o projeto, com nova sondagem e estudos de topografia, para garantir que os trabalhos atendam \u00e0s necessidades de tr\u00e1fego e dos moradores da regi\u00e3o<\/p>\n","protected":false},"excerpt":{"rendered":"<p>Com cerca de 7km de extens\u00e3o, obra \u00e9 uma das mais complexas em execu\u00e7\u00e3o no munic\u00edpio Quem passa pela marginal da BR-277, na entrada de Foz do Igua\u00e7u, se depara com as sinaliza\u00e7\u00f5es na Avenida Ol\u00edmpio Rafagnin. Em toda a extens\u00e3o da avenida, m\u00e1quinas e trabalhadores seguem em ritmo acelerado, e j\u00e1 d\u00e3o in\u00edcio \u00e0 [&hellip;]<\/p>\n","protected":false},"author":2,"featured_media":6811,"comment_status":"open","ping_status":"open","sticky":false,"template":"","format":"standard","meta":{"om_disable_all_campaigns":false,"_monsterinsights_skip_tracking":false,"_monsterinsights_sitenote_active":false,"_monsterinsights_sitenote_note":"","_monsterinsights_sitenote_category":0,"footnotes":""},"categories":[4,14],"tags":[],"class_list":["post-6809","post","type-post","status-publish","format-standard","has-post-thumbnail","hentry","category-cidade","category-obras"],"_links":{"self":[{"href":"https:\/\/acontecenafronteira.com.br\/index.php\/wp-json\/wp\/v2\/posts\/6809","targetHints":{"allow":["GET"]}}],"collection":[{"href":"https:\/\/acontecenafronteira.com.br\/index.php\/wp-json\/wp\/v2\/posts"}],"about":[{"href":"https:\/\/acontecenafronteira.com.br\/index.php\/wp-json\/wp\/v2\/types\/post"}],"author":[{"embeddable":true,"href":"https:\/\/acontecenafronteira.com.br\/index.php\/wp-json\/wp\/v2\/users\/2"}],"replies":[{"embeddable":true,"href":"https:\/\/acontecenafronteira.com.br\/index.php\/wp-json\/wp\/v2\/comments?post=6809"}],"version-history":[{"count":1,"href":"https:\/\/acontecenafronteira.com.br\/index.php\/wp-json\/wp\/v2\/posts\/6809\/revisions"}],"predecessor-version":[{"id":6812,"href":"https:\/\/acontecenafronteira.com.br\/index.php\/wp-json\/wp\/v2\/posts\/6809\/revisions\/6812"}],"wp:featuredmedia":[{"embeddable":true,"href":"https:\/\/acontecenafronteira.com.br\/index.php\/wp-json\/wp\/v2\/media\/6811"}],"wp:attachment":[{"href":"https:\/\/acontecenafronteira.com.br\/index.php\/wp-json\/wp\/v2\/media?parent=6809"}],"wp:term":[{"taxonomy":"category","embeddable":true,"href":"https:\/\/acontecenafronteira.com.br\/index.php\/wp-json\/wp\/v2\/categories?post=6809"},{"taxonomy":"post_tag","embeddable":true,"href":"https:\/\/acontecenafronteira.com.br\/index.php\/wp-json\/wp\/v2\/tags?post=6809"}],"curies":[{"name":"wp","href":"https:\/\/api.w.org\/{rel}","templated":true}]}}