{"id":6805,"date":"2022-03-08T12:34:34","date_gmt":"2022-03-08T15:34:34","guid":{"rendered":"https:\/\/acontecenafronteira.com.br\/?p=6805"},"modified":"2022-03-08T12:35:03","modified_gmt":"2022-03-08T15:35:03","slug":"vice-articula-um-suspeito-golpe-contra-prefeito-de-foz-do-iguacu","status":"publish","type":"post","link":"https:\/\/acontecenafronteira.com.br\/index.php\/2022\/03\/08\/vice-articula-um-suspeito-golpe-contra-prefeito-de-foz-do-iguacu\/","title":{"rendered":"Vice articula um suspeito golpe contra prefeito de Foz do Igua\u00e7u?"},"content":{"rendered":"\n<p>Uma s\u00e9rie de cinco \u00e1udios que o Impacto teve acesso e mostra uma suspeita arma\u00e7\u00e3o que pode fazer parte o Delegado Francisco Sampaio (PSD), atual vice-prefeito de Foz do Igua\u00e7u, e que estaria numa articula\u00e7\u00e3o para tirar o prefeito Chico Brasileiro (PSD) do comando do Munic\u00edpio.<\/p>\n\n\n\n<p>Em um dos \u00e1udios, o motivo \u00e9 bem claro. <\/p>\n\n\n\n<blockquote class=\"wp-block-quote is-layout-flow wp-block-quote-is-layout-flow\"><p><em>\u201cTudo bem, meu querido, deixa eu perguntar uma coisa? N\u00f3s estamos numa luta ferrenha para derrubar o Chico. E t\u00e2mo (como &nbsp;doutor Francisco, delegado, que \u00e9 aliado. Voc\u00ea quer entrar nessa empreitada junto com a gente? Da\u00ed, vamos todo mundo para a prefeitura. E dai, o doutor Francisco assume\u201d, disse o golpista a um interlocutor.<\/em><\/p><\/blockquote>\n\n\n\n<p>O interlocutor da mensagem deu corda ao suspeito golpista que detalhou o plano. <\/p>\n\n\n\n<blockquote class=\"wp-block-quote is-layout-flow wp-block-quote-is-layout-flow\"><p><em>\u201cA&nbsp;reuni\u00e3o que n\u00f3s fizemos foi na sala do delegado Francisco, e eu t\u00f4 articulando outra grande, inclusive com um ex- pol\u00edtico tal de T\u00e9rcio que vai vir de Curitiba, entendeu? A\u00ed j\u00e1 tem alguns policiais, advogados, tem dois advogados e dois policiais, aquele guarda municipal que foi barrado de trabalhar. Mas se eu descobrir, se voc\u00ea descobrir quem \u00e9 esse grupo, a\u00ed vamos somar. Vamos se unir a eles, quanto mais gente de influ\u00eancia e com conhecimento de causa melhor n\u00e9?\u201d.<\/em><\/p><\/blockquote>\n\n\n\n<blockquote class=\"wp-block-quote is-layout-flow wp-block-quote-is-layout-flow\"><p><em>\u201cEa\u00ed vou te falar, j\u00e1 tem vereador mudando de lado, por que claro, os caras querem reelei\u00e7\u00e3o ou ir para deputado, ent\u00e3o quando o navio come\u00e7a a afundar o primeiro que deixa a bordo \u00e9 o rato, desce pela corda, desce pela corrente, pula na \u00e1gua\u201d, diz outro \u00e1udio.<\/em><\/p><\/blockquote>\n\n\n\n<p>O vice-prefeito passou a ter diferen\u00e7as com o prefeito quando assumiu a interinidade da prefeitura em janeiro e passou a liderar o movimento antivacina. Por falta de gasolina e multas, devolveu o carro oficial que usava para visitar os bairros \u2013 para alguns, j\u00e1 em campanha para deputado. Para completar estas animosidades , o vice-prefeito tamb\u00e9m teve dois assessores exonerados, um cuidava da sua agenda e outro, das redes sociais.<\/p>\n\n\n\n<p>Pelo jeito, o vice-prefeito e os golpistas est\u00e3o de olho nos cargos da prefeitura de Foz do Igua\u00e7u. Por enquanto tudo parece que as coisas s\u00e3o bem suspeitas.<\/p>\n\n\n\n<p>Na foto a lembran\u00e7a dos bons tempos da parceria Chico e Delegado Francisco na campanha.<\/p>\n\n\n\n<p>Via Impacto PR<\/p>\n","protected":false},"excerpt":{"rendered":"<p>Uma s\u00e9rie de cinco \u00e1udios que o Impacto teve acesso e mostra uma suspeita arma\u00e7\u00e3o que pode fazer parte o Delegado Francisco Sampaio (PSD), atual vice-prefeito de Foz do Igua\u00e7u, e que estaria numa articula\u00e7\u00e3o para tirar o prefeito Chico Brasileiro (PSD) do comando do Munic\u00edpio. Em um dos \u00e1udios, o motivo \u00e9 bem claro. [&hellip;]<\/p>\n","protected":false},"author":2,"featured_media":6806,"comment_status":"open","ping_status":"open","sticky":false,"template":"","format":"standard","meta":{"om_disable_all_campaigns":false,"_monsterinsights_skip_tracking":false,"_monsterinsights_sitenote_active":false,"_monsterinsights_sitenote_note":"","_monsterinsights_sitenote_category":0,"footnotes":""},"categories":[4],"tags":[],"class_list":["post-6805","post","type-post","status-publish","format-standard","has-post-thumbnail","hentry","category-cidade"],"_links":{"self":[{"href":"https:\/\/acontecenafronteira.com.br\/index.php\/wp-json\/wp\/v2\/posts\/6805","targetHints":{"allow":["GET"]}}],"collection":[{"href":"https:\/\/acontecenafronteira.com.br\/index.php\/wp-json\/wp\/v2\/posts"}],"about":[{"href":"https:\/\/acontecenafronteira.com.br\/index.php\/wp-json\/wp\/v2\/types\/post"}],"author":[{"embeddable":true,"href":"https:\/\/acontecenafronteira.com.br\/index.php\/wp-json\/wp\/v2\/users\/2"}],"replies":[{"embeddable":true,"href":"https:\/\/acontecenafronteira.com.br\/index.php\/wp-json\/wp\/v2\/comments?post=6805"}],"version-history":[{"count":2,"href":"https:\/\/acontecenafronteira.com.br\/index.php\/wp-json\/wp\/v2\/posts\/6805\/revisions"}],"predecessor-version":[{"id":6808,"href":"https:\/\/acontecenafronteira.com.br\/index.php\/wp-json\/wp\/v2\/posts\/6805\/revisions\/6808"}],"wp:featuredmedia":[{"embeddable":true,"href":"https:\/\/acontecenafronteira.com.br\/index.php\/wp-json\/wp\/v2\/media\/6806"}],"wp:attachment":[{"href":"https:\/\/acontecenafronteira.com.br\/index.php\/wp-json\/wp\/v2\/media?parent=6805"}],"wp:term":[{"taxonomy":"category","embeddable":true,"href":"https:\/\/acontecenafronteira.com.br\/index.php\/wp-json\/wp\/v2\/categories?post=6805"},{"taxonomy":"post_tag","embeddable":true,"href":"https:\/\/acontecenafronteira.com.br\/index.php\/wp-json\/wp\/v2\/tags?post=6805"}],"curies":[{"name":"wp","href":"https:\/\/api.w.org\/{rel}","templated":true}]}}