{"id":6717,"date":"2022-03-04T12:53:48","date_gmt":"2022-03-04T15:53:48","guid":{"rendered":"https:\/\/acontecenafronteira.com.br\/?p=6717"},"modified":"2022-03-04T12:53:48","modified_gmt":"2022-03-04T15:53:48","slug":"boletim-04-03-2022-foz-registra-110-novos-casos-de-coronavirus-em-24-horas","status":"publish","type":"post","link":"https:\/\/acontecenafronteira.com.br\/index.php\/2022\/03\/04\/boletim-04-03-2022-foz-registra-110-novos-casos-de-coronavirus-em-24-horas\/","title":{"rendered":"Boletim 04\/03\/2022: Foz registra 110 novos casos de Coronav\u00edrus em 24 horas"},"content":{"rendered":"\n<p>A Vigil\u00e2ncia Epidemiol\u00f3gica de Foz do Igua\u00e7u confirma na data de hoje, 04\/03\/2022, 110 casos de covid-19. No total, s\u00e3o 72.461 casos da doen\u00e7a no munic\u00edpio desde o in\u00edcio da pandemia. Destes, 70.947 pessoas j\u00e1 est\u00e3o recuperadas.<\/p>\n\n\n\n<p>Dos 110 novos casos, 62 s\u00e3o mulheres e 48 homens, com idades entre 11 meses e 73 anos. Todos est\u00e3o em isolamento domiciliar.<\/p>\n\n\n\n<p>Do total de casos ativos, 236 pessoas est\u00e3o em isolamento domiciliar, com sinais e sintomas leves, e 39 est\u00e3o internadas.<\/p>\n\n\n\n<p>\u00d3bitos<\/p>\n\n\n\n<p>Foz do Igua\u00e7u n\u00e3o registrou \u00f3bitos em consequ\u00eancia da covid-19 nas \u00faltimas 24 horas. No total, s\u00e3o 1.239 mortes pela doen\u00e7a no munic\u00edpio desde o in\u00edcio da pandemia.<\/p>\n\n\n\n<div class=\"wp-block-file\"><a href=\"blob:https:\/\/acontecenafronteira.com.br\/539e3dc0-40fd-4805-8b23-b6eb207121a0\" class=\"wp-block-file__button\" download aria-describedby=\"wp-block-file--media-61419964-c69b-4e7f-bd23-4b3d61e14475\">Baixar<\/a><\/div>\n\n\n\n<p><\/p>\n","protected":false},"excerpt":{"rendered":"<p>A Vigil\u00e2ncia Epidemiol\u00f3gica de Foz do Igua\u00e7u confirma na data de hoje, 04\/03\/2022, 110 casos de covid-19. No total, s\u00e3o 72.461 casos da doen\u00e7a no munic\u00edpio desde o in\u00edcio da pandemia. Destes, 70.947 pessoas j\u00e1 est\u00e3o recuperadas. Dos 110 novos casos, 62 s\u00e3o mulheres e 48 homens, com idades entre 11 meses e 73 anos. [&hellip;]<\/p>\n","protected":false},"author":2,"featured_media":6719,"comment_status":"open","ping_status":"open","sticky":false,"template":"","format":"standard","meta":{"om_disable_all_campaigns":false,"_monsterinsights_skip_tracking":false,"_monsterinsights_sitenote_active":false,"_monsterinsights_sitenote_note":"","_monsterinsights_sitenote_category":0,"footnotes":""},"categories":[4,7],"tags":[],"class_list":["post-6717","post","type-post","status-publish","format-standard","has-post-thumbnail","hentry","category-cidade","category-covid-19"],"_links":{"self":[{"href":"https:\/\/acontecenafronteira.com.br\/index.php\/wp-json\/wp\/v2\/posts\/6717","targetHints":{"allow":["GET"]}}],"collection":[{"href":"https:\/\/acontecenafronteira.com.br\/index.php\/wp-json\/wp\/v2\/posts"}],"about":[{"href":"https:\/\/acontecenafronteira.com.br\/index.php\/wp-json\/wp\/v2\/types\/post"}],"author":[{"embeddable":true,"href":"https:\/\/acontecenafronteira.com.br\/index.php\/wp-json\/wp\/v2\/users\/2"}],"replies":[{"embeddable":true,"href":"https:\/\/acontecenafronteira.com.br\/index.php\/wp-json\/wp\/v2\/comments?post=6717"}],"version-history":[{"count":1,"href":"https:\/\/acontecenafronteira.com.br\/index.php\/wp-json\/wp\/v2\/posts\/6717\/revisions"}],"predecessor-version":[{"id":6720,"href":"https:\/\/acontecenafronteira.com.br\/index.php\/wp-json\/wp\/v2\/posts\/6717\/revisions\/6720"}],"wp:featuredmedia":[{"embeddable":true,"href":"https:\/\/acontecenafronteira.com.br\/index.php\/wp-json\/wp\/v2\/media\/6719"}],"wp:attachment":[{"href":"https:\/\/acontecenafronteira.com.br\/index.php\/wp-json\/wp\/v2\/media?parent=6717"}],"wp:term":[{"taxonomy":"category","embeddable":true,"href":"https:\/\/acontecenafronteira.com.br\/index.php\/wp-json\/wp\/v2\/categories?post=6717"},{"taxonomy":"post_tag","embeddable":true,"href":"https:\/\/acontecenafronteira.com.br\/index.php\/wp-json\/wp\/v2\/tags?post=6717"}],"curies":[{"name":"wp","href":"https:\/\/api.w.org\/{rel}","templated":true}]}}