{"id":6708,"date":"2022-03-04T10:40:35","date_gmt":"2022-03-04T13:40:35","guid":{"rendered":"https:\/\/acontecenafronteira.com.br\/?p=6708"},"modified":"2022-03-04T10:40:35","modified_gmt":"2022-03-04T13:40:35","slug":"procon-de-foz-do-iguacu-realiza-mutirao-on-line-de-renegociacao-de-dividas-2","status":"publish","type":"post","link":"https:\/\/acontecenafronteira.com.br\/index.php\/2022\/03\/04\/procon-de-foz-do-iguacu-realiza-mutirao-on-line-de-renegociacao-de-dividas-2\/","title":{"rendered":"Procon de Foz do Igua\u00e7u realiza mutir\u00e3o on-line de renegocia\u00e7\u00e3o de d\u00edvidas"},"content":{"rendered":"\n<p>Mais de 160 bancos e financeiras participam da a\u00e7\u00e3o, entre os dias 7 e 31 de mar\u00e7o<\/p>\n\n\n\n<p>O Procon de Foz do Igua\u00e7u, vinculado \u00e0 Prefeitura Municipal, realiza entre os dias 7 e 31 de mar\u00e7o um mutir\u00e3o on-line de renegocia\u00e7\u00e3o de d\u00edvidas.<\/p>\n\n\n\n<p>A a\u00e7\u00e3o \u00e9 uma iniciativa conjunta do Procon de Foz, Procon-PR, Banco Central, Secretaria Nacional do Consumidor, Febraban e Associa\u00e7\u00e3o Brasileira de Procons \u2013 PROCONSBRASIL, e acontecer\u00e1 exclusivamente pela internet, atrav\u00e9s da plataforma de solu\u00e7\u00e3o de conflitos www.consumidor.gov.br.<\/p>\n\n\n\n<p>De acordo com a gerente do Procon de Foz do Igua\u00e7u, Claudin\u00e9ia Raposo Pliacekos, \u201ceste mutir\u00e3o pela internet vai facilitar a vida do cidad\u00e3o, que vai poder negociar suas d\u00edvidas e obter bons descontos e seguir com sua vida mais tranquila\u201d.<\/p>\n\n\n\n<p>Para participar do mutir\u00e3o on-line, basta o consumidor fazer o seu registro na plataforma www.consumidor.gov.br, quando receber\u00e1 um login e senha. A partir de ent\u00e3o, o consumidor far\u00e1 o relato do seu problema, devendo informar que deseja participar do mutir\u00e3o de renegocia\u00e7\u00e3o de d\u00e9bitos. Ap\u00f3s finalizar o registro, o banco ou a institui\u00e7\u00e3o financeira tem o prazo de 10 dias para apresentar uma proposta ou resposta para o consumidor.<\/p>\n\n\n\n<p>No momento do preenchimento do registro, \u00e9 importante que o consumidor informe corretamente seus telefones e e-mail para contato, pois esses dados facilitar\u00e3o o atendimento por parte dos fornecedores participantes.<\/p>\n\n\n\n<p>Terminado o prazo para resposta do fornecedor, o consumidor tem o prazo de 20 dias para avaliar o retorno dado.<\/p>\n","protected":false},"excerpt":{"rendered":"<p>Mais de 160 bancos e financeiras participam da a\u00e7\u00e3o, entre os dias 7 e 31 de mar\u00e7o O Procon de Foz do Igua\u00e7u, vinculado \u00e0 Prefeitura Municipal, realiza entre os dias 7 e 31 de mar\u00e7o um mutir\u00e3o on-line de renegocia\u00e7\u00e3o de d\u00edvidas. A a\u00e7\u00e3o \u00e9 uma iniciativa conjunta do Procon de Foz, Procon-PR, Banco [&hellip;]<\/p>\n","protected":false},"author":2,"featured_media":6709,"comment_status":"open","ping_status":"open","sticky":false,"template":"","format":"standard","meta":{"om_disable_all_campaigns":false,"_monsterinsights_skip_tracking":false,"_monsterinsights_sitenote_active":false,"_monsterinsights_sitenote_note":"","_monsterinsights_sitenote_category":0,"footnotes":""},"categories":[4],"tags":[],"class_list":["post-6708","post","type-post","status-publish","format-standard","has-post-thumbnail","hentry","category-cidade"],"_links":{"self":[{"href":"https:\/\/acontecenafronteira.com.br\/index.php\/wp-json\/wp\/v2\/posts\/6708","targetHints":{"allow":["GET"]}}],"collection":[{"href":"https:\/\/acontecenafronteira.com.br\/index.php\/wp-json\/wp\/v2\/posts"}],"about":[{"href":"https:\/\/acontecenafronteira.com.br\/index.php\/wp-json\/wp\/v2\/types\/post"}],"author":[{"embeddable":true,"href":"https:\/\/acontecenafronteira.com.br\/index.php\/wp-json\/wp\/v2\/users\/2"}],"replies":[{"embeddable":true,"href":"https:\/\/acontecenafronteira.com.br\/index.php\/wp-json\/wp\/v2\/comments?post=6708"}],"version-history":[{"count":1,"href":"https:\/\/acontecenafronteira.com.br\/index.php\/wp-json\/wp\/v2\/posts\/6708\/revisions"}],"predecessor-version":[{"id":6710,"href":"https:\/\/acontecenafronteira.com.br\/index.php\/wp-json\/wp\/v2\/posts\/6708\/revisions\/6710"}],"wp:featuredmedia":[{"embeddable":true,"href":"https:\/\/acontecenafronteira.com.br\/index.php\/wp-json\/wp\/v2\/media\/6709"}],"wp:attachment":[{"href":"https:\/\/acontecenafronteira.com.br\/index.php\/wp-json\/wp\/v2\/media?parent=6708"}],"wp:term":[{"taxonomy":"category","embeddable":true,"href":"https:\/\/acontecenafronteira.com.br\/index.php\/wp-json\/wp\/v2\/categories?post=6708"},{"taxonomy":"post_tag","embeddable":true,"href":"https:\/\/acontecenafronteira.com.br\/index.php\/wp-json\/wp\/v2\/tags?post=6708"}],"curies":[{"name":"wp","href":"https:\/\/api.w.org\/{rel}","templated":true}]}}