{"id":6701,"date":"2022-03-03T18:16:06","date_gmt":"2022-03-03T21:16:06","guid":{"rendered":"https:\/\/acontecenafronteira.com.br\/?p=6701"},"modified":"2022-03-03T18:16:07","modified_gmt":"2022-03-03T21:16:07","slug":"boletim-03-03-2022-foz-registra-62-novos-casos-de-coronavirus-em-24-horas","status":"publish","type":"post","link":"https:\/\/acontecenafronteira.com.br\/index.php\/2022\/03\/03\/boletim-03-03-2022-foz-registra-62-novos-casos-de-coronavirus-em-24-horas\/","title":{"rendered":"Boletim 03\/03\/2022: Foz registra 62 novos casos de Coronav\u00edrus em 24 horas"},"content":{"rendered":"\n<p>A Vigil\u00e2ncia Epidemiol\u00f3gica de Foz do Igua\u00e7u confirma na data de hoje, 01\/03\/2022, 62 casos de covid-19. No total, s\u00e3o 72.351 casos da doen\u00e7a no munic\u00edpio desde o in\u00edcio da pandemia. Destes, 70.819 pessoas j\u00e1 est\u00e3o recuperadas.<\/p>\n\n\n\n<p>Dos 62 novos casos, 32 s\u00e3o mulheres e 30 homens, com idades entre 01 e 86 anos. Entre eles, 01 est\u00e1 internado e 61 encontram-se em isolamento domiciliar.<\/p>\n\n\n\n<p>Do total de casos ativos, 246 pessoas est\u00e3o em isolamento domiciliar, com sinais e sintomas leves, e 47 est\u00e3o internadas.<\/p>\n\n\n\n<p><strong>\u00d3bitos<\/strong><\/p>\n\n\n\n<p>Foz do Igua\u00e7u n\u00e3o registrou \u00f3bitos em consequ\u00eancia da covid-19 nas \u00faltimas 24 horas. No total, s\u00e3o 1.239 mortes pela doen\u00e7a no munic\u00edpio desde o in\u00edcio da pandemia.<\/p>\n\n\n\n<div class=\"wp-block-file\"><a href=\"blob:https:\/\/acontecenafronteira.com.br\/aee645de-a9bb-4c83-91a2-1cff875189e9\" class=\"wp-block-file__button\" download aria-describedby=\"wp-block-file--media-df793d31-0c09-4ae8-a437-a54b4586ffe7\">Baixar<\/a><\/div>\n\n\n\n<p><\/p>\n","protected":false},"excerpt":{"rendered":"<p>A Vigil\u00e2ncia Epidemiol\u00f3gica de Foz do Igua\u00e7u confirma na data de hoje, 01\/03\/2022, 62 casos de covid-19. No total, s\u00e3o 72.351 casos da doen\u00e7a no munic\u00edpio desde o in\u00edcio da pandemia. Destes, 70.819 pessoas j\u00e1 est\u00e3o recuperadas. Dos 62 novos casos, 32 s\u00e3o mulheres e 30 homens, com idades entre 01 e 86 anos. Entre [&hellip;]<\/p>\n","protected":false},"author":2,"featured_media":6702,"comment_status":"open","ping_status":"open","sticky":false,"template":"","format":"standard","meta":{"om_disable_all_campaigns":false,"_monsterinsights_skip_tracking":false,"_monsterinsights_sitenote_active":false,"_monsterinsights_sitenote_note":"","_monsterinsights_sitenote_category":0,"footnotes":""},"categories":[4,7],"tags":[],"class_list":["post-6701","post","type-post","status-publish","format-standard","has-post-thumbnail","hentry","category-cidade","category-covid-19"],"_links":{"self":[{"href":"https:\/\/acontecenafronteira.com.br\/index.php\/wp-json\/wp\/v2\/posts\/6701","targetHints":{"allow":["GET"]}}],"collection":[{"href":"https:\/\/acontecenafronteira.com.br\/index.php\/wp-json\/wp\/v2\/posts"}],"about":[{"href":"https:\/\/acontecenafronteira.com.br\/index.php\/wp-json\/wp\/v2\/types\/post"}],"author":[{"embeddable":true,"href":"https:\/\/acontecenafronteira.com.br\/index.php\/wp-json\/wp\/v2\/users\/2"}],"replies":[{"embeddable":true,"href":"https:\/\/acontecenafronteira.com.br\/index.php\/wp-json\/wp\/v2\/comments?post=6701"}],"version-history":[{"count":1,"href":"https:\/\/acontecenafronteira.com.br\/index.php\/wp-json\/wp\/v2\/posts\/6701\/revisions"}],"predecessor-version":[{"id":6703,"href":"https:\/\/acontecenafronteira.com.br\/index.php\/wp-json\/wp\/v2\/posts\/6701\/revisions\/6703"}],"wp:featuredmedia":[{"embeddable":true,"href":"https:\/\/acontecenafronteira.com.br\/index.php\/wp-json\/wp\/v2\/media\/6702"}],"wp:attachment":[{"href":"https:\/\/acontecenafronteira.com.br\/index.php\/wp-json\/wp\/v2\/media?parent=6701"}],"wp:term":[{"taxonomy":"category","embeddable":true,"href":"https:\/\/acontecenafronteira.com.br\/index.php\/wp-json\/wp\/v2\/categories?post=6701"},{"taxonomy":"post_tag","embeddable":true,"href":"https:\/\/acontecenafronteira.com.br\/index.php\/wp-json\/wp\/v2\/tags?post=6701"}],"curies":[{"name":"wp","href":"https:\/\/api.w.org\/{rel}","templated":true}]}}