{"id":6626,"date":"2022-03-03T09:41:53","date_gmt":"2022-03-03T12:41:53","guid":{"rendered":"https:\/\/acontecenafronteira.com.br\/?p=6626"},"modified":"2022-03-03T09:41:53","modified_gmt":"2022-03-03T12:41:53","slug":"mais-verao-marca-fim-de-semana-com-esporte-e-diversao-em-foz-do-iguacu","status":"publish","type":"post","link":"https:\/\/acontecenafronteira.com.br\/index.php\/2022\/03\/03\/mais-verao-marca-fim-de-semana-com-esporte-e-diversao-em-foz-do-iguacu\/","title":{"rendered":"Mais Ver\u00e3o marca fim de semana com esporte e divers\u00e3o em Foz do Igua\u00e7u"},"content":{"rendered":"\n<p>Moradores da cidade e visitantes aproveitam estruturas da prainha e gin\u00e1sio para competi\u00e7\u00f5es que mostram o potencial de Foz para abrigar eventos esportivos<\/p>\n\n\n\n<p><em>Foto: Christian Rizzi\/PMFI.<\/em><br><br>Para sair do munic\u00edpio de Entre Rios do Oeste e chegar at\u00e9 Foz do Igua\u00e7u, a equipe de handbeach de M\u00e1rio Cezar precisou pegar a estrada \u00e0s 6h. Mas acordar cedo em um domingo n\u00e3o atrapalhou em nada a disposi\u00e7\u00e3o dos atletas que vieram disputar o Mais Ver\u00e3o, competi\u00e7\u00e3o realizada neste fim de semana que reuniu diversos atletas em jogos especiais para a esta\u00e7\u00e3o.\u00a0\u00a0<br><br>\u201cN\u00f3s percebemos como o pessoal da organiza\u00e7\u00e3o se dedica para realizar um evento bacana, onde podemos competir e conhecer novos lugares. \u00c9 sempre muito divertido e uma maneira de reunir os amigos para curtirmos juntos\u201d, contou M\u00e1rio.\u00a0\u00a0<br><br>Os jogos foram realizados no s\u00e1bado (26) e domingo (27), no Terminal Tur\u00edstico de Tr\u00eas Lagoas (prainha) e no Gin\u00e1sio Costa Cavalcanti. Foram cerca de 300 atletas da regi\u00e3o, al\u00e9m de competidores vindos do Paraguai e Argentina.\u00a0<br><br>O evento \u00e9 uma parceria do Conselho de Desenvolvimento dos Munic\u00edpios Lindeiros ao Lago de Itaipu, Itaipu Binacional e, nesta etapa, contou com o apoio da Prefeitura de Foz do Igua\u00e7u, por meio da Secretaria Municipal de Esporte e Lazer.\u00a0\u00a0<br><br>\u201cOs equipamentos que temos est\u00e3o em \u00f3timo estado e por isso ajudamos nessa realiza\u00e7\u00e3o, que aumenta o n\u00famero de visitantes no munic\u00edpio e mostra para a popula\u00e7\u00e3o que temos espa\u00e7os abertos para a pr\u00e1tica do esporte. \u00c9 um atrativo que nos valoriza ainda mais\u201d, disse o secret\u00e1rio da pasta, Ant\u00f4nio Sapia.\u00a0<br><br><strong>Divers\u00e3o para quem assiste\u00a0\u00a0<\/strong><br><br>Mesmo sem disputar nenhum esporte, Marcos Roberto veio com o time de Cascavel como membro da torcida. Al\u00e9m de vibrar, aproveitou ainda para relaxar com a paisagem do Lago de Itaipu.<br><br>\u201cCome\u00e7ar o feriad\u00e3o com um programa assim n\u00e3o tem pre\u00e7o, ent\u00e3o n\u00f3s embarcamos juntos. \u00c9 uma divers\u00e3o para todos n\u00f3s, com um ambiente que ajuda. Com certeza vou querer voltar mais vezes porque gostei demais do que vi aqui\u201d, disse.\u00a0<br><br>Deyvid de Almeida \u00e9 morador de Foz e foi at\u00e9 a prainha torcer pelos amigos que jogaram pelo time da cidade. Apesar da proximidade, n\u00e3o frequentava o local com frequ\u00eancia, por esse motivo elogiou o que viu.\u00a0<br><br>\u201cJ\u00e1 deve ter passado quase seis anos desde a minha \u00faltima vinda aqui. Est\u00e1 tudo muito bem cuidado, ainda mais com um evento como esse que melhora ainda mais a imagem de Foz\u201d, garantiu o morador.\u00a0<br><br><strong>Atletas preparados<br><\/strong><br>O grande n\u00edvel dos jogos mostrou que os atletas que disputaram o Mais Ver\u00e3o n\u00e3o apenas os chamados \u201catletas de fim de semana\u201d. Cada time realiza treinamentos e prepara\u00e7\u00f5es durante todo o ano para disputar os campeonatos organizados.\u00a0<br><br>\u00c9 o caso, por exemplo, pelo time de handbeach de Foz. O t\u00e9cnico Luciano Camargo conta que a prepara\u00e7\u00e3o come\u00e7ou em dezembro. O Mais Ver\u00e3o serviu para mostrar o potencial do time que deve disputar os Jogos Abertos, Jogos da Juventude e circuito paranaense.\u00a0<br><br>\u201cTudo \u00e9 levado muito a s\u00e9rio por n\u00f3s, mas sem deixar de aproveitar. Treinamos, mantemos o foco e disciplina e conseguimos ainda reunir amigos para passar um domingo agrad\u00e1vel\u201d, diz.\u00a0<br><br>Com o time de Entre Rios do Oeste, o trabalho tamb\u00e9m \u00e9 completo \u2013 sendo, inclusive, com times de base, com atletas formados em um projeto municipal.\u00a0<br><br>\u201cTemos um projeto que ensina a modalidade, porque hoje as crian\u00e7as precisam ainda mais de um contato com o esporte e bons estilos de vida. Esse apoio \u00e9 muito bom e nos ajuda a alavancar a iniciativa\u201d, frisou a t\u00e9cnica Sheila Weiss.<\/p>\n\n\n\n<figure class=\"wp-block-gallery has-nested-images columns-default is-cropped wp-block-gallery-1 is-layout-flex wp-block-gallery-is-layout-flex\">\n<figure class=\"wp-block-image size-large is-style-default\"><img loading=\"lazy\" decoding=\"async\" width=\"799\" height=\"498\" data-id=\"6628\" src=\"https:\/\/acontecenafronteira.com.br\/wp-content\/uploads\/2022\/03\/WhatsApp-Image-2022-02-28-at-17.57.38.jpeg\" alt=\"\" class=\"wp-image-6628\" srcset=\"https:\/\/acontecenafronteira.com.br\/wp-content\/uploads\/2022\/03\/WhatsApp-Image-2022-02-28-at-17.57.38.jpeg?v=1646311298 799w, https:\/\/acontecenafronteira.com.br\/wp-content\/uploads\/2022\/03\/WhatsApp-Image-2022-02-28-at-17.57.38-300x187.jpeg?v=1646311298 300w, https:\/\/acontecenafronteira.com.br\/wp-content\/uploads\/2022\/03\/WhatsApp-Image-2022-02-28-at-17.57.38-768x479.jpeg?v=1646311298 768w\" sizes=\"auto, (max-width: 799px) 100vw, 799px\" \/><\/figure>\n\n\n\n<figure class=\"wp-block-image size-large is-style-default\"><img loading=\"lazy\" decoding=\"async\" width=\"799\" height=\"569\" data-id=\"6635\" src=\"https:\/\/acontecenafronteira.com.br\/wp-content\/uploads\/2022\/03\/WhatsApp-Image-2022-02-28-at-17.57.22-3.jpeg\" alt=\"\" class=\"wp-image-6635\" srcset=\"https:\/\/acontecenafronteira.com.br\/wp-content\/uploads\/2022\/03\/WhatsApp-Image-2022-02-28-at-17.57.22-3.jpeg?v=1646311311 799w, https:\/\/acontecenafronteira.com.br\/wp-content\/uploads\/2022\/03\/WhatsApp-Image-2022-02-28-at-17.57.22-3-300x214.jpeg?v=1646311311 300w, https:\/\/acontecenafronteira.com.br\/wp-content\/uploads\/2022\/03\/WhatsApp-Image-2022-02-28-at-17.57.22-3-768x547.jpeg?v=1646311311 768w\" sizes=\"auto, (max-width: 799px) 100vw, 799px\" \/><\/figure>\n\n\n\n<figure class=\"wp-block-image size-large is-style-default\"><img loading=\"lazy\" decoding=\"async\" width=\"800\" height=\"511\" data-id=\"6629\" src=\"https:\/\/acontecenafronteira.com.br\/wp-content\/uploads\/2022\/03\/WhatsApp-Image-2022-02-28-at-17.57.22-2.jpeg\" alt=\"\" class=\"wp-image-6629\" srcset=\"https:\/\/acontecenafronteira.com.br\/wp-content\/uploads\/2022\/03\/WhatsApp-Image-2022-02-28-at-17.57.22-2.jpeg?v=1646311302 800w, https:\/\/acontecenafronteira.com.br\/wp-content\/uploads\/2022\/03\/WhatsApp-Image-2022-02-28-at-17.57.22-2-300x192.jpeg?v=1646311302 300w, https:\/\/acontecenafronteira.com.br\/wp-content\/uploads\/2022\/03\/WhatsApp-Image-2022-02-28-at-17.57.22-2-768x491.jpeg?v=1646311302 768w\" sizes=\"auto, (max-width: 800px) 100vw, 800px\" \/><\/figure>\n\n\n\n<figure class=\"wp-block-image size-large is-style-default\"><img loading=\"lazy\" decoding=\"async\" width=\"800\" height=\"562\" data-id=\"6633\" src=\"https:\/\/acontecenafronteira.com.br\/wp-content\/uploads\/2022\/03\/WhatsApp-Image-2022-02-28-at-17.57.22-1.jpeg\" alt=\"\" class=\"wp-image-6633\" srcset=\"https:\/\/acontecenafronteira.com.br\/wp-content\/uploads\/2022\/03\/WhatsApp-Image-2022-02-28-at-17.57.22-1.jpeg?v=1646311310 800w, https:\/\/acontecenafronteira.com.br\/wp-content\/uploads\/2022\/03\/WhatsApp-Image-2022-02-28-at-17.57.22-1-300x211.jpeg?v=1646311310 300w, https:\/\/acontecenafronteira.com.br\/wp-content\/uploads\/2022\/03\/WhatsApp-Image-2022-02-28-at-17.57.22-1-768x540.jpeg?v=1646311310 768w\" sizes=\"auto, (max-width: 800px) 100vw, 800px\" \/><\/figure>\n\n\n\n<figure class=\"wp-block-image size-large is-style-default\"><img loading=\"lazy\" decoding=\"async\" width=\"800\" height=\"536\" data-id=\"6631\" src=\"https:\/\/acontecenafronteira.com.br\/wp-content\/uploads\/2022\/03\/WhatsApp-Image-2022-02-28-at-17.57.22.jpeg\" alt=\"\" class=\"wp-image-6631\" srcset=\"https:\/\/acontecenafronteira.com.br\/wp-content\/uploads\/2022\/03\/WhatsApp-Image-2022-02-28-at-17.57.22.jpeg?v=1646311309 800w, https:\/\/acontecenafronteira.com.br\/wp-content\/uploads\/2022\/03\/WhatsApp-Image-2022-02-28-at-17.57.22-300x201.jpeg?v=1646311309 300w, https:\/\/acontecenafronteira.com.br\/wp-content\/uploads\/2022\/03\/WhatsApp-Image-2022-02-28-at-17.57.22-768x515.jpeg?v=1646311309 768w\" sizes=\"auto, (max-width: 800px) 100vw, 800px\" \/><\/figure>\n\n\n\n<figure class=\"wp-block-image size-large is-style-default\"><img loading=\"lazy\" decoding=\"async\" width=\"800\" height=\"520\" data-id=\"6630\" src=\"https:\/\/acontecenafronteira.com.br\/wp-content\/uploads\/2022\/03\/WhatsApp-Image-2022-02-28-at-17.57.21-2.jpeg\" alt=\"\" class=\"wp-image-6630\" srcset=\"https:\/\/acontecenafronteira.com.br\/wp-content\/uploads\/2022\/03\/WhatsApp-Image-2022-02-28-at-17.57.21-2.jpeg?v=1646311308 800w, https:\/\/acontecenafronteira.com.br\/wp-content\/uploads\/2022\/03\/WhatsApp-Image-2022-02-28-at-17.57.21-2-300x195.jpeg?v=1646311308 300w, https:\/\/acontecenafronteira.com.br\/wp-content\/uploads\/2022\/03\/WhatsApp-Image-2022-02-28-at-17.57.21-2-768x499.jpeg?v=1646311308 768w\" sizes=\"auto, (max-width: 800px) 100vw, 800px\" \/><\/figure>\n\n\n\n<figure class=\"wp-block-image size-large is-style-default\"><img loading=\"lazy\" decoding=\"async\" width=\"799\" height=\"540\" data-id=\"6634\" src=\"https:\/\/acontecenafronteira.com.br\/wp-content\/uploads\/2022\/03\/WhatsApp-Image-2022-02-28-at-17.57.21-1.jpeg\" alt=\"\" class=\"wp-image-6634\" srcset=\"https:\/\/acontecenafronteira.com.br\/wp-content\/uploads\/2022\/03\/WhatsApp-Image-2022-02-28-at-17.57.21-1.jpeg?v=1646311310 799w, https:\/\/acontecenafronteira.com.br\/wp-content\/uploads\/2022\/03\/WhatsApp-Image-2022-02-28-at-17.57.21-1-300x203.jpeg?v=1646311310 300w, https:\/\/acontecenafronteira.com.br\/wp-content\/uploads\/2022\/03\/WhatsApp-Image-2022-02-28-at-17.57.21-1-768x519.jpeg?v=1646311310 768w\" sizes=\"auto, (max-width: 799px) 100vw, 799px\" \/><\/figure>\n\n\n\n<figure class=\"wp-block-image size-large is-style-default\"><img loading=\"lazy\" decoding=\"async\" width=\"800\" height=\"539\" data-id=\"6632\" src=\"https:\/\/acontecenafronteira.com.br\/wp-content\/uploads\/2022\/03\/WhatsApp-Image-2022-02-28-at-17.57.21.jpeg\" alt=\"\" class=\"wp-image-6632\" srcset=\"https:\/\/acontecenafronteira.com.br\/wp-content\/uploads\/2022\/03\/WhatsApp-Image-2022-02-28-at-17.57.21.jpeg?v=1646311310 800w, https:\/\/acontecenafronteira.com.br\/wp-content\/uploads\/2022\/03\/WhatsApp-Image-2022-02-28-at-17.57.21-300x202.jpeg?v=1646311310 300w, https:\/\/acontecenafronteira.com.br\/wp-content\/uploads\/2022\/03\/WhatsApp-Image-2022-02-28-at-17.57.21-768x517.jpeg?v=1646311310 768w\" sizes=\"auto, (max-width: 800px) 100vw, 800px\" \/><\/figure>\n<\/figure>\n","protected":false},"excerpt":{"rendered":"<p>Moradores da cidade e visitantes aproveitam estruturas da prainha e gin\u00e1sio para competi\u00e7\u00f5es que mostram o potencial de Foz para abrigar eventos esportivos Foto: Christian Rizzi\/PMFI. Para sair do munic\u00edpio de Entre Rios do Oeste e chegar at\u00e9 Foz do Igua\u00e7u, a equipe de handbeach de M\u00e1rio Cezar precisou pegar a estrada \u00e0s 6h. Mas [&hellip;]<\/p>\n","protected":false},"author":2,"featured_media":6636,"comment_status":"open","ping_status":"open","sticky":false,"template":"","format":"standard","meta":{"om_disable_all_campaigns":false,"_monsterinsights_skip_tracking":false,"_monsterinsights_sitenote_active":false,"_monsterinsights_sitenote_note":"","_monsterinsights_sitenote_category":0,"footnotes":""},"categories":[4,2],"tags":[],"class_list":["post-6626","post","type-post","status-publish","format-standard","has-post-thumbnail","hentry","category-cidade","category-esportes"],"_links":{"self":[{"href":"https:\/\/acontecenafronteira.com.br\/index.php\/wp-json\/wp\/v2\/posts\/6626","targetHints":{"allow":["GET"]}}],"collection":[{"href":"https:\/\/acontecenafronteira.com.br\/index.php\/wp-json\/wp\/v2\/posts"}],"about":[{"href":"https:\/\/acontecenafronteira.com.br\/index.php\/wp-json\/wp\/v2\/types\/post"}],"author":[{"embeddable":true,"href":"https:\/\/acontecenafronteira.com.br\/index.php\/wp-json\/wp\/v2\/users\/2"}],"replies":[{"embeddable":true,"href":"https:\/\/acontecenafronteira.com.br\/index.php\/wp-json\/wp\/v2\/comments?post=6626"}],"version-history":[{"count":1,"href":"https:\/\/acontecenafronteira.com.br\/index.php\/wp-json\/wp\/v2\/posts\/6626\/revisions"}],"predecessor-version":[{"id":6637,"href":"https:\/\/acontecenafronteira.com.br\/index.php\/wp-json\/wp\/v2\/posts\/6626\/revisions\/6637"}],"wp:featuredmedia":[{"embeddable":true,"href":"https:\/\/acontecenafronteira.com.br\/index.php\/wp-json\/wp\/v2\/media\/6636"}],"wp:attachment":[{"href":"https:\/\/acontecenafronteira.com.br\/index.php\/wp-json\/wp\/v2\/media?parent=6626"}],"wp:term":[{"taxonomy":"category","embeddable":true,"href":"https:\/\/acontecenafronteira.com.br\/index.php\/wp-json\/wp\/v2\/categories?post=6626"},{"taxonomy":"post_tag","embeddable":true,"href":"https:\/\/acontecenafronteira.com.br\/index.php\/wp-json\/wp\/v2\/tags?post=6626"}],"curies":[{"name":"wp","href":"https:\/\/api.w.org\/{rel}","templated":true}]}}