{"id":6598,"date":"2022-02-28T11:01:49","date_gmt":"2022-02-28T14:01:49","guid":{"rendered":"https:\/\/acontecenafronteira.com.br\/?p=6598"},"modified":"2022-02-28T11:01:50","modified_gmt":"2022-02-28T14:01:50","slug":"prefeito-de-foz-assina-ordem-de-servico-para-pavimentacao-de-vias-de-tres-lagoas","status":"publish","type":"post","link":"https:\/\/acontecenafronteira.com.br\/index.php\/2022\/02\/28\/prefeito-de-foz-assina-ordem-de-servico-para-pavimentacao-de-vias-de-tres-lagoas\/","title":{"rendered":"Prefeito de Foz assina ordem de servi\u00e7o para pavimenta\u00e7\u00e3o de vias de Tr\u00eas Lagoas"},"content":{"rendered":"\n<p>Servi\u00e7os iniciam na pr\u00f3xima semana e devem ser conclu\u00eddos em at\u00e9 60 dias; investimento da prefeitura \u00e9 de R$ 1,1 milh\u00e3o<\/p>\n\n\n\n<p>O prefeito Chico Brasileiro assinou na manh\u00e3 deste s\u00e1bado (26) a ordem de servi\u00e7o para iniciar a pavimenta\u00e7\u00e3o de 10 vias de Tr\u00eas Lagoas &#8211; um sonho antigo dos moradores e comerciantes do bairro, que a partir da pr\u00f3xima semana come\u00e7ar\u00e1 a se tornar realidade.<br><br>Ser\u00e3o aproximadamente 2,5 km de asfaltamento em ruas que hoje s\u00e3o de poliedro. O investimento da Prefeitura de Foz do Igua\u00e7u \u00e9 de R 1,1 milh\u00e3o. A previs\u00e3o \u00e9 que os servi\u00e7os sejam conclu\u00eddos pela empresa respons\u00e1vel pelas obras em at\u00e9 dois meses.&nbsp;<br><br>\u201cEstas melhorias s\u00e3o h\u00e1 muito tempo reivindicadas pelos moradores, que est\u00e3o fazendo seu papel de cobrar o melhor pelo seu bairro. Mas nem tudo acontece t\u00e3o r\u00e1pido, precisamos buscar recursos para realizar e tivemos \u00eaxito. Estamos fazendo o maior programa de asfaltamento da cidade, ainda falta muito, mas j\u00e1 avan\u00e7amos significativamente\u201d, expressou o prefeito Chico Brasileiro. Nos \u00faltimos cinco anos, foram feitos mais de 400 km de pavimenta\u00e7\u00e3o em todas as regi\u00f5es da cidade.&nbsp;<br><br>Em Tr\u00eas Lagoas, ser\u00e1 feita a pavimenta\u00e7\u00e3o nas ruas Macieira, Juparan\u00e1, Cabeliana, Cana\u00e7ari, Manguaba, Emilio Henrique Gomes, Donato Colombeli e Boanerges Borba Sottomaior.&nbsp;<br><br>Tamb\u00e9m participaram da assinatura da ordem de servi\u00e7o o secret\u00e1rio municipal de Obras, C\u00e9zar Furlan; o presidente da C\u00e2mara Municipal, Ney Patr\u00edcio; os vereadores Jairo Cardoso e Jo\u00e3o Morales; e lideran\u00e7as e moradores da regi\u00e3o de Tr\u00eas Lagoas.&nbsp;<\/p>\n","protected":false},"excerpt":{"rendered":"<p>Servi\u00e7os iniciam na pr\u00f3xima semana e devem ser conclu\u00eddos em at\u00e9 60 dias; investimento da prefeitura \u00e9 de R$ 1,1 milh\u00e3o O prefeito Chico Brasileiro assinou na manh\u00e3 deste s\u00e1bado (26) a ordem de servi\u00e7o para iniciar a pavimenta\u00e7\u00e3o de 10 vias de Tr\u00eas Lagoas &#8211; um sonho antigo dos moradores e comerciantes do bairro, [&hellip;]<\/p>\n","protected":false},"author":2,"featured_media":6600,"comment_status":"open","ping_status":"open","sticky":false,"template":"","format":"standard","meta":{"om_disable_all_campaigns":false,"_monsterinsights_skip_tracking":false,"_monsterinsights_sitenote_active":false,"_monsterinsights_sitenote_note":"","_monsterinsights_sitenote_category":0,"footnotes":""},"categories":[4,14],"tags":[],"class_list":["post-6598","post","type-post","status-publish","format-standard","has-post-thumbnail","hentry","category-cidade","category-obras"],"_links":{"self":[{"href":"https:\/\/acontecenafronteira.com.br\/index.php\/wp-json\/wp\/v2\/posts\/6598","targetHints":{"allow":["GET"]}}],"collection":[{"href":"https:\/\/acontecenafronteira.com.br\/index.php\/wp-json\/wp\/v2\/posts"}],"about":[{"href":"https:\/\/acontecenafronteira.com.br\/index.php\/wp-json\/wp\/v2\/types\/post"}],"author":[{"embeddable":true,"href":"https:\/\/acontecenafronteira.com.br\/index.php\/wp-json\/wp\/v2\/users\/2"}],"replies":[{"embeddable":true,"href":"https:\/\/acontecenafronteira.com.br\/index.php\/wp-json\/wp\/v2\/comments?post=6598"}],"version-history":[{"count":1,"href":"https:\/\/acontecenafronteira.com.br\/index.php\/wp-json\/wp\/v2\/posts\/6598\/revisions"}],"predecessor-version":[{"id":6601,"href":"https:\/\/acontecenafronteira.com.br\/index.php\/wp-json\/wp\/v2\/posts\/6598\/revisions\/6601"}],"wp:featuredmedia":[{"embeddable":true,"href":"https:\/\/acontecenafronteira.com.br\/index.php\/wp-json\/wp\/v2\/media\/6600"}],"wp:attachment":[{"href":"https:\/\/acontecenafronteira.com.br\/index.php\/wp-json\/wp\/v2\/media?parent=6598"}],"wp:term":[{"taxonomy":"category","embeddable":true,"href":"https:\/\/acontecenafronteira.com.br\/index.php\/wp-json\/wp\/v2\/categories?post=6598"},{"taxonomy":"post_tag","embeddable":true,"href":"https:\/\/acontecenafronteira.com.br\/index.php\/wp-json\/wp\/v2\/tags?post=6598"}],"curies":[{"name":"wp","href":"https:\/\/api.w.org\/{rel}","templated":true}]}}