{"id":6577,"date":"2022-02-25T14:38:47","date_gmt":"2022-02-25T17:38:47","guid":{"rendered":"https:\/\/acontecenafronteira.com.br\/?p=6577"},"modified":"2022-02-25T19:17:29","modified_gmt":"2022-02-25T22:17:29","slug":"agencia-do-trabalhador-itinerante-leva-oportunidades-aos-moradores-de-tres-lagoas","status":"publish","type":"post","link":"https:\/\/acontecenafronteira.com.br\/index.php\/2022\/02\/25\/agencia-do-trabalhador-itinerante-leva-oportunidades-aos-moradores-de-tres-lagoas\/","title":{"rendered":"Ag\u00eancia do Trabalhador Itinerante leva oportunidades aos moradores de Tr\u00eas Lagoas"},"content":{"rendered":"\n<p>A a\u00e7\u00e3o nesta sexta-feira \u00e9 realizada no Centro Escola Bairro Cl\u00f3vis Cunha Vianna, com 150 vagas dispon\u00edveis<\/p>\n\n\n\n<p>A quarta edi\u00e7\u00e3o da Ag\u00eancia do Trabalhador Itinerante leva, nesta sexta-feira (25), 150 vagas de emprego dispon\u00edveis aos moradores da regi\u00e3o de Tr\u00eas Lagoas. A a\u00e7\u00e3o iniciou \u00e0s 8h e segue at\u00e9 as 14h, no Centro Escola Bairro Cl\u00f3vis Cunha Viana.\u00a0<br><br>Participam tamb\u00e9m equipes do Banco do Empreendedor e de parceiros da Prefeitura de Foz do Igua\u00e7u, como a Cooperativa Lar, Ordem dos Advogados do Brasil (OAB) e Sincofoz (Sindicato dos Contadores e T\u00e9cnicos em Contabilidade de Foz do Igua\u00e7u), com orienta\u00e7\u00f5es jur\u00eddicas e cont\u00e1beis.\u00a0<br><br>\u201cDevido \u00e0 grande demanda de ofertas de trabalho no munic\u00edpio, a prefeitura vem desenvolvendo uma s\u00e9rie de a\u00e7\u00f5es. Em uma pesquisa percebemos que muitos cidad\u00e3os estavam com dificuldades de ir \u00e0 ag\u00eancia no centro da cidade. Ent\u00e3o, decidimos criar novas a\u00e7\u00f5es, aproximando nossos servi\u00e7os \u00e0 comunidade nos espa\u00e7os p\u00fablicos municipais,\u201d ressaltou o diretor de empreendedorismo e desenvolvimento socioecon\u00f4mico de Foz do Igua\u00e7u, Luciano Castilha.<br><br>\u201cA quantidade de vagas dispon\u00edveis diariamente pela Ag\u00eancia do Trabalhador demonstra que Foz est\u00e1 em acelerado processo de recupera\u00e7\u00e3o econ\u00f4mica, e esta a\u00e7\u00e3o itinerante visa levar esse desenvolvimento da cidade a todas as regi\u00f5es, facilitando o acesso dos cidad\u00e3os \u00e0s oportunidades\u201d, destacou o prefeito Chico Brasileiro.\u00a0<br><br>\u201c\u00c9 um servi\u00e7o, em conjunto com a prefeitura, que a OAB presta \u00e0 sociedade, como um dever do advogado, levando o acesso \u00e0 justi\u00e7a a todos os cidad\u00e3os igua\u00e7uenses. Vamos atender demandas em diversas \u00e1reas como de fam\u00edlia, c\u00edvel, trabalhistas, entre outros suportes essenciais \u00e0 comunidade,\u201d enfatizou Otavio Augusto Soares, representante da OAB de Foz do Igua\u00e7u.\u00a0<br><br>Maria Antonina preencheu todos os requisitos para uma vaga de auxiliar de limpeza nesta sexta-feira (25) e foi direcionada para a entrevista imediatamente. Ficou feliz com a esperan\u00e7a de conquistar um novo emprego. \u201cMinha situa\u00e7\u00e3o est\u00e1 complicada. Dependo do governo para sobreviver. Tenho 60 anos e vejo que as empresas n\u00e3o olham muito pra gente. Mas, com esse trabalho da Ag\u00eancia do Trabalhador, facilitou pra gente. Trouxe o atendimento at\u00e9 a minha casa praticamente. Espero sair daqui empregada\u201d, comentou.\u00a0<br><br><strong>Como participar<br><br><\/strong>Os servi\u00e7os itinerantes s\u00e3o ofertados tamb\u00e9m para jovens aprendizes, menores de 16 anos\u00a0e tamb\u00e9m para maiores de 18 anos. No momento do atendimento, o interessado deve apresentar os documentos pessoais, carteira de trabalho e a carteira de vacina (Covid 19). Novas a\u00e7\u00f5es nos bairros ser\u00e3o comunicadas previamente pela prefeitura.\u00a0<\/p>\n\n\n\n<p><\/p>\n\n\n\n<figure class=\"wp-block-embed is-type-video is-provider-youtube wp-block-embed-youtube wp-embed-aspect-16-9 wp-has-aspect-ratio\"><div class=\"wp-block-embed__wrapper\">\n<iframe loading=\"lazy\" title=\"AQUAMANIA\" width=\"640\" height=\"360\" src=\"https:\/\/www.youtube.com\/embed\/6rV9xGyUQ7w?feature=oembed\" frameborder=\"0\" allow=\"accelerometer; autoplay; clipboard-write; encrypted-media; gyroscope; picture-in-picture; web-share\" referrerpolicy=\"strict-origin-when-cross-origin\" allowfullscreen><\/iframe>\n<\/div><\/figure>\n","protected":false},"excerpt":{"rendered":"<p>A a\u00e7\u00e3o nesta sexta-feira \u00e9 realizada no Centro Escola Bairro Cl\u00f3vis Cunha Vianna, com 150 vagas dispon\u00edveis A quarta edi\u00e7\u00e3o da Ag\u00eancia do Trabalhador Itinerante leva, nesta sexta-feira (25), 150 vagas de emprego dispon\u00edveis aos moradores da regi\u00e3o de Tr\u00eas Lagoas. A a\u00e7\u00e3o iniciou \u00e0s 8h e segue at\u00e9 as 14h, no Centro Escola Bairro [&hellip;]<\/p>\n","protected":false},"author":2,"featured_media":6578,"comment_status":"open","ping_status":"open","sticky":false,"template":"","format":"standard","meta":{"om_disable_all_campaigns":false,"_monsterinsights_skip_tracking":false,"_monsterinsights_sitenote_active":false,"_monsterinsights_sitenote_note":"","_monsterinsights_sitenote_category":0,"footnotes":""},"categories":[4,15],"tags":[],"class_list":["post-6577","post","type-post","status-publish","format-standard","has-post-thumbnail","hentry","category-cidade","category-trabalho"],"_links":{"self":[{"href":"https:\/\/acontecenafronteira.com.br\/index.php\/wp-json\/wp\/v2\/posts\/6577","targetHints":{"allow":["GET"]}}],"collection":[{"href":"https:\/\/acontecenafronteira.com.br\/index.php\/wp-json\/wp\/v2\/posts"}],"about":[{"href":"https:\/\/acontecenafronteira.com.br\/index.php\/wp-json\/wp\/v2\/types\/post"}],"author":[{"embeddable":true,"href":"https:\/\/acontecenafronteira.com.br\/index.php\/wp-json\/wp\/v2\/users\/2"}],"replies":[{"embeddable":true,"href":"https:\/\/acontecenafronteira.com.br\/index.php\/wp-json\/wp\/v2\/comments?post=6577"}],"version-history":[{"count":2,"href":"https:\/\/acontecenafronteira.com.br\/index.php\/wp-json\/wp\/v2\/posts\/6577\/revisions"}],"predecessor-version":[{"id":6587,"href":"https:\/\/acontecenafronteira.com.br\/index.php\/wp-json\/wp\/v2\/posts\/6577\/revisions\/6587"}],"wp:featuredmedia":[{"embeddable":true,"href":"https:\/\/acontecenafronteira.com.br\/index.php\/wp-json\/wp\/v2\/media\/6578"}],"wp:attachment":[{"href":"https:\/\/acontecenafronteira.com.br\/index.php\/wp-json\/wp\/v2\/media?parent=6577"}],"wp:term":[{"taxonomy":"category","embeddable":true,"href":"https:\/\/acontecenafronteira.com.br\/index.php\/wp-json\/wp\/v2\/categories?post=6577"},{"taxonomy":"post_tag","embeddable":true,"href":"https:\/\/acontecenafronteira.com.br\/index.php\/wp-json\/wp\/v2\/tags?post=6577"}],"curies":[{"name":"wp","href":"https:\/\/api.w.org\/{rel}","templated":true}]}}