{"id":6493,"date":"2022-02-24T15:53:01","date_gmt":"2022-02-24T18:53:01","guid":{"rendered":"https:\/\/acontecenafronteira.com.br\/?p=6493"},"modified":"2022-02-24T15:53:02","modified_gmt":"2022-02-24T18:53:02","slug":"engenheiro-david-krug-e-o-novo-diretor-tecnico-executivo-da-itaipu-binacional","status":"publish","type":"post","link":"https:\/\/acontecenafronteira.com.br\/index.php\/2022\/02\/24\/engenheiro-david-krug-e-o-novo-diretor-tecnico-executivo-da-itaipu-binacional\/","title":{"rendered":"Engenheiro David Krug \u00e9 o novo diretor\u00a0t\u00e9cnico executivo da Itaipu Binacional"},"content":{"rendered":"\n<p><strong>Decreto de nomea\u00e7\u00e3o foi publicado nessa quarta-feira (23). Krug \u00e9 empregado de carreira na empresa e ocupou cargos de gest\u00e3o nas diretorias T\u00e9cnica e Financeira.<\/strong><\/p>\n\n\n\n<p>O engenheiro David Rodrigues Krug foi designado como novo diretor t\u00e9cnico executivo da Itaipu Binacional. O decreto de nomea\u00e7\u00e3o, assinado pelo presidente da Rep\u00fablica, Jair Bolsonaro, e pelo ministro de Minas e Energia, Bento Albuquerque, foi publicado na edi\u00e7\u00e3o dessa quarta-feira (23) do Di\u00e1rio Oficial da Uni\u00e3o. Ele substitui o engenheiro Celso Villar Torino.<\/p>\n\n\n\n<p>David Krug \u00e9 engenheiro eletricista formado pela Universidade Federal de Engenharia de Itajub\u00e1 (Unifei) e especialista em Gest\u00e3o de Neg\u00f3cios de Energia El\u00e9trica pela Funda\u00e7\u00e3o Get\u00falio Vargas (FGV). \u00c9 empregado de carreira de Itaipu desde o ano 2000 e, nos \u00faltimos oito anos, ocupou diversos cargos de gest\u00e3o nas diretorias T\u00e9cnica e Financeira. Atualmente, era assistente do diretor financeiro executivo.<\/p>\n\n\n\n<p>Cr\u00e9dito das fotos: Alexandre Marchetti | Itaipu Binacional<\/p>\n","protected":false},"excerpt":{"rendered":"<p>Decreto de nomea\u00e7\u00e3o foi publicado nessa quarta-feira (23). Krug \u00e9 empregado de carreira na empresa e ocupou cargos de gest\u00e3o nas diretorias T\u00e9cnica e Financeira. O engenheiro David Rodrigues Krug foi designado como novo diretor t\u00e9cnico executivo da Itaipu Binacional. O decreto de nomea\u00e7\u00e3o, assinado pelo presidente da Rep\u00fablica, Jair Bolsonaro, e pelo ministro de [&hellip;]<\/p>\n","protected":false},"author":2,"featured_media":6495,"comment_status":"open","ping_status":"open","sticky":false,"template":"","format":"standard","meta":{"om_disable_all_campaigns":false,"_monsterinsights_skip_tracking":false,"_monsterinsights_sitenote_active":false,"_monsterinsights_sitenote_note":"","_monsterinsights_sitenote_category":0,"footnotes":""},"categories":[4,11],"tags":[],"class_list":["post-6493","post","type-post","status-publish","format-standard","has-post-thumbnail","hentry","category-cidade","category-itaipu"],"_links":{"self":[{"href":"https:\/\/acontecenafronteira.com.br\/index.php\/wp-json\/wp\/v2\/posts\/6493","targetHints":{"allow":["GET"]}}],"collection":[{"href":"https:\/\/acontecenafronteira.com.br\/index.php\/wp-json\/wp\/v2\/posts"}],"about":[{"href":"https:\/\/acontecenafronteira.com.br\/index.php\/wp-json\/wp\/v2\/types\/post"}],"author":[{"embeddable":true,"href":"https:\/\/acontecenafronteira.com.br\/index.php\/wp-json\/wp\/v2\/users\/2"}],"replies":[{"embeddable":true,"href":"https:\/\/acontecenafronteira.com.br\/index.php\/wp-json\/wp\/v2\/comments?post=6493"}],"version-history":[{"count":1,"href":"https:\/\/acontecenafronteira.com.br\/index.php\/wp-json\/wp\/v2\/posts\/6493\/revisions"}],"predecessor-version":[{"id":6496,"href":"https:\/\/acontecenafronteira.com.br\/index.php\/wp-json\/wp\/v2\/posts\/6493\/revisions\/6496"}],"wp:featuredmedia":[{"embeddable":true,"href":"https:\/\/acontecenafronteira.com.br\/index.php\/wp-json\/wp\/v2\/media\/6495"}],"wp:attachment":[{"href":"https:\/\/acontecenafronteira.com.br\/index.php\/wp-json\/wp\/v2\/media?parent=6493"}],"wp:term":[{"taxonomy":"category","embeddable":true,"href":"https:\/\/acontecenafronteira.com.br\/index.php\/wp-json\/wp\/v2\/categories?post=6493"},{"taxonomy":"post_tag","embeddable":true,"href":"https:\/\/acontecenafronteira.com.br\/index.php\/wp-json\/wp\/v2\/tags?post=6493"}],"curies":[{"name":"wp","href":"https:\/\/api.w.org\/{rel}","templated":true}]}}