{"id":6469,"date":"2022-02-24T10:30:28","date_gmt":"2022-02-24T13:30:28","guid":{"rendered":"https:\/\/acontecenafronteira.com.br\/?p=6469"},"modified":"2022-02-24T10:30:29","modified_gmt":"2022-02-24T13:30:29","slug":"na-posse-de-risden-chico-brasileiro-destaca-forte-parceria-com-itaipu","status":"publish","type":"post","link":"https:\/\/acontecenafronteira.com.br\/index.php\/2022\/02\/24\/na-posse-de-risden-chico-brasileiro-destaca-forte-parceria-com-itaipu\/","title":{"rendered":"Na posse de Risden, Chico Brasileiro destaca &#8220;forte parceria com Itaipu&#8221;"},"content":{"rendered":"\n<p class=\"wp-block-paragraph\">Prefeito participou da cerim\u00f4nia de posse do novo diretor-geral brasileiro da Itaipu nesta ter\u00e7a-feira (22), em Bras\u00edlia<\/p>\n\n\n\n<p class=\"wp-block-paragraph\">Na posse do almirante Anatalicio Risden Junior nesta ter\u00e7a-feira (22), na presid\u00eancia da Itaipu Binacional, o prefeito Chico Brasileiro destacou a forte parceria de Foz do Igua\u00e7u com a binacional, o que inclui ainda os governos estadual e federal. &#8220;A Itaipu vem tendo uma sucess\u00e3o de bons gestores e o almirante Risden tem uma forte liga\u00e7\u00e3o com Foz do Igua\u00e7u&#8221;.<\/p>\n\n\n\n<blockquote class=\"wp-block-quote is-layout-flow wp-block-quote-is-layout-flow\"><p>&#8220;A cidade agradece, e muito, por esta parceria que resulta em uma s\u00e9rie de obras &#8211; grandes, m\u00e9dias e pequenas -, programas e apoio em diversas \u00e1reas como a sa\u00fade, a inova\u00e7\u00e3o e a cultura. Tivemos o melhor Natal da hist\u00f3ria de Foz, gra\u00e7as a Itaipu&#8221;, disse o prefeito.<\/p><\/blockquote>\n\n\n\n<p class=\"wp-block-paragraph\">O almirante Risden, 14\u00ba diretor-geral brasileiro da Itaipu, foi empossado pelo presidente Jair Bolsonaro em ato no Pal\u00e1cio Itamaraty, em Bras\u00edlia. &#8220;Trabalhamos em sintonia para fazer esta conex\u00e3o entre as demandas dos moradores e o que a cidade precisa para crescer e diversificar os investimentos, conforme a voca\u00e7\u00e3o de cada regi\u00e3o de Foz do Igua\u00e7u&#8221;.<\/p>\n\n\n\n<p class=\"wp-block-paragraph\">Com as parcerias, refor\u00e7a Brasileiro, Foz do Igua\u00e7u tem recebido uma s\u00e9rie de obras estruturantes como a constru\u00e7\u00e3o da Ponte da Integra\u00e7\u00e3o e da Perimetral Leste, amplia\u00e7\u00e3o da pista e do terminal do Aeroporto Cataratas. A duplica\u00e7\u00e3o da BR-469, a Rodovia das Cataratas j\u00e1 est\u00e1 em fase de licita\u00e7\u00e3o.<\/p>\n\n\n\n<p class=\"wp-block-paragraph\">Corpo t\u00e9cnico<\/p>\n\n\n\n<p class=\"wp-block-paragraph\">Chico Brasileiro tamb\u00e9m fez quest\u00e3o de destacar ainda o empenho de toda a equipe e corpo t\u00e9cnico da Itaipu formado por engenheiros e arquitetos em conjunto com outros profissionais. &#8220;Todos vem trabalhando com muita sintonia com o munic\u00edpio e com o governo do Estado, para que a gente possa deixar a cidade preparada para crescer onde tem que crescer daqui 10, 20 anos&#8221;.<\/p>\n\n\n\n<p class=\"wp-block-paragraph\">O prefeito tamb\u00e9m destacou o envolvimento dos diferentes setores da sociedade e iniciativa privada. &#8220;A prefeitura tem trabalhado para fazer sua parte e contribuir nas melhorias que cabem ao munic\u00edpio, junto \u00e0s obras capitaneadas pela Itaipu&#8221;, disse.<\/p>\n\n\n\n<blockquote class=\"wp-block-quote is-layout-flow wp-block-quote-is-layout-flow\"><p>&#8220;O Porto Meira, onde est\u00e1 a cabeceira da nova ponte com o Paraguai, por exemplo, vamos fazer uma ampla revitaliza\u00e7\u00e3o da Avenida General Meira e outras vias que s\u00e3o corredor tur\u00edstico, como a parte urbana da BR-469 e outras obras na regi\u00e3o do Morumbi, onde vai passar a Perimetral Leste&#8221;, completou.<\/p><\/blockquote>\n","protected":false},"excerpt":{"rendered":"<p>Prefeito participou da cerim\u00f4nia de posse do novo diretor-geral brasileiro da Itaipu nesta ter\u00e7a-feira (22), em Bras\u00edlia Na posse do almirante Anatalicio Risden Junior nesta ter\u00e7a-feira (22), na presid\u00eancia da Itaipu Binacional, o prefeito Chico Brasileiro destacou a forte parceria de Foz do Igua\u00e7u com a binacional, o que inclui ainda os governos estadual e [&hellip;]<\/p>\n","protected":false},"author":2,"featured_media":6470,"comment_status":"open","ping_status":"open","sticky":false,"template":"","format":"standard","meta":{"_monsterinsights_skip_tracking":false,"_uf_show_specific_survey":0,"_uf_disable_surveys":false,"footnotes":""},"categories":[4],"tags":[],"class_list":["post-6469","post","type-post","status-publish","format-standard","has-post-thumbnail","hentry","category-cidade"],"aioseo_notices":[],"aioseo_head":"\n\t\t<!-- All in One SEO 5.0.1.1 - aioseo.com -->\n\t<meta name=\"description\" content=\"Prefeito participou da cerim\u00f4nia de posse do novo diretor-geral brasileiro da Itaipu nesta ter\u00e7a-feira (22), em Bras\u00edlia Na posse do almirante Anatalicio Risden Junior nesta ter\u00e7a-feira (22), na presid\u00eancia da Itaipu Binacional, o prefeito Chico Brasileiro destacou a forte parceria de Foz do Igua\u00e7u com a binacional, o que inclui ainda os governos estadual e\" \/>\n\t<meta name=\"robots\" content=\"max-image-preview:large\" \/>\n\t<meta name=\"author\" content=\"Acontece\"\/>\n\t<link rel=\"canonical\" href=\"https:\/\/acontecenafronteira.com.br\/index.php\/2022\/02\/24\/na-posse-de-risden-chico-brasileiro-destaca-forte-parceria-com-itaipu\/\" \/>\n\t<meta name=\"generator\" content=\"All in One SEO (AIOSEO) 5.0.1.1\" \/>\n\t\t<meta property=\"og:locale\" content=\"pt_PT\" \/>\n\t\t<meta property=\"og:site_name\" content=\"Acontece Na Fronteira - Noticias da Triplice Fronteira\" \/>\n\t\t<meta property=\"og:type\" content=\"article\" \/>\n\t\t<meta property=\"og:title\" content=\"Na posse de Risden, Chico Brasileiro destaca \u201cforte parceria com Itaipu\u201d - Acontece Na Fronteira\" \/>\n\t\t<meta property=\"og:description\" content=\"Prefeito participou da cerim\u00f4nia de posse do novo diretor-geral brasileiro da Itaipu nesta ter\u00e7a-feira (22), em Bras\u00edlia Na posse do almirante Anatalicio Risden Junior nesta ter\u00e7a-feira (22), na presid\u00eancia da Itaipu Binacional, o prefeito Chico Brasileiro destacou a forte parceria de Foz do Igua\u00e7u com a binacional, o que inclui ainda os governos estadual e\" \/>\n\t\t<meta property=\"og:url\" content=\"https:\/\/acontecenafronteira.com.br\/index.php\/2022\/02\/24\/na-posse-de-risden-chico-brasileiro-destaca-forte-parceria-com-itaipu\/\" \/>\n\t\t<meta property=\"og:image\" content=\"https:\/\/acontecenafronteira.com.br\/wp-content\/uploads\/2021\/11\/logo-acontece-1.jpg\" \/>\n\t\t<meta property=\"og:image:secure_url\" content=\"https:\/\/acontecenafronteira.com.br\/wp-content\/uploads\/2021\/11\/logo-acontece-1.jpg\" \/>\n\t\t<meta property=\"article:published_time\" content=\"2022-02-24T13:30:28+00:00\" \/>\n\t\t<meta property=\"article:modified_time\" content=\"2022-02-24T13:30:29+00:00\" \/>\n\t\t<meta name=\"twitter:card\" content=\"summary_large_image\" \/>\n\t\t<meta name=\"twitter:title\" content=\"Na posse de Risden, Chico Brasileiro destaca \u201cforte parceria com Itaipu\u201d - Acontece Na Fronteira\" \/>\n\t\t<meta name=\"twitter:description\" content=\"Prefeito participou da cerim\u00f4nia de posse do novo diretor-geral brasileiro da Itaipu nesta ter\u00e7a-feira (22), em Bras\u00edlia Na posse do almirante Anatalicio Risden Junior nesta ter\u00e7a-feira (22), na presid\u00eancia da Itaipu Binacional, o prefeito Chico Brasileiro destacou a forte parceria de Foz do Igua\u00e7u com a binacional, o que inclui ainda os governos estadual e\" \/>\n\t\t<meta name=\"twitter:image\" content=\"https:\/\/acontecenafronteira.com.br\/wp-content\/uploads\/2021\/11\/logo-acontece-1.jpg\" \/>\n\t\t<script type=\"application\/ld+json\" class=\"aioseo-schema\">\n\t\t\t{\"@context\":\"https:\\\/\\\/schema.org\",\"@graph\":[{\"@type\":\"BlogPosting\",\"@id\":\"https:\\\/\\\/acontecenafronteira.com.br\\\/index.php\\\/2022\\\/02\\\/24\\\/na-posse-de-risden-chico-brasileiro-destaca-forte-parceria-com-itaipu\\\/#blogposting\",\"name\":\"Na posse de Risden, Chico Brasileiro destaca \\u201cforte parceria com Itaipu\\u201d - Acontece Na Fronteira\",\"headline\":\"Na posse de Risden, Chico Brasileiro destaca &#8220;forte parceria com Itaipu&#8221;\",\"author\":{\"@id\":\"https:\\\/\\\/acontecenafronteira.com.br\\\/index.php\\\/author\\\/acontece\\\/#author\"},\"publisher\":{\"@id\":\"https:\\\/\\\/acontecenafronteira.com.br\\\/#organization\"},\"image\":{\"@type\":\"ImageObject\",\"url\":\"https:\\\/\\\/acontecenafronteira.com.br\\\/wp-content\\\/uploads\\\/2022\\\/02\\\/WhatsApp-Image-2022-02-24-at-10.06.28.jpeg?v=1645709420\",\"width\":1280,\"height\":957},\"datePublished\":\"2022-02-24T10:30:28-03:00\",\"dateModified\":\"2022-02-24T10:30:29-03:00\",\"inLanguage\":\"pt-PT\",\"mainEntityOfPage\":{\"@id\":\"https:\\\/\\\/acontecenafronteira.com.br\\\/index.php\\\/2022\\\/02\\\/24\\\/na-posse-de-risden-chico-brasileiro-destaca-forte-parceria-com-itaipu\\\/#webpage\"},\"isPartOf\":{\"@id\":\"https:\\\/\\\/acontecenafronteira.com.br\\\/index.php\\\/2022\\\/02\\\/24\\\/na-posse-de-risden-chico-brasileiro-destaca-forte-parceria-com-itaipu\\\/#webpage\"},\"articleSection\":\"Cidade\"},{\"@type\":\"BreadcrumbList\",\"@id\":\"https:\\\/\\\/acontecenafronteira.com.br\\\/index.php\\\/2022\\\/02\\\/24\\\/na-posse-de-risden-chico-brasileiro-destaca-forte-parceria-com-itaipu\\\/#breadcrumblist\",\"itemListElement\":[{\"@type\":\"ListItem\",\"@id\":\"https:\\\/\\\/acontecenafronteira.com.br#listItem\",\"position\":1,\"name\":\"Home\",\"item\":\"https:\\\/\\\/acontecenafronteira.com.br\",\"nextItem\":{\"@type\":\"ListItem\",\"@id\":\"https:\\\/\\\/acontecenafronteira.com.br\\\/index.php\\\/category\\\/cidade\\\/#listItem\",\"name\":\"Cidade\"}},{\"@type\":\"ListItem\",\"@id\":\"https:\\\/\\\/acontecenafronteira.com.br\\\/index.php\\\/category\\\/cidade\\\/#listItem\",\"position\":2,\"name\":\"Cidade\",\"item\":\"https:\\\/\\\/acontecenafronteira.com.br\\\/index.php\\\/category\\\/cidade\\\/\",\"nextItem\":{\"@type\":\"ListItem\",\"@id\":\"https:\\\/\\\/acontecenafronteira.com.br\\\/index.php\\\/2022\\\/02\\\/24\\\/na-posse-de-risden-chico-brasileiro-destaca-forte-parceria-com-itaipu\\\/#listItem\",\"name\":\"Na posse de Risden, Chico Brasileiro destaca &#8220;forte parceria com Itaipu&#8221;\"},\"previousItem\":{\"@type\":\"ListItem\",\"@id\":\"https:\\\/\\\/acontecenafronteira.com.br#listItem\",\"name\":\"Home\"}},{\"@type\":\"ListItem\",\"@id\":\"https:\\\/\\\/acontecenafronteira.com.br\\\/index.php\\\/2022\\\/02\\\/24\\\/na-posse-de-risden-chico-brasileiro-destaca-forte-parceria-com-itaipu\\\/#listItem\",\"position\":3,\"name\":\"Na posse de Risden, Chico Brasileiro destaca &#8220;forte parceria com Itaipu&#8221;\",\"previousItem\":{\"@type\":\"ListItem\",\"@id\":\"https:\\\/\\\/acontecenafronteira.com.br\\\/index.php\\\/category\\\/cidade\\\/#listItem\",\"name\":\"Cidade\"}}]},{\"@type\":\"Organization\",\"@id\":\"https:\\\/\\\/acontecenafronteira.com.br\\\/#organization\",\"name\":\"Acontece Na Fronteira\",\"description\":\"Noticias da Triplice Fronteira\",\"url\":\"https:\\\/\\\/acontecenafronteira.com.br\\\/\",\"logo\":{\"@type\":\"ImageObject\",\"url\":\"https:\\\/\\\/acontecenafronteira.com.br\\\/wp-content\\\/uploads\\\/2021\\\/11\\\/logo-acontece-1.jpg\",\"@id\":\"https:\\\/\\\/acontecenafronteira.com.br\\\/index.php\\\/2022\\\/02\\\/24\\\/na-posse-de-risden-chico-brasileiro-destaca-forte-parceria-com-itaipu\\\/#organizationLogo\",\"width\":519,\"height\":134},\"image\":{\"@id\":\"https:\\\/\\\/acontecenafronteira.com.br\\\/index.php\\\/2022\\\/02\\\/24\\\/na-posse-de-risden-chico-brasileiro-destaca-forte-parceria-com-itaipu\\\/#organizationLogo\"}},{\"@type\":\"Person\",\"@id\":\"https:\\\/\\\/acontecenafronteira.com.br\\\/index.php\\\/author\\\/acontece\\\/#author\",\"url\":\"https:\\\/\\\/acontecenafronteira.com.br\\\/index.php\\\/author\\\/acontece\\\/\",\"name\":\"Acontece\",\"image\":{\"@type\":\"ImageObject\",\"@id\":\"https:\\\/\\\/acontecenafronteira.com.br\\\/index.php\\\/2022\\\/02\\\/24\\\/na-posse-de-risden-chico-brasileiro-destaca-forte-parceria-com-itaipu\\\/#authorImage\",\"url\":\"https:\\\/\\\/secure.gravatar.com\\\/avatar\\\/0b1ee8d0eca65cb9faa45624b55ce76a3802d420ba7941831b57f27c693fb7d8?s=96&d=mm&r=g\",\"width\":96,\"height\":96,\"caption\":\"Acontece\"}},{\"@type\":\"WebPage\",\"@id\":\"https:\\\/\\\/acontecenafronteira.com.br\\\/index.php\\\/2022\\\/02\\\/24\\\/na-posse-de-risden-chico-brasileiro-destaca-forte-parceria-com-itaipu\\\/#webpage\",\"url\":\"https:\\\/\\\/acontecenafronteira.com.br\\\/index.php\\\/2022\\\/02\\\/24\\\/na-posse-de-risden-chico-brasileiro-destaca-forte-parceria-com-itaipu\\\/\",\"name\":\"Na posse de Risden, Chico Brasileiro destaca \\u201cforte parceria com Itaipu\\u201d - Acontece Na Fronteira\",\"description\":\"Prefeito participou da cerim\\u00f4nia de posse do novo diretor-geral brasileiro da Itaipu nesta ter\\u00e7a-feira (22), em Bras\\u00edlia Na posse do almirante Anatalicio Risden Junior nesta ter\\u00e7a-feira (22), na presid\\u00eancia da Itaipu Binacional, o prefeito Chico Brasileiro destacou a forte parceria de Foz do Igua\\u00e7u com a binacional, o que inclui ainda os governos estadual e\",\"inLanguage\":\"pt-PT\",\"isPartOf\":{\"@id\":\"https:\\\/\\\/acontecenafronteira.com.br\\\/#website\"},\"breadcrumb\":{\"@id\":\"https:\\\/\\\/acontecenafronteira.com.br\\\/index.php\\\/2022\\\/02\\\/24\\\/na-posse-de-risden-chico-brasileiro-destaca-forte-parceria-com-itaipu\\\/#breadcrumblist\"},\"author\":{\"@id\":\"https:\\\/\\\/acontecenafronteira.com.br\\\/index.php\\\/author\\\/acontece\\\/#author\"},\"creator\":{\"@id\":\"https:\\\/\\\/acontecenafronteira.com.br\\\/index.php\\\/author\\\/acontece\\\/#author\"},\"image\":{\"@type\":\"ImageObject\",\"url\":\"https:\\\/\\\/acontecenafronteira.com.br\\\/wp-content\\\/uploads\\\/2022\\\/02\\\/WhatsApp-Image-2022-02-24-at-10.06.28.jpeg?v=1645709420\",\"@id\":\"https:\\\/\\\/acontecenafronteira.com.br\\\/index.php\\\/2022\\\/02\\\/24\\\/na-posse-de-risden-chico-brasileiro-destaca-forte-parceria-com-itaipu\\\/#mainImage\",\"width\":1280,\"height\":957},\"primaryImageOfPage\":{\"@id\":\"https:\\\/\\\/acontecenafronteira.com.br\\\/index.php\\\/2022\\\/02\\\/24\\\/na-posse-de-risden-chico-brasileiro-destaca-forte-parceria-com-itaipu\\\/#mainImage\"},\"datePublished\":\"2022-02-24T10:30:28-03:00\",\"dateModified\":\"2022-02-24T10:30:29-03:00\"},{\"@type\":\"WebSite\",\"@id\":\"https:\\\/\\\/acontecenafronteira.com.br\\\/#website\",\"url\":\"https:\\\/\\\/acontecenafronteira.com.br\\\/\",\"name\":\"Acontece Na Fronteira\",\"description\":\"Noticias da Triplice Fronteira\",\"inLanguage\":\"pt-PT\",\"publisher\":{\"@id\":\"https:\\\/\\\/acontecenafronteira.com.br\\\/#organization\"}}]}\n\t\t<\/script>\n\t\t<!-- All in One SEO -->\n\n","aioseo_head_json":{"title":"Na posse de Risden, Chico Brasileiro destaca \u201cforte parceria com Itaipu\u201d - Acontece Na Fronteira","description":"Prefeito participou da cerim\u00f4nia de posse do novo diretor-geral brasileiro da Itaipu nesta ter\u00e7a-feira (22), em Bras\u00edlia Na posse do almirante Anatalicio Risden Junior nesta ter\u00e7a-feira (22), na presid\u00eancia da Itaipu Binacional, o prefeito Chico Brasileiro destacou a forte parceria de Foz do Igua\u00e7u com a binacional, o que inclui ainda os governos estadual e","canonical_url":"https:\/\/acontecenafronteira.com.br\/index.php\/2022\/02\/24\/na-posse-de-risden-chico-brasileiro-destaca-forte-parceria-com-itaipu\/","robots":"max-image-preview:large","keywords":"","webmasterTools":{"miscellaneous":""},"schema":{"@context":"https:\/\/schema.org","@graph":[{"@type":"BlogPosting","@id":"https:\/\/acontecenafronteira.com.br\/index.php\/2022\/02\/24\/na-posse-de-risden-chico-brasileiro-destaca-forte-parceria-com-itaipu\/#blogposting","name":"Na posse de Risden, Chico Brasileiro destaca \u201cforte parceria com Itaipu\u201d - Acontece Na Fronteira","headline":"Na posse de Risden, Chico Brasileiro destaca &#8220;forte parceria com Itaipu&#8221;","author":{"@id":"https:\/\/acontecenafronteira.com.br\/index.php\/author\/acontece\/#author"},"publisher":{"@id":"https:\/\/acontecenafronteira.com.br\/#organization"},"image":{"@type":"ImageObject","url":"https:\/\/acontecenafronteira.com.br\/wp-content\/uploads\/2022\/02\/WhatsApp-Image-2022-02-24-at-10.06.28.jpeg?v=1645709420","width":1280,"height":957},"datePublished":"2022-02-24T10:30:28-03:00","dateModified":"2022-02-24T10:30:29-03:00","inLanguage":"pt-PT","mainEntityOfPage":{"@id":"https:\/\/acontecenafronteira.com.br\/index.php\/2022\/02\/24\/na-posse-de-risden-chico-brasileiro-destaca-forte-parceria-com-itaipu\/#webpage"},"isPartOf":{"@id":"https:\/\/acontecenafronteira.com.br\/index.php\/2022\/02\/24\/na-posse-de-risden-chico-brasileiro-destaca-forte-parceria-com-itaipu\/#webpage"},"articleSection":"Cidade"},{"@type":"BreadcrumbList","@id":"https:\/\/acontecenafronteira.com.br\/index.php\/2022\/02\/24\/na-posse-de-risden-chico-brasileiro-destaca-forte-parceria-com-itaipu\/#breadcrumblist","itemListElement":[{"@type":"ListItem","@id":"https:\/\/acontecenafronteira.com.br#listItem","position":1,"name":"Home","item":"https:\/\/acontecenafronteira.com.br","nextItem":{"@type":"ListItem","@id":"https:\/\/acontecenafronteira.com.br\/index.php\/category\/cidade\/#listItem","name":"Cidade"}},{"@type":"ListItem","@id":"https:\/\/acontecenafronteira.com.br\/index.php\/category\/cidade\/#listItem","position":2,"name":"Cidade","item":"https:\/\/acontecenafronteira.com.br\/index.php\/category\/cidade\/","nextItem":{"@type":"ListItem","@id":"https:\/\/acontecenafronteira.com.br\/index.php\/2022\/02\/24\/na-posse-de-risden-chico-brasileiro-destaca-forte-parceria-com-itaipu\/#listItem","name":"Na posse de Risden, Chico Brasileiro destaca &#8220;forte parceria com Itaipu&#8221;"},"previousItem":{"@type":"ListItem","@id":"https:\/\/acontecenafronteira.com.br#listItem","name":"Home"}},{"@type":"ListItem","@id":"https:\/\/acontecenafronteira.com.br\/index.php\/2022\/02\/24\/na-posse-de-risden-chico-brasileiro-destaca-forte-parceria-com-itaipu\/#listItem","position":3,"name":"Na posse de Risden, Chico Brasileiro destaca &#8220;forte parceria com Itaipu&#8221;","previousItem":{"@type":"ListItem","@id":"https:\/\/acontecenafronteira.com.br\/index.php\/category\/cidade\/#listItem","name":"Cidade"}}]},{"@type":"Organization","@id":"https:\/\/acontecenafronteira.com.br\/#organization","name":"Acontece Na Fronteira","description":"Noticias da Triplice Fronteira","url":"https:\/\/acontecenafronteira.com.br\/","logo":{"@type":"ImageObject","url":"https:\/\/acontecenafronteira.com.br\/wp-content\/uploads\/2021\/11\/logo-acontece-1.jpg","@id":"https:\/\/acontecenafronteira.com.br\/index.php\/2022\/02\/24\/na-posse-de-risden-chico-brasileiro-destaca-forte-parceria-com-itaipu\/#organizationLogo","width":519,"height":134},"image":{"@id":"https:\/\/acontecenafronteira.com.br\/index.php\/2022\/02\/24\/na-posse-de-risden-chico-brasileiro-destaca-forte-parceria-com-itaipu\/#organizationLogo"}},{"@type":"Person","@id":"https:\/\/acontecenafronteira.com.br\/index.php\/author\/acontece\/#author","url":"https:\/\/acontecenafronteira.com.br\/index.php\/author\/acontece\/","name":"Acontece","image":{"@type":"ImageObject","@id":"https:\/\/acontecenafronteira.com.br\/index.php\/2022\/02\/24\/na-posse-de-risden-chico-brasileiro-destaca-forte-parceria-com-itaipu\/#authorImage","url":"https:\/\/secure.gravatar.com\/avatar\/0b1ee8d0eca65cb9faa45624b55ce76a3802d420ba7941831b57f27c693fb7d8?s=96&d=mm&r=g","width":96,"height":96,"caption":"Acontece"}},{"@type":"WebPage","@id":"https:\/\/acontecenafronteira.com.br\/index.php\/2022\/02\/24\/na-posse-de-risden-chico-brasileiro-destaca-forte-parceria-com-itaipu\/#webpage","url":"https:\/\/acontecenafronteira.com.br\/index.php\/2022\/02\/24\/na-posse-de-risden-chico-brasileiro-destaca-forte-parceria-com-itaipu\/","name":"Na posse de Risden, Chico Brasileiro destaca \u201cforte parceria com Itaipu\u201d - Acontece Na Fronteira","description":"Prefeito participou da cerim\u00f4nia de posse do novo diretor-geral brasileiro da Itaipu nesta ter\u00e7a-feira (22), em Bras\u00edlia Na posse do almirante Anatalicio Risden Junior nesta ter\u00e7a-feira (22), na presid\u00eancia da Itaipu Binacional, o prefeito Chico Brasileiro destacou a forte parceria de Foz do Igua\u00e7u com a binacional, o que inclui ainda os governos estadual e","inLanguage":"pt-PT","isPartOf":{"@id":"https:\/\/acontecenafronteira.com.br\/#website"},"breadcrumb":{"@id":"https:\/\/acontecenafronteira.com.br\/index.php\/2022\/02\/24\/na-posse-de-risden-chico-brasileiro-destaca-forte-parceria-com-itaipu\/#breadcrumblist"},"author":{"@id":"https:\/\/acontecenafronteira.com.br\/index.php\/author\/acontece\/#author"},"creator":{"@id":"https:\/\/acontecenafronteira.com.br\/index.php\/author\/acontece\/#author"},"image":{"@type":"ImageObject","url":"https:\/\/acontecenafronteira.com.br\/wp-content\/uploads\/2022\/02\/WhatsApp-Image-2022-02-24-at-10.06.28.jpeg?v=1645709420","@id":"https:\/\/acontecenafronteira.com.br\/index.php\/2022\/02\/24\/na-posse-de-risden-chico-brasileiro-destaca-forte-parceria-com-itaipu\/#mainImage","width":1280,"height":957},"primaryImageOfPage":{"@id":"https:\/\/acontecenafronteira.com.br\/index.php\/2022\/02\/24\/na-posse-de-risden-chico-brasileiro-destaca-forte-parceria-com-itaipu\/#mainImage"},"datePublished":"2022-02-24T10:30:28-03:00","dateModified":"2022-02-24T10:30:29-03:00"},{"@type":"WebSite","@id":"https:\/\/acontecenafronteira.com.br\/#website","url":"https:\/\/acontecenafronteira.com.br\/","name":"Acontece Na Fronteira","description":"Noticias da Triplice Fronteira","inLanguage":"pt-PT","publisher":{"@id":"https:\/\/acontecenafronteira.com.br\/#organization"}}]},"og:locale":"pt_PT","og:site_name":"Acontece Na Fronteira - Noticias da Triplice Fronteira","og:type":"article","og:title":"Na posse de Risden, Chico Brasileiro destaca \u201cforte parceria com Itaipu\u201d - Acontece Na Fronteira","og:description":"Prefeito participou da cerim\u00f4nia de posse do novo diretor-geral brasileiro da Itaipu nesta ter\u00e7a-feira (22), em Bras\u00edlia Na posse do almirante Anatalicio Risden Junior nesta ter\u00e7a-feira (22), na presid\u00eancia da Itaipu Binacional, o prefeito Chico Brasileiro destacou a forte parceria de Foz do Igua\u00e7u com a binacional, o que inclui ainda os governos estadual e","og:url":"https:\/\/acontecenafronteira.com.br\/index.php\/2022\/02\/24\/na-posse-de-risden-chico-brasileiro-destaca-forte-parceria-com-itaipu\/","og:image":"https:\/\/acontecenafronteira.com.br\/wp-content\/uploads\/2021\/11\/logo-acontece-1.jpg","og:image:secure_url":"https:\/\/acontecenafronteira.com.br\/wp-content\/uploads\/2021\/11\/logo-acontece-1.jpg","article:published_time":"2022-02-24T13:30:28+00:00","article:modified_time":"2022-02-24T13:30:29+00:00","twitter:card":"summary_large_image","twitter:title":"Na posse de Risden, Chico Brasileiro destaca \u201cforte parceria com Itaipu\u201d - Acontece Na Fronteira","twitter:description":"Prefeito participou da cerim\u00f4nia de posse do novo diretor-geral brasileiro da Itaipu nesta ter\u00e7a-feira (22), em Bras\u00edlia Na posse do almirante Anatalicio Risden Junior nesta ter\u00e7a-feira (22), na presid\u00eancia da Itaipu Binacional, o prefeito Chico Brasileiro destacou a forte parceria de Foz do Igua\u00e7u com a binacional, o que inclui ainda os governos estadual e","twitter:image":"https:\/\/acontecenafronteira.com.br\/wp-content\/uploads\/2021\/11\/logo-acontece-1.jpg"},"aioseo_meta_data":{"post_id":"6469","title":null,"description":null,"keywords":null,"keyphrases":null,"primary_term":null,"canonical_url":null,"og_title":null,"og_description":null,"og_object_type":"default","og_image_type":"default","og_image_url":null,"og_image_width":null,"og_image_height":null,"og_image_custom_url":null,"og_image_custom_fields":null,"og_video":null,"og_custom_url":null,"og_article_section":null,"og_article_tags":null,"twitter_use_og":false,"twitter_card":"default","twitter_image_type":"default","twitter_image_url":null,"twitter_image_custom_url":null,"twitter_image_custom_fields":null,"twitter_title":null,"twitter_description":null,"schema":{"blockGraphs":[],"customGraphs":[],"default":{"data":{"Article":[],"Course":[],"Dataset":[],"FAQPage":[],"Movie":[],"Person":[],"Product":[],"ProductReview":[],"Car":[],"Recipe":[],"Service":[],"SoftwareApplication":[],"WebPage":[]},"graphName":"","isEnabled":true},"graphs":[]},"schema_type":"default","schema_type_options":null,"pillar_content":false,"robots_default":true,"robots_noindex":false,"robots_noarchive":false,"robots_nosnippet":false,"robots_nofollow":false,"robots_noimageindex":false,"robots_noodp":false,"robots_notranslate":false,"robots_max_snippet":null,"robots_max_videopreview":null,"robots_max_imagepreview":"large","priority":null,"frequency":null,"local_seo":null,"limit_modified_date":false,"created":"2024-11-14 00:12:50","updated":"2024-11-14 00:12:50","focus_keyword":null,"additional_keywords":null,"truseo_locale":null,"ai":null,"breadcrumb_settings":null,"seo_analyzer_scan_date":null},"aioseo_breadcrumb":"<div class=\"aioseo-breadcrumbs\"><span class=\"aioseo-breadcrumb\">\n\t\t\t<a href=\"https:\/\/acontecenafronteira.com.br\" title=\"Home\">Home<\/a>\n\t\t<\/span><span class=\"aioseo-breadcrumb-separator\">&raquo;<\/span><span class=\"aioseo-breadcrumb\">\n\t\t\t<a href=\"https:\/\/acontecenafronteira.com.br\/index.php\/category\/cidade\/\" title=\"Cidade\">Cidade<\/a>\n\t\t<\/span><span class=\"aioseo-breadcrumb-separator\">&raquo;<\/span><span class=\"aioseo-breadcrumb\">\n\t\t\tNa posse de Risden, Chico Brasileiro destaca \u201cforte parceria com Itaipu\u201d\n\t\t<\/span><\/div>","aioseo_breadcrumb_json":[{"label":"Home","link":"https:\/\/acontecenafronteira.com.br"},{"label":"Cidade","link":"https:\/\/acontecenafronteira.com.br\/index.php\/category\/cidade\/"},{"label":"Na posse de Risden, Chico Brasileiro destaca &#8220;forte parceria com Itaipu&#8221;","link":"https:\/\/acontecenafronteira.com.br\/index.php\/2022\/02\/24\/na-posse-de-risden-chico-brasileiro-destaca-forte-parceria-com-itaipu\/"}],"_links":{"self":[{"href":"https:\/\/acontecenafronteira.com.br\/index.php\/wp-json\/wp\/v2\/posts\/6469","targetHints":{"allow":["GET"]}}],"collection":[{"href":"https:\/\/acontecenafronteira.com.br\/index.php\/wp-json\/wp\/v2\/posts"}],"about":[{"href":"https:\/\/acontecenafronteira.com.br\/index.php\/wp-json\/wp\/v2\/types\/post"}],"author":[{"embeddable":true,"href":"https:\/\/acontecenafronteira.com.br\/index.php\/wp-json\/wp\/v2\/users\/2"}],"replies":[{"embeddable":true,"href":"https:\/\/acontecenafronteira.com.br\/index.php\/wp-json\/wp\/v2\/comments?post=6469"}],"version-history":[{"count":1,"href":"https:\/\/acontecenafronteira.com.br\/index.php\/wp-json\/wp\/v2\/posts\/6469\/revisions"}],"predecessor-version":[{"id":6471,"href":"https:\/\/acontecenafronteira.com.br\/index.php\/wp-json\/wp\/v2\/posts\/6469\/revisions\/6471"}],"wp:featuredmedia":[{"embeddable":true,"href":"https:\/\/acontecenafronteira.com.br\/index.php\/wp-json\/wp\/v2\/media\/6470"}],"wp:attachment":[{"href":"https:\/\/acontecenafronteira.com.br\/index.php\/wp-json\/wp\/v2\/media?parent=6469"}],"wp:term":[{"taxonomy":"category","embeddable":true,"href":"https:\/\/acontecenafronteira.com.br\/index.php\/wp-json\/wp\/v2\/categories?post=6469"},{"taxonomy":"post_tag","embeddable":true,"href":"https:\/\/acontecenafronteira.com.br\/index.php\/wp-json\/wp\/v2\/tags?post=6469"}],"curies":[{"name":"wp","href":"https:\/\/api.w.org\/{rel}","templated":true}]}}