{"id":6457,"date":"2022-02-23T14:00:54","date_gmt":"2022-02-23T17:00:54","guid":{"rendered":"https:\/\/acontecenafronteira.com.br\/?p=6457"},"modified":"2022-02-23T14:00:55","modified_gmt":"2022-02-23T17:00:55","slug":"prefeitura-convoca-167-estagiarios-aprovados-em-processos-seletivos","status":"publish","type":"post","link":"https:\/\/acontecenafronteira.com.br\/index.php\/2022\/02\/23\/prefeitura-convoca-167-estagiarios-aprovados-em-processos-seletivos\/","title":{"rendered":"Prefeitura convoca 167 estagi\u00e1rios aprovados em processos seletivos"},"content":{"rendered":"\n<p class=\"wp-block-paragraph\">Estudantes dever\u00e3o apresentar os documentos entre os dias 10 a 22 de mar\u00e7o, conforme determinado no edital<\/p>\n\n\n\n<p class=\"wp-block-paragraph\">A Prefeitura de Foz do Igua\u00e7u est\u00e1 convocando 167 estagi\u00e1rios do ensino m\u00e9dio e n\u00edvel superior aprovados nos Processos Seletivos n\u00ba 001\/01\/2021 e 002\/01\/2021 a comparecer junto a Diretoria de Gest\u00e3o de Pessoas, localizada na Pra\u00e7a Get\u00falio Vargas, n\u00ba 280 (anexo \u00e0 sede da prefeitura) para apresenta\u00e7\u00e3o dos documentos.<\/p>\n\n\n\n<p class=\"wp-block-paragraph\">A convoca\u00e7\u00e3o foi publicada no dia 18 de fevereiro no Di\u00e1rio Oficial (https:\/\/www5.pmfi.pr.gov.br\/pdf-5123&amp;diario) e a apresenta\u00e7\u00e3o seguir\u00e1 o cronograma estabelecido no edital, entre os dias 10 a 22 de mar\u00e7o. O estudante dever\u00e1 conferir o dia e o hor\u00e1rio determinados e comparecer junto a Diretoria de Gest\u00e3o de Pessoas (localizada na Pra\u00e7a Get\u00falio Vargas, n\u00ba 280).<\/p>\n\n\n\n<p class=\"wp-block-paragraph\">S\u00e3o necess\u00e1rios: Carteira de Identifica\u00e7\u00e3o \u2013 RG (original e fotoc\u00f3pia); Cadastro de Pessoa F\u00edsica \u2013 CPF (original e fotoc\u00f3pia); Carteira de Vacina\u00e7\u00e3o (original e fotoc\u00f3pia), inclusive comprovante de vacina\u00e7\u00e3o contra a COVID-19; T\u00edtulo de Eleitor (original e fotoc\u00f3pia); Declara\u00e7\u00e3o de matr\u00edcula escolar (original e fotoc\u00f3pia) expedida h\u00e1 no m\u00e1ximo 60 dias.<\/p>\n\n\n\n<p class=\"wp-block-paragraph\">O Processo Seletivo 001\/01 convoca estudantes dos cursos de nutri\u00e7\u00e3o, medicina veterin\u00e1ria, pedagogia e magist\u00e9rio (forma\u00e7\u00e3o de docentes de educa\u00e7\u00e3o infantil e ensino fundamental na modalidade regular) e o PSS 002\/01 convoca alunos dos cursos de educa\u00e7\u00e3o f\u00edsica, enfermagem, pedagogia, sistemas de informa\u00e7\u00e3o e tamb\u00e9m do magist\u00e9rio. Os estudantes que se declararam baixa renda devem comprovar esta condi\u00e7\u00e3o no ato da convoca\u00e7\u00e3o, atrav\u00e9s do Cadastro \u00danico (Cad\u00danico).<\/p>\n\n\n\n<p class=\"wp-block-paragraph\">Mais informa\u00e7\u00f5es podem ser obtidas pelo telefone 2105-1436, na Divis\u00e3o de Est\u00e1gio da Prefeitura.<\/p>\n","protected":false},"excerpt":{"rendered":"<p>Estudantes dever\u00e3o apresentar os documentos entre os dias 10 a 22 de mar\u00e7o, conforme determinado no edital A Prefeitura de Foz do Igua\u00e7u est\u00e1 convocando 167 estagi\u00e1rios do ensino m\u00e9dio e n\u00edvel superior aprovados nos Processos Seletivos n\u00ba 001\/01\/2021 e 002\/01\/2021 a comparecer junto a Diretoria de Gest\u00e3o de Pessoas, localizada na Pra\u00e7a Get\u00falio Vargas, [&hellip;]<\/p>\n","protected":false},"author":2,"featured_media":6458,"comment_status":"open","ping_status":"open","sticky":false,"template":"","format":"standard","meta":{"_monsterinsights_skip_tracking":false,"_uf_show_specific_survey":0,"_uf_disable_surveys":false,"footnotes":""},"categories":[4,15],"tags":[],"class_list":["post-6457","post","type-post","status-publish","format-standard","has-post-thumbnail","hentry","category-cidade","category-trabalho"],"aioseo_notices":[],"aioseo_head":"\n\t\t<!-- All in One SEO 5.0.1.1 - aioseo.com -->\n\t<meta name=\"description\" content=\"Estudantes dever\u00e3o apresentar os documentos entre os dias 10 a 22 de mar\u00e7o, conforme determinado no edital A Prefeitura de Foz do Igua\u00e7u est\u00e1 convocando 167 estagi\u00e1rios do ensino m\u00e9dio e n\u00edvel superior aprovados nos Processos Seletivos n\u00ba 001\/01\/2021 e 002\/01\/2021 a comparecer junto a Diretoria de Gest\u00e3o de Pessoas, localizada na Pra\u00e7a Get\u00falio Vargas,\" \/>\n\t<meta name=\"robots\" content=\"max-image-preview:large\" \/>\n\t<meta name=\"author\" content=\"Acontece\"\/>\n\t<link rel=\"canonical\" href=\"https:\/\/acontecenafronteira.com.br\/index.php\/2022\/02\/23\/prefeitura-convoca-167-estagiarios-aprovados-em-processos-seletivos\/\" \/>\n\t<meta name=\"generator\" content=\"All in One SEO (AIOSEO) 5.0.1.1\" \/>\n\t\t<meta property=\"og:locale\" content=\"pt_PT\" \/>\n\t\t<meta property=\"og:site_name\" content=\"Acontece Na Fronteira - Noticias da Triplice Fronteira\" \/>\n\t\t<meta property=\"og:type\" content=\"article\" \/>\n\t\t<meta property=\"og:title\" content=\"Prefeitura convoca 167 estagi\u00e1rios aprovados em processos seletivos - Acontece Na Fronteira\" \/>\n\t\t<meta property=\"og:description\" content=\"Estudantes dever\u00e3o apresentar os documentos entre os dias 10 a 22 de mar\u00e7o, conforme determinado no edital A Prefeitura de Foz do Igua\u00e7u est\u00e1 convocando 167 estagi\u00e1rios do ensino m\u00e9dio e n\u00edvel superior aprovados nos Processos Seletivos n\u00ba 001\/01\/2021 e 002\/01\/2021 a comparecer junto a Diretoria de Gest\u00e3o de Pessoas, localizada na Pra\u00e7a Get\u00falio Vargas,\" \/>\n\t\t<meta property=\"og:url\" content=\"https:\/\/acontecenafronteira.com.br\/index.php\/2022\/02\/23\/prefeitura-convoca-167-estagiarios-aprovados-em-processos-seletivos\/\" \/>\n\t\t<meta property=\"og:image\" content=\"https:\/\/acontecenafronteira.com.br\/wp-content\/uploads\/2021\/11\/logo-acontece-1.jpg\" \/>\n\t\t<meta property=\"og:image:secure_url\" content=\"https:\/\/acontecenafronteira.com.br\/wp-content\/uploads\/2021\/11\/logo-acontece-1.jpg\" \/>\n\t\t<meta property=\"article:published_time\" content=\"2022-02-23T17:00:54+00:00\" \/>\n\t\t<meta property=\"article:modified_time\" content=\"2022-02-23T17:00:55+00:00\" \/>\n\t\t<meta name=\"twitter:card\" content=\"summary_large_image\" \/>\n\t\t<meta name=\"twitter:title\" content=\"Prefeitura convoca 167 estagi\u00e1rios aprovados em processos seletivos - Acontece Na Fronteira\" \/>\n\t\t<meta name=\"twitter:description\" content=\"Estudantes dever\u00e3o apresentar os documentos entre os dias 10 a 22 de mar\u00e7o, conforme determinado no edital A Prefeitura de Foz do Igua\u00e7u est\u00e1 convocando 167 estagi\u00e1rios do ensino m\u00e9dio e n\u00edvel superior aprovados nos Processos Seletivos n\u00ba 001\/01\/2021 e 002\/01\/2021 a comparecer junto a Diretoria de Gest\u00e3o de Pessoas, localizada na Pra\u00e7a Get\u00falio Vargas,\" \/>\n\t\t<meta name=\"twitter:image\" content=\"https:\/\/acontecenafronteira.com.br\/wp-content\/uploads\/2021\/11\/logo-acontece-1.jpg\" \/>\n\t\t<script type=\"application\/ld+json\" class=\"aioseo-schema\">\n\t\t\t{\"@context\":\"https:\\\/\\\/schema.org\",\"@graph\":[{\"@type\":\"BlogPosting\",\"@id\":\"https:\\\/\\\/acontecenafronteira.com.br\\\/index.php\\\/2022\\\/02\\\/23\\\/prefeitura-convoca-167-estagiarios-aprovados-em-processos-seletivos\\\/#blogposting\",\"name\":\"Prefeitura convoca 167 estagi\\u00e1rios aprovados em processos seletivos - Acontece Na Fronteira\",\"headline\":\"Prefeitura convoca 167 estagi\\u00e1rios aprovados em processos seletivos\",\"author\":{\"@id\":\"https:\\\/\\\/acontecenafronteira.com.br\\\/index.php\\\/author\\\/acontece\\\/#author\"},\"publisher\":{\"@id\":\"https:\\\/\\\/acontecenafronteira.com.br\\\/#organization\"},\"image\":{\"@type\":\"ImageObject\",\"url\":\"https:\\\/\\\/acontecenafronteira.com.br\\\/wp-content\\\/uploads\\\/2022\\\/02\\\/WhatsApp-Image-2022-02-23-at-13.19.55.jpeg?v=1645635609\",\"width\":1280,\"height\":853},\"datePublished\":\"2022-02-23T14:00:54-03:00\",\"dateModified\":\"2022-02-23T14:00:55-03:00\",\"inLanguage\":\"pt-PT\",\"mainEntityOfPage\":{\"@id\":\"https:\\\/\\\/acontecenafronteira.com.br\\\/index.php\\\/2022\\\/02\\\/23\\\/prefeitura-convoca-167-estagiarios-aprovados-em-processos-seletivos\\\/#webpage\"},\"isPartOf\":{\"@id\":\"https:\\\/\\\/acontecenafronteira.com.br\\\/index.php\\\/2022\\\/02\\\/23\\\/prefeitura-convoca-167-estagiarios-aprovados-em-processos-seletivos\\\/#webpage\"},\"articleSection\":\"Cidade, Trabalho\"},{\"@type\":\"BreadcrumbList\",\"@id\":\"https:\\\/\\\/acontecenafronteira.com.br\\\/index.php\\\/2022\\\/02\\\/23\\\/prefeitura-convoca-167-estagiarios-aprovados-em-processos-seletivos\\\/#breadcrumblist\",\"itemListElement\":[{\"@type\":\"ListItem\",\"@id\":\"https:\\\/\\\/acontecenafronteira.com.br#listItem\",\"position\":1,\"name\":\"Home\",\"item\":\"https:\\\/\\\/acontecenafronteira.com.br\",\"nextItem\":{\"@type\":\"ListItem\",\"@id\":\"https:\\\/\\\/acontecenafronteira.com.br\\\/index.php\\\/category\\\/cidade\\\/#listItem\",\"name\":\"Cidade\"}},{\"@type\":\"ListItem\",\"@id\":\"https:\\\/\\\/acontecenafronteira.com.br\\\/index.php\\\/category\\\/cidade\\\/#listItem\",\"position\":2,\"name\":\"Cidade\",\"item\":\"https:\\\/\\\/acontecenafronteira.com.br\\\/index.php\\\/category\\\/cidade\\\/\",\"nextItem\":{\"@type\":\"ListItem\",\"@id\":\"https:\\\/\\\/acontecenafronteira.com.br\\\/index.php\\\/2022\\\/02\\\/23\\\/prefeitura-convoca-167-estagiarios-aprovados-em-processos-seletivos\\\/#listItem\",\"name\":\"Prefeitura convoca 167 estagi\\u00e1rios aprovados em processos seletivos\"},\"previousItem\":{\"@type\":\"ListItem\",\"@id\":\"https:\\\/\\\/acontecenafronteira.com.br#listItem\",\"name\":\"Home\"}},{\"@type\":\"ListItem\",\"@id\":\"https:\\\/\\\/acontecenafronteira.com.br\\\/index.php\\\/2022\\\/02\\\/23\\\/prefeitura-convoca-167-estagiarios-aprovados-em-processos-seletivos\\\/#listItem\",\"position\":3,\"name\":\"Prefeitura convoca 167 estagi\\u00e1rios aprovados em processos seletivos\",\"previousItem\":{\"@type\":\"ListItem\",\"@id\":\"https:\\\/\\\/acontecenafronteira.com.br\\\/index.php\\\/category\\\/cidade\\\/#listItem\",\"name\":\"Cidade\"}}]},{\"@type\":\"Organization\",\"@id\":\"https:\\\/\\\/acontecenafronteira.com.br\\\/#organization\",\"name\":\"Acontece Na Fronteira\",\"description\":\"Noticias da Triplice Fronteira\",\"url\":\"https:\\\/\\\/acontecenafronteira.com.br\\\/\",\"logo\":{\"@type\":\"ImageObject\",\"url\":\"https:\\\/\\\/acontecenafronteira.com.br\\\/wp-content\\\/uploads\\\/2021\\\/11\\\/logo-acontece-1.jpg\",\"@id\":\"https:\\\/\\\/acontecenafronteira.com.br\\\/index.php\\\/2022\\\/02\\\/23\\\/prefeitura-convoca-167-estagiarios-aprovados-em-processos-seletivos\\\/#organizationLogo\",\"width\":519,\"height\":134},\"image\":{\"@id\":\"https:\\\/\\\/acontecenafronteira.com.br\\\/index.php\\\/2022\\\/02\\\/23\\\/prefeitura-convoca-167-estagiarios-aprovados-em-processos-seletivos\\\/#organizationLogo\"}},{\"@type\":\"Person\",\"@id\":\"https:\\\/\\\/acontecenafronteira.com.br\\\/index.php\\\/author\\\/acontece\\\/#author\",\"url\":\"https:\\\/\\\/acontecenafronteira.com.br\\\/index.php\\\/author\\\/acontece\\\/\",\"name\":\"Acontece\",\"image\":{\"@type\":\"ImageObject\",\"@id\":\"https:\\\/\\\/acontecenafronteira.com.br\\\/index.php\\\/2022\\\/02\\\/23\\\/prefeitura-convoca-167-estagiarios-aprovados-em-processos-seletivos\\\/#authorImage\",\"url\":\"https:\\\/\\\/secure.gravatar.com\\\/avatar\\\/0b1ee8d0eca65cb9faa45624b55ce76a3802d420ba7941831b57f27c693fb7d8?s=96&d=mm&r=g\",\"width\":96,\"height\":96,\"caption\":\"Acontece\"}},{\"@type\":\"WebPage\",\"@id\":\"https:\\\/\\\/acontecenafronteira.com.br\\\/index.php\\\/2022\\\/02\\\/23\\\/prefeitura-convoca-167-estagiarios-aprovados-em-processos-seletivos\\\/#webpage\",\"url\":\"https:\\\/\\\/acontecenafronteira.com.br\\\/index.php\\\/2022\\\/02\\\/23\\\/prefeitura-convoca-167-estagiarios-aprovados-em-processos-seletivos\\\/\",\"name\":\"Prefeitura convoca 167 estagi\\u00e1rios aprovados em processos seletivos - Acontece Na Fronteira\",\"description\":\"Estudantes dever\\u00e3o apresentar os documentos entre os dias 10 a 22 de mar\\u00e7o, conforme determinado no edital A Prefeitura de Foz do Igua\\u00e7u est\\u00e1 convocando 167 estagi\\u00e1rios do ensino m\\u00e9dio e n\\u00edvel superior aprovados nos Processos Seletivos n\\u00ba 001\\\/01\\\/2021 e 002\\\/01\\\/2021 a comparecer junto a Diretoria de Gest\\u00e3o de Pessoas, localizada na Pra\\u00e7a Get\\u00falio Vargas,\",\"inLanguage\":\"pt-PT\",\"isPartOf\":{\"@id\":\"https:\\\/\\\/acontecenafronteira.com.br\\\/#website\"},\"breadcrumb\":{\"@id\":\"https:\\\/\\\/acontecenafronteira.com.br\\\/index.php\\\/2022\\\/02\\\/23\\\/prefeitura-convoca-167-estagiarios-aprovados-em-processos-seletivos\\\/#breadcrumblist\"},\"author\":{\"@id\":\"https:\\\/\\\/acontecenafronteira.com.br\\\/index.php\\\/author\\\/acontece\\\/#author\"},\"creator\":{\"@id\":\"https:\\\/\\\/acontecenafronteira.com.br\\\/index.php\\\/author\\\/acontece\\\/#author\"},\"image\":{\"@type\":\"ImageObject\",\"url\":\"https:\\\/\\\/acontecenafronteira.com.br\\\/wp-content\\\/uploads\\\/2022\\\/02\\\/WhatsApp-Image-2022-02-23-at-13.19.55.jpeg?v=1645635609\",\"@id\":\"https:\\\/\\\/acontecenafronteira.com.br\\\/index.php\\\/2022\\\/02\\\/23\\\/prefeitura-convoca-167-estagiarios-aprovados-em-processos-seletivos\\\/#mainImage\",\"width\":1280,\"height\":853},\"primaryImageOfPage\":{\"@id\":\"https:\\\/\\\/acontecenafronteira.com.br\\\/index.php\\\/2022\\\/02\\\/23\\\/prefeitura-convoca-167-estagiarios-aprovados-em-processos-seletivos\\\/#mainImage\"},\"datePublished\":\"2022-02-23T14:00:54-03:00\",\"dateModified\":\"2022-02-23T14:00:55-03:00\"},{\"@type\":\"WebSite\",\"@id\":\"https:\\\/\\\/acontecenafronteira.com.br\\\/#website\",\"url\":\"https:\\\/\\\/acontecenafronteira.com.br\\\/\",\"name\":\"Acontece Na Fronteira\",\"description\":\"Noticias da Triplice Fronteira\",\"inLanguage\":\"pt-PT\",\"publisher\":{\"@id\":\"https:\\\/\\\/acontecenafronteira.com.br\\\/#organization\"}}]}\n\t\t<\/script>\n\t\t<!-- All in One SEO -->\n\n","aioseo_head_json":{"title":"Prefeitura convoca 167 estagi\u00e1rios aprovados em processos seletivos - Acontece Na Fronteira","description":"Estudantes dever\u00e3o apresentar os documentos entre os dias 10 a 22 de mar\u00e7o, conforme determinado no edital A Prefeitura de Foz do Igua\u00e7u est\u00e1 convocando 167 estagi\u00e1rios do ensino m\u00e9dio e n\u00edvel superior aprovados nos Processos Seletivos n\u00ba 001\/01\/2021 e 002\/01\/2021 a comparecer junto a Diretoria de Gest\u00e3o de Pessoas, localizada na Pra\u00e7a Get\u00falio Vargas,","canonical_url":"https:\/\/acontecenafronteira.com.br\/index.php\/2022\/02\/23\/prefeitura-convoca-167-estagiarios-aprovados-em-processos-seletivos\/","robots":"max-image-preview:large","keywords":"","webmasterTools":{"miscellaneous":""},"schema":{"@context":"https:\/\/schema.org","@graph":[{"@type":"BlogPosting","@id":"https:\/\/acontecenafronteira.com.br\/index.php\/2022\/02\/23\/prefeitura-convoca-167-estagiarios-aprovados-em-processos-seletivos\/#blogposting","name":"Prefeitura convoca 167 estagi\u00e1rios aprovados em processos seletivos - Acontece Na Fronteira","headline":"Prefeitura convoca 167 estagi\u00e1rios aprovados em processos seletivos","author":{"@id":"https:\/\/acontecenafronteira.com.br\/index.php\/author\/acontece\/#author"},"publisher":{"@id":"https:\/\/acontecenafronteira.com.br\/#organization"},"image":{"@type":"ImageObject","url":"https:\/\/acontecenafronteira.com.br\/wp-content\/uploads\/2022\/02\/WhatsApp-Image-2022-02-23-at-13.19.55.jpeg?v=1645635609","width":1280,"height":853},"datePublished":"2022-02-23T14:00:54-03:00","dateModified":"2022-02-23T14:00:55-03:00","inLanguage":"pt-PT","mainEntityOfPage":{"@id":"https:\/\/acontecenafronteira.com.br\/index.php\/2022\/02\/23\/prefeitura-convoca-167-estagiarios-aprovados-em-processos-seletivos\/#webpage"},"isPartOf":{"@id":"https:\/\/acontecenafronteira.com.br\/index.php\/2022\/02\/23\/prefeitura-convoca-167-estagiarios-aprovados-em-processos-seletivos\/#webpage"},"articleSection":"Cidade, Trabalho"},{"@type":"BreadcrumbList","@id":"https:\/\/acontecenafronteira.com.br\/index.php\/2022\/02\/23\/prefeitura-convoca-167-estagiarios-aprovados-em-processos-seletivos\/#breadcrumblist","itemListElement":[{"@type":"ListItem","@id":"https:\/\/acontecenafronteira.com.br#listItem","position":1,"name":"Home","item":"https:\/\/acontecenafronteira.com.br","nextItem":{"@type":"ListItem","@id":"https:\/\/acontecenafronteira.com.br\/index.php\/category\/cidade\/#listItem","name":"Cidade"}},{"@type":"ListItem","@id":"https:\/\/acontecenafronteira.com.br\/index.php\/category\/cidade\/#listItem","position":2,"name":"Cidade","item":"https:\/\/acontecenafronteira.com.br\/index.php\/category\/cidade\/","nextItem":{"@type":"ListItem","@id":"https:\/\/acontecenafronteira.com.br\/index.php\/2022\/02\/23\/prefeitura-convoca-167-estagiarios-aprovados-em-processos-seletivos\/#listItem","name":"Prefeitura convoca 167 estagi\u00e1rios aprovados em processos seletivos"},"previousItem":{"@type":"ListItem","@id":"https:\/\/acontecenafronteira.com.br#listItem","name":"Home"}},{"@type":"ListItem","@id":"https:\/\/acontecenafronteira.com.br\/index.php\/2022\/02\/23\/prefeitura-convoca-167-estagiarios-aprovados-em-processos-seletivos\/#listItem","position":3,"name":"Prefeitura convoca 167 estagi\u00e1rios aprovados em processos seletivos","previousItem":{"@type":"ListItem","@id":"https:\/\/acontecenafronteira.com.br\/index.php\/category\/cidade\/#listItem","name":"Cidade"}}]},{"@type":"Organization","@id":"https:\/\/acontecenafronteira.com.br\/#organization","name":"Acontece Na Fronteira","description":"Noticias da Triplice Fronteira","url":"https:\/\/acontecenafronteira.com.br\/","logo":{"@type":"ImageObject","url":"https:\/\/acontecenafronteira.com.br\/wp-content\/uploads\/2021\/11\/logo-acontece-1.jpg","@id":"https:\/\/acontecenafronteira.com.br\/index.php\/2022\/02\/23\/prefeitura-convoca-167-estagiarios-aprovados-em-processos-seletivos\/#organizationLogo","width":519,"height":134},"image":{"@id":"https:\/\/acontecenafronteira.com.br\/index.php\/2022\/02\/23\/prefeitura-convoca-167-estagiarios-aprovados-em-processos-seletivos\/#organizationLogo"}},{"@type":"Person","@id":"https:\/\/acontecenafronteira.com.br\/index.php\/author\/acontece\/#author","url":"https:\/\/acontecenafronteira.com.br\/index.php\/author\/acontece\/","name":"Acontece","image":{"@type":"ImageObject","@id":"https:\/\/acontecenafronteira.com.br\/index.php\/2022\/02\/23\/prefeitura-convoca-167-estagiarios-aprovados-em-processos-seletivos\/#authorImage","url":"https:\/\/secure.gravatar.com\/avatar\/0b1ee8d0eca65cb9faa45624b55ce76a3802d420ba7941831b57f27c693fb7d8?s=96&d=mm&r=g","width":96,"height":96,"caption":"Acontece"}},{"@type":"WebPage","@id":"https:\/\/acontecenafronteira.com.br\/index.php\/2022\/02\/23\/prefeitura-convoca-167-estagiarios-aprovados-em-processos-seletivos\/#webpage","url":"https:\/\/acontecenafronteira.com.br\/index.php\/2022\/02\/23\/prefeitura-convoca-167-estagiarios-aprovados-em-processos-seletivos\/","name":"Prefeitura convoca 167 estagi\u00e1rios aprovados em processos seletivos - Acontece Na Fronteira","description":"Estudantes dever\u00e3o apresentar os documentos entre os dias 10 a 22 de mar\u00e7o, conforme determinado no edital A Prefeitura de Foz do Igua\u00e7u est\u00e1 convocando 167 estagi\u00e1rios do ensino m\u00e9dio e n\u00edvel superior aprovados nos Processos Seletivos n\u00ba 001\/01\/2021 e 002\/01\/2021 a comparecer junto a Diretoria de Gest\u00e3o de Pessoas, localizada na Pra\u00e7a Get\u00falio Vargas,","inLanguage":"pt-PT","isPartOf":{"@id":"https:\/\/acontecenafronteira.com.br\/#website"},"breadcrumb":{"@id":"https:\/\/acontecenafronteira.com.br\/index.php\/2022\/02\/23\/prefeitura-convoca-167-estagiarios-aprovados-em-processos-seletivos\/#breadcrumblist"},"author":{"@id":"https:\/\/acontecenafronteira.com.br\/index.php\/author\/acontece\/#author"},"creator":{"@id":"https:\/\/acontecenafronteira.com.br\/index.php\/author\/acontece\/#author"},"image":{"@type":"ImageObject","url":"https:\/\/acontecenafronteira.com.br\/wp-content\/uploads\/2022\/02\/WhatsApp-Image-2022-02-23-at-13.19.55.jpeg?v=1645635609","@id":"https:\/\/acontecenafronteira.com.br\/index.php\/2022\/02\/23\/prefeitura-convoca-167-estagiarios-aprovados-em-processos-seletivos\/#mainImage","width":1280,"height":853},"primaryImageOfPage":{"@id":"https:\/\/acontecenafronteira.com.br\/index.php\/2022\/02\/23\/prefeitura-convoca-167-estagiarios-aprovados-em-processos-seletivos\/#mainImage"},"datePublished":"2022-02-23T14:00:54-03:00","dateModified":"2022-02-23T14:00:55-03:00"},{"@type":"WebSite","@id":"https:\/\/acontecenafronteira.com.br\/#website","url":"https:\/\/acontecenafronteira.com.br\/","name":"Acontece Na Fronteira","description":"Noticias da Triplice Fronteira","inLanguage":"pt-PT","publisher":{"@id":"https:\/\/acontecenafronteira.com.br\/#organization"}}]},"og:locale":"pt_PT","og:site_name":"Acontece Na Fronteira - Noticias da Triplice Fronteira","og:type":"article","og:title":"Prefeitura convoca 167 estagi\u00e1rios aprovados em processos seletivos - Acontece Na Fronteira","og:description":"Estudantes dever\u00e3o apresentar os documentos entre os dias 10 a 22 de mar\u00e7o, conforme determinado no edital A Prefeitura de Foz do Igua\u00e7u est\u00e1 convocando 167 estagi\u00e1rios do ensino m\u00e9dio e n\u00edvel superior aprovados nos Processos Seletivos n\u00ba 001\/01\/2021 e 002\/01\/2021 a comparecer junto a Diretoria de Gest\u00e3o de Pessoas, localizada na Pra\u00e7a Get\u00falio Vargas,","og:url":"https:\/\/acontecenafronteira.com.br\/index.php\/2022\/02\/23\/prefeitura-convoca-167-estagiarios-aprovados-em-processos-seletivos\/","og:image":"https:\/\/acontecenafronteira.com.br\/wp-content\/uploads\/2021\/11\/logo-acontece-1.jpg","og:image:secure_url":"https:\/\/acontecenafronteira.com.br\/wp-content\/uploads\/2021\/11\/logo-acontece-1.jpg","article:published_time":"2022-02-23T17:00:54+00:00","article:modified_time":"2022-02-23T17:00:55+00:00","twitter:card":"summary_large_image","twitter:title":"Prefeitura convoca 167 estagi\u00e1rios aprovados em processos seletivos - Acontece Na Fronteira","twitter:description":"Estudantes dever\u00e3o apresentar os documentos entre os dias 10 a 22 de mar\u00e7o, conforme determinado no edital A Prefeitura de Foz do Igua\u00e7u est\u00e1 convocando 167 estagi\u00e1rios do ensino m\u00e9dio e n\u00edvel superior aprovados nos Processos Seletivos n\u00ba 001\/01\/2021 e 002\/01\/2021 a comparecer junto a Diretoria de Gest\u00e3o de Pessoas, localizada na Pra\u00e7a Get\u00falio Vargas,","twitter:image":"https:\/\/acontecenafronteira.com.br\/wp-content\/uploads\/2021\/11\/logo-acontece-1.jpg"},"aioseo_meta_data":{"post_id":"6457","title":null,"description":null,"keywords":null,"keyphrases":null,"primary_term":null,"canonical_url":null,"og_title":null,"og_description":null,"og_object_type":"default","og_image_type":"default","og_image_url":null,"og_image_width":null,"og_image_height":null,"og_image_custom_url":null,"og_image_custom_fields":null,"og_video":null,"og_custom_url":null,"og_article_section":null,"og_article_tags":null,"twitter_use_og":false,"twitter_card":"default","twitter_image_type":"default","twitter_image_url":null,"twitter_image_custom_url":null,"twitter_image_custom_fields":null,"twitter_title":null,"twitter_description":null,"schema":{"blockGraphs":[],"customGraphs":[],"default":{"data":{"Article":[],"Course":[],"Dataset":[],"FAQPage":[],"Movie":[],"Person":[],"Product":[],"ProductReview":[],"Car":[],"Recipe":[],"Service":[],"SoftwareApplication":[],"WebPage":[]},"graphName":"","isEnabled":true},"graphs":[]},"schema_type":"default","schema_type_options":null,"pillar_content":false,"robots_default":true,"robots_noindex":false,"robots_noarchive":false,"robots_nosnippet":false,"robots_nofollow":false,"robots_noimageindex":false,"robots_noodp":false,"robots_notranslate":false,"robots_max_snippet":null,"robots_max_videopreview":null,"robots_max_imagepreview":"large","priority":null,"frequency":null,"local_seo":null,"limit_modified_date":false,"created":"2024-11-14 00:12:49","updated":"2024-11-14 00:12:49","focus_keyword":null,"additional_keywords":null,"truseo_locale":null,"ai":null,"breadcrumb_settings":null,"seo_analyzer_scan_date":null},"aioseo_breadcrumb":"<div class=\"aioseo-breadcrumbs\"><span class=\"aioseo-breadcrumb\">\n\t\t\t<a href=\"https:\/\/acontecenafronteira.com.br\" title=\"Home\">Home<\/a>\n\t\t<\/span><span class=\"aioseo-breadcrumb-separator\">&raquo;<\/span><span class=\"aioseo-breadcrumb\">\n\t\t\t<a href=\"https:\/\/acontecenafronteira.com.br\/index.php\/category\/cidade\/\" title=\"Cidade\">Cidade<\/a>\n\t\t<\/span><span class=\"aioseo-breadcrumb-separator\">&raquo;<\/span><span class=\"aioseo-breadcrumb\">\n\t\t\tPrefeitura convoca 167 estagi\u00e1rios aprovados em processos seletivos\n\t\t<\/span><\/div>","aioseo_breadcrumb_json":[{"label":"Home","link":"https:\/\/acontecenafronteira.com.br"},{"label":"Cidade","link":"https:\/\/acontecenafronteira.com.br\/index.php\/category\/cidade\/"},{"label":"Prefeitura convoca 167 estagi\u00e1rios aprovados em processos seletivos","link":"https:\/\/acontecenafronteira.com.br\/index.php\/2022\/02\/23\/prefeitura-convoca-167-estagiarios-aprovados-em-processos-seletivos\/"}],"_links":{"self":[{"href":"https:\/\/acontecenafronteira.com.br\/index.php\/wp-json\/wp\/v2\/posts\/6457","targetHints":{"allow":["GET"]}}],"collection":[{"href":"https:\/\/acontecenafronteira.com.br\/index.php\/wp-json\/wp\/v2\/posts"}],"about":[{"href":"https:\/\/acontecenafronteira.com.br\/index.php\/wp-json\/wp\/v2\/types\/post"}],"author":[{"embeddable":true,"href":"https:\/\/acontecenafronteira.com.br\/index.php\/wp-json\/wp\/v2\/users\/2"}],"replies":[{"embeddable":true,"href":"https:\/\/acontecenafronteira.com.br\/index.php\/wp-json\/wp\/v2\/comments?post=6457"}],"version-history":[{"count":1,"href":"https:\/\/acontecenafronteira.com.br\/index.php\/wp-json\/wp\/v2\/posts\/6457\/revisions"}],"predecessor-version":[{"id":6459,"href":"https:\/\/acontecenafronteira.com.br\/index.php\/wp-json\/wp\/v2\/posts\/6457\/revisions\/6459"}],"wp:featuredmedia":[{"embeddable":true,"href":"https:\/\/acontecenafronteira.com.br\/index.php\/wp-json\/wp\/v2\/media\/6458"}],"wp:attachment":[{"href":"https:\/\/acontecenafronteira.com.br\/index.php\/wp-json\/wp\/v2\/media?parent=6457"}],"wp:term":[{"taxonomy":"category","embeddable":true,"href":"https:\/\/acontecenafronteira.com.br\/index.php\/wp-json\/wp\/v2\/categories?post=6457"},{"taxonomy":"post_tag","embeddable":true,"href":"https:\/\/acontecenafronteira.com.br\/index.php\/wp-json\/wp\/v2\/tags?post=6457"}],"curies":[{"name":"wp","href":"https:\/\/api.w.org\/{rel}","templated":true}]}}