{"id":6332,"date":"2022-02-21T12:13:19","date_gmt":"2022-02-21T15:13:19","guid":{"rendered":"https:\/\/acontecenafronteira.com.br\/?p=6332"},"modified":"2022-02-21T12:13:20","modified_gmt":"2022-02-21T15:13:20","slug":"publicado-edital-de-licitacao-para-duplicacao-da-rodovia-das-cataratas","status":"publish","type":"post","link":"https:\/\/acontecenafronteira.com.br\/index.php\/2022\/02\/21\/publicado-edital-de-licitacao-para-duplicacao-da-rodovia-das-cataratas\/","title":{"rendered":"Publicado edital de licita\u00e7\u00e3o para duplica\u00e7\u00e3o da Rodovia das Cataratas"},"content":{"rendered":"\n<p id=\"o-investimento-que-tem-parceria-da-itaipu-binacional-sera-de-186-milhoes-de-reais-envelopes-serao-abertos-dia-24-de-marco\">O investimento, que tem parceria da Itaipu Binacional, ser\u00e1 de 186 milh\u00f5es de reais. Envelopes ser\u00e3o abertos dia 24 de mar\u00e7o.<\/p>\n\n\n\n<p>O Governo do Estado publicou nesta sexta-feira o edital de licita\u00e7\u00e3o para a duplica\u00e7\u00e3o da BR-469, a Rodovia das Cataratas. O investimento, que tem parceria da Itaipu Binacional, ser\u00e1 de 186 milh\u00f5es de reais. Os envelopes com as propostas das empresas interessadas ser\u00e3o abertos no dia 24 de mar\u00e7o. Ainda n\u00e3o foi informado a previs\u00e3o de in\u00edcio das obras.<\/p>\n\n\n\n<p>A informa\u00e7\u00e3o foi confirmada pelo Secret\u00e1rio de Infraestrutura do Estado, Sandro Alex. A obra contempla al\u00e9m da duplica\u00e7\u00e3o da BR-469 entre o km12 e o km-24, um viaduto na interse\u00e7\u00e3o com o acesso ao Aeroporto Internacional de Foz do Igua\u00e7u, interse\u00e7\u00f5es para ve\u00edculos e passarelas de pedestres, via marginal e ciclovia em toda a extens\u00e3o da duplica\u00e7\u00e3o.<\/p>\n\n\n\n<figure class=\"wp-block-embed is-type-video is-provider-youtube wp-block-embed-youtube wp-embed-aspect-16-9 wp-has-aspect-ratio\"><div class=\"wp-block-embed__wrapper\">\n<iframe loading=\"lazy\" title=\"Publicado edital de licita\u00e7\u00e3o para duplica\u00e7\u00e3o da Rodovia das Cataratas\" width=\"640\" height=\"360\" src=\"https:\/\/www.youtube.com\/embed\/Igl2yfspb8Q?feature=oembed\" frameborder=\"0\" allow=\"accelerometer; autoplay; clipboard-write; encrypted-media; gyroscope; picture-in-picture; web-share\" referrerpolicy=\"strict-origin-when-cross-origin\" allowfullscreen><\/iframe>\n<\/div><\/figure>\n\n\n\n<p>Radio Cultura Foz<\/p>\n","protected":false},"excerpt":{"rendered":"<p>O investimento, que tem parceria da Itaipu Binacional, ser\u00e1 de 186 milh\u00f5es de reais. Envelopes ser\u00e3o abertos dia 24 de mar\u00e7o. O Governo do Estado publicou nesta sexta-feira o edital de licita\u00e7\u00e3o para a duplica\u00e7\u00e3o da BR-469, a Rodovia das Cataratas. O investimento, que tem parceria da Itaipu Binacional, ser\u00e1 de 186 milh\u00f5es de reais. [&hellip;]<\/p>\n","protected":false},"author":2,"featured_media":6333,"comment_status":"open","ping_status":"open","sticky":false,"template":"","format":"standard","meta":{"om_disable_all_campaigns":false,"_monsterinsights_skip_tracking":false,"_monsterinsights_sitenote_active":false,"_monsterinsights_sitenote_note":"","_monsterinsights_sitenote_category":0,"footnotes":""},"categories":[4,11],"tags":[],"class_list":["post-6332","post","type-post","status-publish","format-standard","has-post-thumbnail","hentry","category-cidade","category-itaipu"],"_links":{"self":[{"href":"https:\/\/acontecenafronteira.com.br\/index.php\/wp-json\/wp\/v2\/posts\/6332","targetHints":{"allow":["GET"]}}],"collection":[{"href":"https:\/\/acontecenafronteira.com.br\/index.php\/wp-json\/wp\/v2\/posts"}],"about":[{"href":"https:\/\/acontecenafronteira.com.br\/index.php\/wp-json\/wp\/v2\/types\/post"}],"author":[{"embeddable":true,"href":"https:\/\/acontecenafronteira.com.br\/index.php\/wp-json\/wp\/v2\/users\/2"}],"replies":[{"embeddable":true,"href":"https:\/\/acontecenafronteira.com.br\/index.php\/wp-json\/wp\/v2\/comments?post=6332"}],"version-history":[{"count":1,"href":"https:\/\/acontecenafronteira.com.br\/index.php\/wp-json\/wp\/v2\/posts\/6332\/revisions"}],"predecessor-version":[{"id":6334,"href":"https:\/\/acontecenafronteira.com.br\/index.php\/wp-json\/wp\/v2\/posts\/6332\/revisions\/6334"}],"wp:featuredmedia":[{"embeddable":true,"href":"https:\/\/acontecenafronteira.com.br\/index.php\/wp-json\/wp\/v2\/media\/6333"}],"wp:attachment":[{"href":"https:\/\/acontecenafronteira.com.br\/index.php\/wp-json\/wp\/v2\/media?parent=6332"}],"wp:term":[{"taxonomy":"category","embeddable":true,"href":"https:\/\/acontecenafronteira.com.br\/index.php\/wp-json\/wp\/v2\/categories?post=6332"},{"taxonomy":"post_tag","embeddable":true,"href":"https:\/\/acontecenafronteira.com.br\/index.php\/wp-json\/wp\/v2\/tags?post=6332"}],"curies":[{"name":"wp","href":"https:\/\/api.w.org\/{rel}","templated":true}]}}