{"id":6304,"date":"2022-02-21T10:33:12","date_gmt":"2022-02-21T13:33:12","guid":{"rendered":"https:\/\/acontecenafronteira.com.br\/?p=6304"},"modified":"2022-02-21T10:33:13","modified_gmt":"2022-02-21T13:33:13","slug":"grupo-de-reabilitacao-visual-do-cer-iv-amplia-a-percepcao-de-sentidos-e-melhora-rotina-de-pacientes-cegos-ou-com-baixa-visao","status":"publish","type":"post","link":"https:\/\/acontecenafronteira.com.br\/index.php\/2022\/02\/21\/grupo-de-reabilitacao-visual-do-cer-iv-amplia-a-percepcao-de-sentidos-e-melhora-rotina-de-pacientes-cegos-ou-com-baixa-visao\/","title":{"rendered":"Grupo de reabilita\u00e7\u00e3o visual do CER IV amplia a percep\u00e7\u00e3o de sentidos e melhora rotina de pacientes cegos ou com baixa vis\u00e3o"},"content":{"rendered":"\n<p id=\"oficinas-semanais-ajudam-pacientes-a-utilizar-a-audicao-tato-paladar-e-olfato-para-assimilar-os-ambientes-e-recuperar-a-autoestima\">Oficinas semanais ajudam pacientes a utilizar a audi\u00e7\u00e3o, tato, paladar e olfato para assimilar os ambientes e recuperar a autoestima<\/p>\n\n\n\n<p><em>Foto: Welyton Manoel\/PMFI.<\/em><\/p>\n\n\n\n<p><br>Aos 58 anos, por complica\u00e7\u00f5es de uma doen\u00e7a, Telemarcos Ribeiro foi obrigado a encontrar um novo formato de enxergar o mundo. Cego de ambos os olhos h\u00e1 cerca de um ano, teve os h\u00e1bitos da rotina transformados em um desafio di\u00e1rio de adapta\u00e7\u00e3o.\u00a0<br><br>\u201cTudo ficou dif\u00edcil de fazer, n\u00e3o tinha mais a destreza de antes e algo precisava mudar. Foram meses terr\u00edveis que passamos\u201d, relembra. Contudo, a dificuldade tornou-se esperan\u00e7a quando passou a frequentar o grupo de reabilita\u00e7\u00e3o visual do Centro Especializado em Reabilita\u00e7\u00e3o (CER IV), equipamento da Secretaria Municipal de Sa\u00fade.<br><br>Desde ent\u00e3o, todas as quintas-feiras Telemarcos se encontra com uma equipe de profissionais que o estimulam a observar o ambiente e descobrir a for\u00e7a de novos sons, toques, gostos e aromas.\u00a0<br><br>\u201cEncontrar essas oficinas foi uma ben\u00e7\u00e3o de Deus na minha vida. As profissionais t\u00eam um carinho por n\u00f3s que \u00e9 muito grande, s\u00e3o muito atenciosas e fazem de tudo para que eu volte a me sentir bem. Quando saio, fico at\u00e9 ansioso para poder voltar e aprender mais\u201d, contou.\u00a0<br><br><strong>O simples se torna grande<br><br><\/strong>A metodologia das quatro profissionais respons\u00e1veis por coordenar o grupo passa diretamente pela assimila\u00e7\u00e3o da nova situa\u00e7\u00e3o em que eles vivem e d\u00e1 for\u00e7a para continuarem em frente, com uma vida ativa. Cada passo \u00e9 acompanhado pela psic\u00f3loga Juliana Prado, a fisioterapeuta Anna Marina, e as terapeutas ocupacionais Adriele Zappa e Thais dos Santos.\u00a0<br><br>A equipe multidisciplinar trabalha em conjunto com todo o corpo de servidores do CER IV, pois envolve tamb\u00e9m a melhoria da autoestima, relacionamento com os familiares e readapta\u00e7\u00e3o da mobilidade.<br><br>\u201cN\u00e3o \u00e9 uma situa\u00e7\u00e3o comum, claro, por esse motivo a reabilita\u00e7\u00e3o \u00e9 t\u00e3o importante. Ela mostra que a vida n\u00e3o acabou e pode ser modificada, ent\u00e3o toda a ajuda para encontrar esse novo rumo torna-se necess\u00e1ria\u201d, explicou a psic\u00f3loga Juliana.\u00a0<br><br>Para fazer isso, s\u00e3o usados jogos l\u00fadicos e simples, como criar formas com blocos de montar ou cruzar barbantes. \u00c9 assim que M\u00e1rcia Klein, 55, encontra \u00e2nimo semanal para lidar com a baixa vis\u00e3o e o alto grau de dificuldade para enxergar.\u00a0<br><br>\u201cEu andava muito estressada e ansiosa dentro de casa, mas quando comecei a participar das aulas em dezembro, senti um al\u00edvio muito grande. Somos muito bem tratados aqui sempre que viemos. Gosto porque consigo repetir alguns exerc\u00edcios em casa, o que me ajuda bastante tamb\u00e9m\u201d, disse M\u00e1rcia.\u00a0<br><br><strong>Grupo entrosado<br><br><\/strong>O grupo tamb\u00e9m visa aproximar os integrantes para que eles troquem experi\u00eancias, ou\u00e7am relatos de pessoas que j\u00e1 vivenciaram a mesma fase pela qual est\u00e3o passando e sintam-se apoiados.\u00a0<br><br>\u201cEles n\u00e3o est\u00e3o sozinhos nessa e buscamos trazer pessoas para rodas de conversa e compartilhamento. Assim os pacientes podem lidar melhor com esse est\u00e1gio e descobrir o que \u00e9 poss\u00edvel fazer, independentemente da condi\u00e7\u00e3o\u201d, afirmou Thais.\u00a0<br><br>Outro aspecto necess\u00e1rio \u00e9 incentivar a independ\u00eancia nas a\u00e7\u00f5es pr\u00e1ticas, conforme detalha Adriele. \u201cEstamos aqui para ajud\u00e1-los sempre, mas \u00e9 importante permitir que os pr\u00f3prios pacientes encontrem a melhor forma de fazer o que \u00e9 preciso, como se locomover pelo ambiente, separar pe\u00e7as, entre outras coisas. Cada um desenvolve um m\u00e9todo, que \u00e9 uma evolu\u00e7\u00e3o interessante de notar\u201d.\u00a0<br><br><strong>Amplia\u00e7\u00e3o das atividades<br><br><\/strong>De acordo com a equipe, a inten\u00e7\u00e3o \u00e9 trabalhar com turmas de at\u00e9 cinco pacientes. O n\u00famero vai permitir, al\u00e9m de um atendimento mais individualizado, a possibilidade de acompanhar tamb\u00e9m as fam\u00edlias e obter resultados de forma mais ampla.\u00a0<br><br>\u201cO que \u00e9 feito aqui tem um potencial transformador dentro das diversas atividades j\u00e1 realizadas no CER IV. Um servi\u00e7o de refer\u00eancia e cada vez mais completo ir\u00e1 ajudar muitos pacientes\u201d, frisou Caroline Santana, gerente de servi\u00e7os t\u00e9cnicos do CER IV.<br><br>\u201cEsse trabalho desenvolvido pelo CER IV com as pessoas que possuem baixa vis\u00e3o ou s\u00e3o cegas \u00e9 admir\u00e1vel. As equipes s\u00e3o realmente dedicadas a fazer o melhor pelos pacientes e promover maior qualidade de vida. Estamos trabalhando para que, em toda a rede municipal de sa\u00fade, o atendimento seja desta forma, priorizando sempre a humaniza\u00e7\u00e3o\u201d, afirma a secret\u00e1ria municipal de Sa\u00fade, Rosa Maria Jer\u00f4nymo.<\/p>\n\n\n\n<figure class=\"wp-block-gallery has-nested-images columns-default is-cropped wp-block-gallery-1 is-layout-flex wp-block-gallery-is-layout-flex\">\n<figure class=\"wp-block-image size-large is-style-default\"><a href=\"https:\/\/acontecenafronteira.com.br\/wp-content\/uploads\/2022\/02\/WhatsApp-Image-2022-02-21-at-08.34.43-3.jpeg\"><img loading=\"lazy\" decoding=\"async\" width=\"799\" height=\"533\" data-id=\"6308\" src=\"https:\/\/acontecenafronteira.com.br\/wp-content\/uploads\/2022\/02\/WhatsApp-Image-2022-02-21-at-08.34.43-3.jpeg\" alt=\"\" class=\"wp-image-6308\" srcset=\"https:\/\/acontecenafronteira.com.br\/wp-content\/uploads\/2022\/02\/WhatsApp-Image-2022-02-21-at-08.34.43-3.jpeg?v=1645450358 799w, https:\/\/acontecenafronteira.com.br\/wp-content\/uploads\/2022\/02\/WhatsApp-Image-2022-02-21-at-08.34.43-3-300x200.jpeg?v=1645450358 300w, https:\/\/acontecenafronteira.com.br\/wp-content\/uploads\/2022\/02\/WhatsApp-Image-2022-02-21-at-08.34.43-3-768x512.jpeg?v=1645450358 768w\" sizes=\"auto, (max-width: 799px) 100vw, 799px\" \/><\/a><\/figure>\n\n\n\n<figure class=\"wp-block-image size-large is-style-default\"><a href=\"https:\/\/acontecenafronteira.com.br\/wp-content\/uploads\/2022\/02\/WhatsApp-Image-2022-02-21-at-08.34.43-2.jpeg\"><img loading=\"lazy\" decoding=\"async\" width=\"799\" height=\"533\" data-id=\"6307\" src=\"https:\/\/acontecenafronteira.com.br\/wp-content\/uploads\/2022\/02\/WhatsApp-Image-2022-02-21-at-08.34.43-2.jpeg\" alt=\"\" class=\"wp-image-6307\" srcset=\"https:\/\/acontecenafronteira.com.br\/wp-content\/uploads\/2022\/02\/WhatsApp-Image-2022-02-21-at-08.34.43-2.jpeg?v=1645450358 799w, https:\/\/acontecenafronteira.com.br\/wp-content\/uploads\/2022\/02\/WhatsApp-Image-2022-02-21-at-08.34.43-2-300x200.jpeg?v=1645450358 300w, https:\/\/acontecenafronteira.com.br\/wp-content\/uploads\/2022\/02\/WhatsApp-Image-2022-02-21-at-08.34.43-2-768x512.jpeg?v=1645450358 768w\" sizes=\"auto, (max-width: 799px) 100vw, 799px\" \/><\/a><\/figure>\n\n\n\n<figure class=\"wp-block-image size-large is-style-default\"><a href=\"https:\/\/acontecenafronteira.com.br\/wp-content\/uploads\/2022\/02\/WhatsApp-Image-2022-02-21-at-08.34.43-1.jpeg\"><img loading=\"lazy\" decoding=\"async\" width=\"799\" height=\"533\" data-id=\"6309\" src=\"https:\/\/acontecenafronteira.com.br\/wp-content\/uploads\/2022\/02\/WhatsApp-Image-2022-02-21-at-08.34.43-1.jpeg\" alt=\"\" class=\"wp-image-6309\" srcset=\"https:\/\/acontecenafronteira.com.br\/wp-content\/uploads\/2022\/02\/WhatsApp-Image-2022-02-21-at-08.34.43-1.jpeg?v=1645450359 799w, https:\/\/acontecenafronteira.com.br\/wp-content\/uploads\/2022\/02\/WhatsApp-Image-2022-02-21-at-08.34.43-1-300x200.jpeg?v=1645450359 300w, https:\/\/acontecenafronteira.com.br\/wp-content\/uploads\/2022\/02\/WhatsApp-Image-2022-02-21-at-08.34.43-1-768x512.jpeg?v=1645450359 768w\" sizes=\"auto, (max-width: 799px) 100vw, 799px\" \/><\/a><\/figure>\n\n\n\n<figure class=\"wp-block-image size-large is-style-default\"><a href=\"https:\/\/acontecenafronteira.com.br\/wp-content\/uploads\/2022\/02\/WhatsApp-Image-2022-02-21-at-08.34.43.jpeg\"><img loading=\"lazy\" decoding=\"async\" width=\"799\" height=\"533\" data-id=\"6310\" src=\"https:\/\/acontecenafronteira.com.br\/wp-content\/uploads\/2022\/02\/WhatsApp-Image-2022-02-21-at-08.34.43.jpeg\" alt=\"\" class=\"wp-image-6310\" srcset=\"https:\/\/acontecenafronteira.com.br\/wp-content\/uploads\/2022\/02\/WhatsApp-Image-2022-02-21-at-08.34.43.jpeg?v=1645450359 799w, https:\/\/acontecenafronteira.com.br\/wp-content\/uploads\/2022\/02\/WhatsApp-Image-2022-02-21-at-08.34.43-300x200.jpeg?v=1645450359 300w, https:\/\/acontecenafronteira.com.br\/wp-content\/uploads\/2022\/02\/WhatsApp-Image-2022-02-21-at-08.34.43-768x512.jpeg?v=1645450359 768w\" sizes=\"auto, (max-width: 799px) 100vw, 799px\" \/><\/a><\/figure>\n<\/figure>\n","protected":false},"excerpt":{"rendered":"<p>Oficinas semanais ajudam pacientes a utilizar a audi\u00e7\u00e3o, tato, paladar e olfato para assimilar os ambientes e recuperar a autoestima Foto: Welyton Manoel\/PMFI. Aos 58 anos, por complica\u00e7\u00f5es de uma doen\u00e7a, Telemarcos Ribeiro foi obrigado a encontrar um novo formato de enxergar o mundo. Cego de ambos os olhos h\u00e1 cerca de um ano, teve [&hellip;]<\/p>\n","protected":false},"author":2,"featured_media":6311,"comment_status":"open","ping_status":"open","sticky":false,"template":"","format":"standard","meta":{"om_disable_all_campaigns":false,"_monsterinsights_skip_tracking":false,"_monsterinsights_sitenote_active":false,"_monsterinsights_sitenote_note":"","_monsterinsights_sitenote_category":0,"footnotes":""},"categories":[4,10],"tags":[],"class_list":["post-6304","post","type-post","status-publish","format-standard","has-post-thumbnail","hentry","category-cidade","category-saude"],"_links":{"self":[{"href":"https:\/\/acontecenafronteira.com.br\/index.php\/wp-json\/wp\/v2\/posts\/6304","targetHints":{"allow":["GET"]}}],"collection":[{"href":"https:\/\/acontecenafronteira.com.br\/index.php\/wp-json\/wp\/v2\/posts"}],"about":[{"href":"https:\/\/acontecenafronteira.com.br\/index.php\/wp-json\/wp\/v2\/types\/post"}],"author":[{"embeddable":true,"href":"https:\/\/acontecenafronteira.com.br\/index.php\/wp-json\/wp\/v2\/users\/2"}],"replies":[{"embeddable":true,"href":"https:\/\/acontecenafronteira.com.br\/index.php\/wp-json\/wp\/v2\/comments?post=6304"}],"version-history":[{"count":1,"href":"https:\/\/acontecenafronteira.com.br\/index.php\/wp-json\/wp\/v2\/posts\/6304\/revisions"}],"predecessor-version":[{"id":6312,"href":"https:\/\/acontecenafronteira.com.br\/index.php\/wp-json\/wp\/v2\/posts\/6304\/revisions\/6312"}],"wp:featuredmedia":[{"embeddable":true,"href":"https:\/\/acontecenafronteira.com.br\/index.php\/wp-json\/wp\/v2\/media\/6311"}],"wp:attachment":[{"href":"https:\/\/acontecenafronteira.com.br\/index.php\/wp-json\/wp\/v2\/media?parent=6304"}],"wp:term":[{"taxonomy":"category","embeddable":true,"href":"https:\/\/acontecenafronteira.com.br\/index.php\/wp-json\/wp\/v2\/categories?post=6304"},{"taxonomy":"post_tag","embeddable":true,"href":"https:\/\/acontecenafronteira.com.br\/index.php\/wp-json\/wp\/v2\/tags?post=6304"}],"curies":[{"name":"wp","href":"https:\/\/api.w.org\/{rel}","templated":true}]}}