{"id":6245,"date":"2022-02-18T11:02:52","date_gmt":"2022-02-18T14:02:52","guid":{"rendered":"https:\/\/acontecenafronteira.com.br\/?p=6245"},"modified":"2022-02-18T11:02:53","modified_gmt":"2022-02-18T14:02:53","slug":"hospital-municipal-de-foz-do-iguacu-adquire-equipamento-avancado-de-ressonancia-magnetica","status":"publish","type":"post","link":"https:\/\/acontecenafronteira.com.br\/index.php\/2022\/02\/18\/hospital-municipal-de-foz-do-iguacu-adquire-equipamento-avancado-de-ressonancia-magnetica\/","title":{"rendered":"Hospital Municipal de Foz do Igua\u00e7u adquire equipamento avan\u00e7ado de resson\u00e2ncia magn\u00e9tica"},"content":{"rendered":"\n<p id=\"aparelho-de-alta-precisao-e-qualidade-no-detalhamento-de-imagens-auxiliara-equipe-no-diagnostico-mais-rapido\">Aparelho de alta precis\u00e3o e qualidade no detalhamento de imagens auxiliar\u00e1 equipe no diagn\u00f3stico mais r\u00e1pido<\/p>\n\n\n\n<p>O Hospital Municipal Padre Germano Lauck, em Foz do Igua\u00e7u, refer\u00eancia em traumas e emerg\u00eancia, continua a investir em tecnologia diagn\u00f3stica e adquiriu nesta semana o primeiro aparelho de resson\u00e2ncia magn\u00e9tica de sua hist\u00f3ria. O equipamento \u00e9 reconhecido por sua alta precis\u00e3o e qualidade de detalhamento das imagens, seguindo os mais r\u00edgidos protocolos de seguran\u00e7a e de qualidade.<br><br>De acordo com o m\u00e9dico Amon Mendes Franco de Sousa, diretor-presidente da Funda\u00e7\u00e3o Municipal de Sa\u00fade de Foz do Igua\u00e7u, entidade gestora do hospital, o equipamento &#8220;traz uma tecnologia exclusiva de redu\u00e7\u00e3o de ru\u00eddos, proporcionando conforto aos pacientes&#8221;, destacou.<br><br>O recurso para aquisi\u00e7\u00e3o do aparelho \u00e9 proveniente do conv\u00eanio realizado entre a Funda\u00e7\u00e3o Municipal de Sa\u00fade e a Itaipu Binacional. O investimento \u00e9 de mais de R$ 5 milh\u00f5es.<br><br><strong>Sobre o aparelho<br><br><\/strong>O equipamento, da marca Philips, produz uma imagiologia de alta qualidade com tecnologia digital comprovada, produzindo resultados excelentes e solu\u00e7\u00f5es de imagens inovadoras.<br><br>O aparelho ir\u00e1 ajudar a equipe a realizar uma varredura mais r\u00e1pida e a enfrentar desafios de um exame de imagem, como, por exemplo, o movimento do paciente, que pode afetar seu desempenho cl\u00ednico.<br><br>A m\u00e1quina de resson\u00e2ncia tamb\u00e9m oferece acesso a uma grande gama de aplica\u00e7\u00f5es avan\u00e7adas para exames cerebrais, corporais, m\u00fasculo-esquel\u00e9ticos, oncol\u00f3gicos e card\u00edacos.<br><br>Como as anatomias dos pacientes diferem, as bobinas s\u00e3o flex\u00edveis e se adaptam \u00e0 forma do corpo,proporcionando uma varredura r\u00e1pida, eficiente e confort\u00e1vel.<br><br>A nova aquisi\u00e7\u00e3o, que ir\u00e1 integrar o parque tecnol\u00f3gico do hospital, tem previs\u00e3o para entrega em 120 dias. &#8220;Esse avan\u00e7o na aquisi\u00e7\u00e3o de equipamentos de ponta ir\u00e1 resultar em atendimento aos nossos usu\u00e1rios de forma integral, com qualidade, seguran\u00e7a e resolutividade&#8221;, pontuou o diretor.<\/p>\n","protected":false},"excerpt":{"rendered":"<p>Aparelho de alta precis\u00e3o e qualidade no detalhamento de imagens auxiliar\u00e1 equipe no diagn\u00f3stico mais r\u00e1pido O Hospital Municipal Padre Germano Lauck, em Foz do Igua\u00e7u, refer\u00eancia em traumas e emerg\u00eancia, continua a investir em tecnologia diagn\u00f3stica e adquiriu nesta semana o primeiro aparelho de resson\u00e2ncia magn\u00e9tica de sua hist\u00f3ria. O equipamento \u00e9 reconhecido por [&hellip;]<\/p>\n","protected":false},"author":2,"featured_media":6247,"comment_status":"open","ping_status":"open","sticky":false,"template":"","format":"standard","meta":{"om_disable_all_campaigns":false,"_monsterinsights_skip_tracking":false,"_monsterinsights_sitenote_active":false,"_monsterinsights_sitenote_note":"","_monsterinsights_sitenote_category":0,"footnotes":""},"categories":[4,10],"tags":[],"class_list":["post-6245","post","type-post","status-publish","format-standard","has-post-thumbnail","hentry","category-cidade","category-saude"],"_links":{"self":[{"href":"https:\/\/acontecenafronteira.com.br\/index.php\/wp-json\/wp\/v2\/posts\/6245","targetHints":{"allow":["GET"]}}],"collection":[{"href":"https:\/\/acontecenafronteira.com.br\/index.php\/wp-json\/wp\/v2\/posts"}],"about":[{"href":"https:\/\/acontecenafronteira.com.br\/index.php\/wp-json\/wp\/v2\/types\/post"}],"author":[{"embeddable":true,"href":"https:\/\/acontecenafronteira.com.br\/index.php\/wp-json\/wp\/v2\/users\/2"}],"replies":[{"embeddable":true,"href":"https:\/\/acontecenafronteira.com.br\/index.php\/wp-json\/wp\/v2\/comments?post=6245"}],"version-history":[{"count":1,"href":"https:\/\/acontecenafronteira.com.br\/index.php\/wp-json\/wp\/v2\/posts\/6245\/revisions"}],"predecessor-version":[{"id":6248,"href":"https:\/\/acontecenafronteira.com.br\/index.php\/wp-json\/wp\/v2\/posts\/6245\/revisions\/6248"}],"wp:featuredmedia":[{"embeddable":true,"href":"https:\/\/acontecenafronteira.com.br\/index.php\/wp-json\/wp\/v2\/media\/6247"}],"wp:attachment":[{"href":"https:\/\/acontecenafronteira.com.br\/index.php\/wp-json\/wp\/v2\/media?parent=6245"}],"wp:term":[{"taxonomy":"category","embeddable":true,"href":"https:\/\/acontecenafronteira.com.br\/index.php\/wp-json\/wp\/v2\/categories?post=6245"},{"taxonomy":"post_tag","embeddable":true,"href":"https:\/\/acontecenafronteira.com.br\/index.php\/wp-json\/wp\/v2\/tags?post=6245"}],"curies":[{"name":"wp","href":"https:\/\/api.w.org\/{rel}","templated":true}]}}