{"id":6175,"date":"2022-02-17T11:09:25","date_gmt":"2022-02-17T14:09:25","guid":{"rendered":"https:\/\/acontecenafronteira.com.br\/?p=6175"},"modified":"2022-02-17T11:09:25","modified_gmt":"2022-02-17T14:09:25","slug":"foz-do-iguacu-ira-sediar-etapa-do-mais-verao-nos-dias-26-e-27-de-fevereiro","status":"publish","type":"post","link":"https:\/\/acontecenafronteira.com.br\/index.php\/2022\/02\/17\/foz-do-iguacu-ira-sediar-etapa-do-mais-verao-nos-dias-26-e-27-de-fevereiro\/","title":{"rendered":"Foz do Igua\u00e7u ir\u00e1 sediar etapa do Mais Ver\u00e3o nos dias 26 e 27 de fevereiro"},"content":{"rendered":"\n<p id=\"competicao-aberta-ao-publico-sera-realizada-no-terminal-turistico-de-tres-lagoas-e-no-complexo-esportivo-do-ginasio-costa-cavalcanti\">Competi\u00e7\u00e3o aberta ao p\u00fablico ser\u00e1 realizada no Terminal Tur\u00edstico de Tr\u00eas Lagoas e no Complexo Esportivo do Gin\u00e1sio Costa Cavalcanti<\/p>\n\n\n\n<p>Nos dias 26 e 27 de fevereiro, Foz do Igua\u00e7u sediar\u00e1 a pen\u00faltima etapa do Mais Ver\u00e3o, que vai reunir cerca de 300 atletas do Estado em diversas modalidades esportivas. As disputas v\u00e3o ocorrer no Terminal Tur\u00edstico de Tr\u00eas Lagoas (Prainha) e no Complexo Esportivo do Gin\u00e1sio Costa Cavalcanti.<br><br>O Terminal Tur\u00edstico de Tr\u00eas Lagoas receber\u00e1 as competi\u00e7\u00f5es de futebol de areia e handbeach. No Costa Cavalcanti ser\u00e3o realizados os jogos de futev\u00f4lei e v\u00f4lei de praia. Al\u00e9m das modalidades esportivas, haver\u00e1 tamb\u00e9m na prainha as atividades de caiaque, stand up paddle e recrea\u00e7\u00e3o.<br><br>Duplas da cidade podem se inscrever ainda no torneio regional de futev\u00f4lei e v\u00f4lei de praia. O valor \u00e9 R$ 50, que ser\u00e1 revertido em premia\u00e7\u00f5es. Para garantir sua vaga entre em contato pelo telefone 99984-0337 at\u00e9 o dia do evento.&nbsp;<br><br>Os jogos ser\u00e3o abertos ao p\u00fablico e seguir\u00e3o todos os protocolos de preven\u00e7\u00e3o contra a covid-19, como a obrigatoriedade do uso de m\u00e1scaras e distanciamento entre os presentes.&nbsp;<br><br><strong>Mais Ver\u00e3o<br><br><\/strong>O Mais Ver\u00e3o \u00e9 uma parceria do Conselho de Desenvolvimento dos Munic\u00edpios Lindeiros ao Lago de Itaipu, Itaipu Binacional e administra\u00e7\u00f5es municipais, e consiste em uma s\u00e9rie de atividades esportivas e culturais desenvolvidas em espa\u00e7os p\u00fablicos e de lazer dos 16 munic\u00edpios membros do Conselho dos Lindeiros.<br><br>Foz do Igua\u00e7u vai receber a pen\u00faltima etapa dos jogos, e a \u00faltima ser\u00e1 em Diamante D\u2019Oeste nos dias 5 e 6 de mar\u00e7o, com o futebol de areia.<\/p>\n","protected":false},"excerpt":{"rendered":"<p>Competi\u00e7\u00e3o aberta ao p\u00fablico ser\u00e1 realizada no Terminal Tur\u00edstico de Tr\u00eas Lagoas e no Complexo Esportivo do Gin\u00e1sio Costa Cavalcanti Nos dias 26 e 27 de fevereiro, Foz do Igua\u00e7u sediar\u00e1 a pen\u00faltima etapa do Mais Ver\u00e3o, que vai reunir cerca de 300 atletas do Estado em diversas modalidades esportivas. As disputas v\u00e3o ocorrer no [&hellip;]<\/p>\n","protected":false},"author":2,"featured_media":6177,"comment_status":"open","ping_status":"open","sticky":false,"template":"","format":"standard","meta":{"om_disable_all_campaigns":false,"_monsterinsights_skip_tracking":false,"_monsterinsights_sitenote_active":false,"_monsterinsights_sitenote_note":"","_monsterinsights_sitenote_category":0,"footnotes":""},"categories":[4,2],"tags":[],"class_list":["post-6175","post","type-post","status-publish","format-standard","has-post-thumbnail","hentry","category-cidade","category-esportes"],"_links":{"self":[{"href":"https:\/\/acontecenafronteira.com.br\/index.php\/wp-json\/wp\/v2\/posts\/6175","targetHints":{"allow":["GET"]}}],"collection":[{"href":"https:\/\/acontecenafronteira.com.br\/index.php\/wp-json\/wp\/v2\/posts"}],"about":[{"href":"https:\/\/acontecenafronteira.com.br\/index.php\/wp-json\/wp\/v2\/types\/post"}],"author":[{"embeddable":true,"href":"https:\/\/acontecenafronteira.com.br\/index.php\/wp-json\/wp\/v2\/users\/2"}],"replies":[{"embeddable":true,"href":"https:\/\/acontecenafronteira.com.br\/index.php\/wp-json\/wp\/v2\/comments?post=6175"}],"version-history":[{"count":1,"href":"https:\/\/acontecenafronteira.com.br\/index.php\/wp-json\/wp\/v2\/posts\/6175\/revisions"}],"predecessor-version":[{"id":6178,"href":"https:\/\/acontecenafronteira.com.br\/index.php\/wp-json\/wp\/v2\/posts\/6175\/revisions\/6178"}],"wp:featuredmedia":[{"embeddable":true,"href":"https:\/\/acontecenafronteira.com.br\/index.php\/wp-json\/wp\/v2\/media\/6177"}],"wp:attachment":[{"href":"https:\/\/acontecenafronteira.com.br\/index.php\/wp-json\/wp\/v2\/media?parent=6175"}],"wp:term":[{"taxonomy":"category","embeddable":true,"href":"https:\/\/acontecenafronteira.com.br\/index.php\/wp-json\/wp\/v2\/categories?post=6175"},{"taxonomy":"post_tag","embeddable":true,"href":"https:\/\/acontecenafronteira.com.br\/index.php\/wp-json\/wp\/v2\/tags?post=6175"}],"curies":[{"name":"wp","href":"https:\/\/api.w.org\/{rel}","templated":true}]}}