{"id":5843,"date":"2022-02-09T11:06:53","date_gmt":"2022-02-09T14:06:53","guid":{"rendered":"https:\/\/acontecenafronteira.com.br\/?p=5843"},"modified":"2022-02-09T11:06:59","modified_gmt":"2022-02-09T14:06:59","slug":"guarda-municipal-prende-homem-acusado-de-furtar-cabos-eletricos-em-foz-do-iguacu","status":"publish","type":"post","link":"https:\/\/acontecenafronteira.com.br\/index.php\/2022\/02\/09\/guarda-municipal-prende-homem-acusado-de-furtar-cabos-eletricos-em-foz-do-iguacu\/","title":{"rendered":"Guarda Municipal prende homem acusado de furtar cabos el\u00e9tricos em Foz do Igua\u00e7u"},"content":{"rendered":"\n<p id=\"de-acordo-com-os-registros-da-policia-civil-o-suspeito-ja-possuia-outras-11-passagens-por-furto-de-cabos\">De acordo com os registros da Pol\u00edcia Civil, o suspeito j\u00e1 possu\u00eda outras 11 passagens por furto de cabos<\/p>\n\n\n\n<p>A Guarda Municipal prendeu na tarde desta segunda-feira (7), um homem com mais de 60 metros de cabos el\u00e9tricos furtados. A dilig\u00eancia foi realizada ap\u00f3s a den\u00fancia de um morador que viu o acusado cortando os fios de cobre de uma tubula\u00e7\u00e3o pr\u00f3xima \u00e0 pista de caminhada da Vila A, pr\u00f3xima ao CTG Charrua.<br><br>De acordo com o diretor-geral da Guarda Municipal, inspetor Edimar Langnier, o suspeito, que \u00e9 morador de rua, foi conduzido \u00e0 delegacia da Pol\u00edcia Civil, onde foi constatado que o acusado j\u00e1 possu\u00eda outras 11 ocorr\u00eancias pelo mesmo motivo. Por conta da reincid\u00eancia, o homem segue preso.<br><br>\u201cFoi necess\u00e1rio mant\u00ea-lo preso ap\u00f3s todos esses casos em sequ\u00eancia. Foram 11 vezes em que foi preso, mas com toda a certeza ele repetiu essa a\u00e7\u00e3o em outras vezes e n\u00e3o foi pego. S\u00e3o muitas ocorr\u00eancias como essa todas as semanas\u201d, afirmou Langnier.<br><br><strong>Conscientiza\u00e7\u00e3o e fiscaliza\u00e7\u00e3o<\/strong><br><br>O secret\u00e1rio de Seguran\u00e7a P\u00fablica, Reginaldo Silva, ainda pontua que os fios s\u00e3o furtados para a retirada do cobre, que por vezes s\u00e3o comprados por propriet\u00e1rios de barrac\u00f5es de reciclagem de forma irregular.<br><br>Para coibir a recepta\u00e7\u00e3o, as for\u00e7as de seguran\u00e7a da cidade mant\u00eam locais sobre monitoramento. As equipes tamb\u00e9m realizam patrulhamento ostensivo di\u00e1rio nos locais onde o n\u00famero de ocorr\u00eancias \u00e9 maior. Contudo, a popula\u00e7\u00e3o tamb\u00e9m pode contribuir com den\u00fancias.<br><br>\u201cCaso esse empres\u00e1rio compre um material, \u00e9 de extrema import\u00e2ncia que ele tenha a garantia da origem dos fios, com toda a documenta\u00e7\u00e3o correta e legalizada. A recepta\u00e7\u00e3o tamb\u00e9m \u00e9 crime. Caso algu\u00e9m apare\u00e7a com fia\u00e7\u00e3o sem confirma\u00e7\u00e3o de proced\u00eancia, pedimos tamb\u00e9m para que a pessoa denuncie\u201d.<br><br><strong>Preju\u00edzos<\/strong><br><br>Segundo a Diretoria de Ilumina\u00e7\u00e3o P\u00fablica, somente em janeiro o custo para repor as fia\u00e7\u00f5es ultrapassou os R$ 30 mil. Durante 2021, a m\u00e9dia de despesas mensais chegou a R$ 20 mil.<br><br>\u201cCada metro roubado nos gera um custo muito alto n\u00e3o somente em dinheiro, mas tamb\u00e9m em preju\u00edzos de atendimento quando o furto \u00e9 realizado em pr\u00e9dios p\u00fablicos\u201d, relatou o diretor do setor, Pedro Rodrigues.<\/p>\n","protected":false},"excerpt":{"rendered":"<p>De acordo com os registros da Pol\u00edcia Civil, o suspeito j\u00e1 possu\u00eda outras 11 passagens por furto de cabos A Guarda Municipal prendeu na tarde desta segunda-feira (7), um homem com mais de 60 metros de cabos el\u00e9tricos furtados. A dilig\u00eancia foi realizada ap\u00f3s a den\u00fancia de um morador que viu o acusado cortando os [&hellip;]<\/p>\n","protected":false},"author":2,"featured_media":5845,"comment_status":"open","ping_status":"open","sticky":false,"template":"","format":"standard","meta":{"om_disable_all_campaigns":false,"_monsterinsights_skip_tracking":false,"_monsterinsights_sitenote_active":false,"_monsterinsights_sitenote_note":"","_monsterinsights_sitenote_category":0,"footnotes":""},"categories":[4,20],"tags":[],"class_list":["post-5843","post","type-post","status-publish","format-standard","has-post-thumbnail","hentry","category-cidade","category-seguranca"],"_links":{"self":[{"href":"https:\/\/acontecenafronteira.com.br\/index.php\/wp-json\/wp\/v2\/posts\/5843","targetHints":{"allow":["GET"]}}],"collection":[{"href":"https:\/\/acontecenafronteira.com.br\/index.php\/wp-json\/wp\/v2\/posts"}],"about":[{"href":"https:\/\/acontecenafronteira.com.br\/index.php\/wp-json\/wp\/v2\/types\/post"}],"author":[{"embeddable":true,"href":"https:\/\/acontecenafronteira.com.br\/index.php\/wp-json\/wp\/v2\/users\/2"}],"replies":[{"embeddable":true,"href":"https:\/\/acontecenafronteira.com.br\/index.php\/wp-json\/wp\/v2\/comments?post=5843"}],"version-history":[{"count":1,"href":"https:\/\/acontecenafronteira.com.br\/index.php\/wp-json\/wp\/v2\/posts\/5843\/revisions"}],"predecessor-version":[{"id":5846,"href":"https:\/\/acontecenafronteira.com.br\/index.php\/wp-json\/wp\/v2\/posts\/5843\/revisions\/5846"}],"wp:featuredmedia":[{"embeddable":true,"href":"https:\/\/acontecenafronteira.com.br\/index.php\/wp-json\/wp\/v2\/media\/5845"}],"wp:attachment":[{"href":"https:\/\/acontecenafronteira.com.br\/index.php\/wp-json\/wp\/v2\/media?parent=5843"}],"wp:term":[{"taxonomy":"category","embeddable":true,"href":"https:\/\/acontecenafronteira.com.br\/index.php\/wp-json\/wp\/v2\/categories?post=5843"},{"taxonomy":"post_tag","embeddable":true,"href":"https:\/\/acontecenafronteira.com.br\/index.php\/wp-json\/wp\/v2\/tags?post=5843"}],"curies":[{"name":"wp","href":"https:\/\/api.w.org\/{rel}","templated":true}]}}