{"id":5773,"date":"2022-02-08T10:36:15","date_gmt":"2022-02-08T13:36:15","guid":{"rendered":"https:\/\/acontecenafronteira.com.br\/?p=5773"},"modified":"2022-02-08T10:36:16","modified_gmt":"2022-02-08T13:36:16","slug":"chico-brasileiro-anuncia-revitalizacao-do-corredor-turistico-de-foz-do-iguacu","status":"publish","type":"post","link":"https:\/\/acontecenafronteira.com.br\/index.php\/2022\/02\/08\/chico-brasileiro-anuncia-revitalizacao-do-corredor-turistico-de-foz-do-iguacu\/","title":{"rendered":"Chico Brasileiro anuncia revitaliza\u00e7\u00e3o do corredor tur\u00edstico de Foz do Igua\u00e7u"},"content":{"rendered":"\n<p id=\"obras-de-pavimentacao-terao-frentes-de-trabalho-em-quatro-regioes-centro-porto-meira-tres-lagoas-e-leste\">Obras de pavimenta\u00e7\u00e3o ter\u00e3o frentes de trabalho em quatro regi\u00f5es: Centro, Porto Meira, Tr\u00eas Lagoas e Leste<\/p>\n\n\n\n<p>O programa de asfalto do prefeito Chico Brasileiro, com grande avan\u00e7o nos bairros, volta-se tamb\u00e9m \u00e0s avenidas que formam o corredor tur\u00edstico, as principais vias estruturantes e o centro de Foz do Igua\u00e7u. No plano, de imediato, est\u00e1 a revitaliza\u00e7\u00e3o das avenidas General Meira e Costa e Silva, trechos das avenidas Rep\u00fablica Argentina e JK.<br><br>Os investimentos ultrapassam R$ 17,8 milh\u00f5es do contrato de R$ 60 milh\u00f5es junto ao Finisa (Financiamento \u00e0 Infraestrutura e ao Saneamento voltado ao Setor P\u00fablico) da Caixa Econ\u00f4mica Federal. &#8220;Vamos come\u00e7ar, isso para j\u00e1, a revitaliza\u00e7\u00e3o Avenida Costa e Silva desde o contorno do viaduto na BR-277 at\u00e9 o trevo das avenidas Paran\u00e1 e Rep\u00fablica Argentina&#8221;, disse.<br><br>Chico Brasileiro adianta ainda que a Secretaria de Obras tamb\u00e9m finalizou o projeto para revitaliza\u00e7\u00e3o do trecho de um quil\u00f4metro da Avenida Rep\u00fablica Argentina entre os trevos das avenidas Paran\u00e1 e JK, na regi\u00e3o central de Foz do Igua\u00e7u. &#8220;J\u00e1 lan\u00e7amos essa licita\u00e7\u00e3o na sexta-feira (4)&#8221;, disse.<br><br>&#8220;E n\u00e3o s\u00e3o apenas as avenidas Costa e Silva e Rep\u00fablica Argentina. Outra avenida que \u00e9 um grande corredor tur\u00edstico, \u00e9 a General Meira. Lan\u00e7amos a licita\u00e7\u00e3o e nos&nbsp;pr\u00f3ximos meses deve ser conclu\u00edda se&nbsp;possa ter esta duas obras praticamente ao mesmo tempo&#8221;, disse Brasileiro.<br><br>Os seis quil\u00f4metros da Avenida General Meira, entre o trevo do Boicy at\u00e9 a cabeceira&nbsp;do rio Igua\u00e7u, ter\u00e3o duas pistas, ciclovia, paisagismo, pistas de caminhada e paisagismo. &#8220;J\u00e1 temos dois grandes atrativos (Marco das Tr\u00eas Fronteiras e a Roda Gigante) e sabemos que outros empreendimentos ser\u00e3o erguidos na regi\u00e3o&#8221;, disse Brasileiro.<br><br><strong>Quatro regi\u00f5es<\/strong><br><br>O prefeito tamb\u00e9m adiantou que as ruas do Jardim Patriarca &#8211; que inclui ainda trechos da Avenida Safari at\u00e9 a Avenida Javier Koelbl, ligando as avenidas das Cataratas (Shopping Catua\u00ed) a General Meira -, al\u00e9m da liga\u00e7\u00e3o do Beverly Falls Park e Jardim Alice (pr\u00f3ximo ao gin\u00e1sio de esporte Costa Cavalcanti) e de ruas na regi\u00e3o de Tr\u00eas Lagoas.<br><br>&#8220;Vamos revitalizar e asfaltar o corredor da Vila Yolanda saindo da Felipe Wandscheer at\u00e9 a Avenida das Cataratas. Essa avenida vai criar outro fluxo porque hoje tudo \u00e9 pela Avenida Igua\u00e7u. Com um novo fluxo, o tr\u00e2nsito&nbsp;\u00e9 melhor distribu\u00eddo e evita o desgaste do pavimento&#8221;, completou Chico Brasileiro.<br><br>A prefeitura, s\u00f3 com o programa do asfalto, estar\u00e1 com obras de pavimenta\u00e7\u00e3o em quatro regi\u00f5es da cidade e a expectativa de Chico Brasileiro \u00e9 pavimentar todas as ruas da cidade at\u00e9 o fim de 2024. &#8220;Tenho certeza que vamos conseguir e estamos trabalhando forte, em v\u00e1rias frente, para alcan\u00e7ar essa meta&#8221;.<\/p>\n","protected":false},"excerpt":{"rendered":"<p>Obras de pavimenta\u00e7\u00e3o ter\u00e3o frentes de trabalho em quatro regi\u00f5es: Centro, Porto Meira, Tr\u00eas Lagoas e Leste O programa de asfalto do prefeito Chico Brasileiro, com grande avan\u00e7o nos bairros, volta-se tamb\u00e9m \u00e0s avenidas que formam o corredor tur\u00edstico, as principais vias estruturantes e o centro de Foz do Igua\u00e7u. No plano, de imediato, est\u00e1 [&hellip;]<\/p>\n","protected":false},"author":2,"featured_media":5775,"comment_status":"open","ping_status":"open","sticky":false,"template":"","format":"standard","meta":{"om_disable_all_campaigns":false,"_monsterinsights_skip_tracking":false,"_monsterinsights_sitenote_active":false,"_monsterinsights_sitenote_note":"","_monsterinsights_sitenote_category":0,"footnotes":""},"categories":[4,14],"tags":[],"class_list":["post-5773","post","type-post","status-publish","format-standard","has-post-thumbnail","hentry","category-cidade","category-obras"],"_links":{"self":[{"href":"https:\/\/acontecenafronteira.com.br\/index.php\/wp-json\/wp\/v2\/posts\/5773","targetHints":{"allow":["GET"]}}],"collection":[{"href":"https:\/\/acontecenafronteira.com.br\/index.php\/wp-json\/wp\/v2\/posts"}],"about":[{"href":"https:\/\/acontecenafronteira.com.br\/index.php\/wp-json\/wp\/v2\/types\/post"}],"author":[{"embeddable":true,"href":"https:\/\/acontecenafronteira.com.br\/index.php\/wp-json\/wp\/v2\/users\/2"}],"replies":[{"embeddable":true,"href":"https:\/\/acontecenafronteira.com.br\/index.php\/wp-json\/wp\/v2\/comments?post=5773"}],"version-history":[{"count":1,"href":"https:\/\/acontecenafronteira.com.br\/index.php\/wp-json\/wp\/v2\/posts\/5773\/revisions"}],"predecessor-version":[{"id":5776,"href":"https:\/\/acontecenafronteira.com.br\/index.php\/wp-json\/wp\/v2\/posts\/5773\/revisions\/5776"}],"wp:featuredmedia":[{"embeddable":true,"href":"https:\/\/acontecenafronteira.com.br\/index.php\/wp-json\/wp\/v2\/media\/5775"}],"wp:attachment":[{"href":"https:\/\/acontecenafronteira.com.br\/index.php\/wp-json\/wp\/v2\/media?parent=5773"}],"wp:term":[{"taxonomy":"category","embeddable":true,"href":"https:\/\/acontecenafronteira.com.br\/index.php\/wp-json\/wp\/v2\/categories?post=5773"},{"taxonomy":"post_tag","embeddable":true,"href":"https:\/\/acontecenafronteira.com.br\/index.php\/wp-json\/wp\/v2\/tags?post=5773"}],"curies":[{"name":"wp","href":"https:\/\/api.w.org\/{rel}","templated":true}]}}