{"id":5770,"date":"2022-02-08T10:34:32","date_gmt":"2022-02-08T13:34:32","guid":{"rendered":"https:\/\/acontecenafronteira.com.br\/?p=5770"},"modified":"2022-02-08T10:34:32","modified_gmt":"2022-02-08T13:34:32","slug":"policia-civil-prende-em-flagrante-suspeito-de-praticar-roubos-na-ponte-da-amizade","status":"publish","type":"post","link":"https:\/\/acontecenafronteira.com.br\/index.php\/2022\/02\/08\/policia-civil-prende-em-flagrante-suspeito-de-praticar-roubos-na-ponte-da-amizade\/","title":{"rendered":"POL\u00cdCIA CIVIL PRENDE EM FLAGRANTE SUSPEITO DE PRATICAR ROUBOS NA PONTE DA AMIZADE"},"content":{"rendered":"\n<p>Neste s\u00e1bado (05), policiais civis do Grupo de Dilig\u00eancias Especiais \u2013 GDE, prenderam, homem, 22 anos de idade, no bairro Jardim Jupira, pela pr\u00e1tica do crime de posse irregular de arma de fogo.<\/p>\n\n\n\n<p>Ap\u00f3s recebimento de den\u00fancias de diversas v\u00edtimas registradas durante a semana, os investigadores efetuaram dilig\u00eancias, localizando o ve\u00edculo que era utilizado pelo suspeito de praticar roubos nas proximidades da Ponte Internacional da Amizade.<\/p>\n\n\n\n<p>Ainda no momento da abordagem, foi localizada no porta-luvas do ve\u00edculo uma arma de fogo tipo revolver, calibre .38, acompanhado de seis muni\u00e7\u00f5es, com caracter\u00edsticas descritas pelas v\u00edtimas.<\/p>\n\n\n\n<p>Diante do fatos, ve\u00edculo e arma de fogo foram apreendidos e o suspeito conduzido at\u00e9 a Cadeia P\u00fablica Laudemir Neves, onde permanecer\u00e1 a disposi\u00e7\u00e3o da Justi\u00e7a.<\/p>\n","protected":false},"excerpt":{"rendered":"<p>Neste s\u00e1bado (05), policiais civis do Grupo de Dilig\u00eancias Especiais \u2013 GDE, prenderam, homem, 22 anos de idade, no bairro Jardim Jupira, pela pr\u00e1tica do crime de posse irregular de arma de fogo. Ap\u00f3s recebimento de den\u00fancias de diversas v\u00edtimas registradas durante a semana, os investigadores efetuaram dilig\u00eancias, localizando o ve\u00edculo que era utilizado pelo [&hellip;]<\/p>\n","protected":false},"author":2,"featured_media":5771,"comment_status":"open","ping_status":"open","sticky":false,"template":"","format":"standard","meta":{"om_disable_all_campaigns":false,"_monsterinsights_skip_tracking":false,"_monsterinsights_sitenote_active":false,"_monsterinsights_sitenote_note":"","_monsterinsights_sitenote_category":0,"footnotes":""},"categories":[4,21,5,20],"tags":[],"class_list":["post-5770","post","type-post","status-publish","format-standard","has-post-thumbnail","hentry","category-cidade","category-fronteira","category-policia","category-seguranca"],"_links":{"self":[{"href":"https:\/\/acontecenafronteira.com.br\/index.php\/wp-json\/wp\/v2\/posts\/5770","targetHints":{"allow":["GET"]}}],"collection":[{"href":"https:\/\/acontecenafronteira.com.br\/index.php\/wp-json\/wp\/v2\/posts"}],"about":[{"href":"https:\/\/acontecenafronteira.com.br\/index.php\/wp-json\/wp\/v2\/types\/post"}],"author":[{"embeddable":true,"href":"https:\/\/acontecenafronteira.com.br\/index.php\/wp-json\/wp\/v2\/users\/2"}],"replies":[{"embeddable":true,"href":"https:\/\/acontecenafronteira.com.br\/index.php\/wp-json\/wp\/v2\/comments?post=5770"}],"version-history":[{"count":1,"href":"https:\/\/acontecenafronteira.com.br\/index.php\/wp-json\/wp\/v2\/posts\/5770\/revisions"}],"predecessor-version":[{"id":5772,"href":"https:\/\/acontecenafronteira.com.br\/index.php\/wp-json\/wp\/v2\/posts\/5770\/revisions\/5772"}],"wp:featuredmedia":[{"embeddable":true,"href":"https:\/\/acontecenafronteira.com.br\/index.php\/wp-json\/wp\/v2\/media\/5771"}],"wp:attachment":[{"href":"https:\/\/acontecenafronteira.com.br\/index.php\/wp-json\/wp\/v2\/media?parent=5770"}],"wp:term":[{"taxonomy":"category","embeddable":true,"href":"https:\/\/acontecenafronteira.com.br\/index.php\/wp-json\/wp\/v2\/categories?post=5770"},{"taxonomy":"post_tag","embeddable":true,"href":"https:\/\/acontecenafronteira.com.br\/index.php\/wp-json\/wp\/v2\/tags?post=5770"}],"curies":[{"name":"wp","href":"https:\/\/api.w.org\/{rel}","templated":true}]}}