{"id":5743,"date":"2022-02-07T10:13:55","date_gmt":"2022-02-07T13:13:55","guid":{"rendered":"https:\/\/acontecenafronteira.com.br\/?p=5743"},"modified":"2022-02-07T10:13:56","modified_gmt":"2022-02-07T13:13:56","slug":"justica-suspende-rompimento-do-contrato-com-o-consorcio-sorriso","status":"publish","type":"post","link":"https:\/\/acontecenafronteira.com.br\/index.php\/2022\/02\/07\/justica-suspende-rompimento-do-contrato-com-o-consorcio-sorriso\/","title":{"rendered":"Justi\u00e7a suspende rompimento do contrato com o Cons\u00f3rcio Sorriso"},"content":{"rendered":"\n<p>Em decis\u00e3o tomada nesta sexta-feira (4), a 1\u00aa Vara da Fazenda P\u00fablica de Foz do Igua\u00e7u suspendeu o decreto de caducidade do contrato da prefeitura com o Cons\u00f3rcio Sorriso, que det\u00e9m a concess\u00e3o do transporte coletivo de Foz do Igua\u00e7u at\u00e9 2025.<\/p>\n\n\n\n<p>O juiz Rodrigo Luis Giacomin arguemtnou a decis\u00e3o, ap\u00f3s pedido do Cons\u00f3rcio, dizendo que as alega\u00e7\u00f5es do Munic\u00edpio s\u00e3o contradit\u00f3rios. O prefeito Chico Brasileiro (PSD) decretou a caducidade com as empresas Tranbalan, Cidade Verde e Vale do Igua\u00e7u, em 22 de dezembro de 2021, argumentando que o contrato n\u00e3o estava sendo cumprido, constatado atrav\u00e9s de uma comiss\u00e3o que apurou as supostas irregularidades.<\/p>\n\n\n\n<p><em>Ora, se a redu\u00e7\u00e3o da frota pela parte autora interferia no regular funcionamento do servi\u00e7o de transporte p\u00fablico, parece l\u00f3gico que o Munic\u00edpio r\u00e9u deveria, ao menos, estabelecer como frota m\u00ednima, no Termo de Refer\u00eancia, a quantia de 158 (cento e cinquenta e oito) \u00f4nibus. Entretanto, al\u00e9m de requisitar quantidade inferior \u00e0 atual, o Munic\u00edpio de Foz do Igua\u00e7u, ao estabelecer que o aumento proporcional ir\u00e1 ocorrer somente se houver necessidade no decorrer do contrato, deixou claro que sequer necessita dos 104 (cento e quatro) ve\u00edculos que est\u00e3o atualmente em circula\u00e7\u00e3o, o que causa perplexidade aos olhos do contribuinte.<br>Desse modo, resta claro que, ao apresentar como motiva\u00e7\u00e3o para decreta\u00e7\u00e3o da caducidade a redu\u00e7\u00e3o da frota e, posteriormente, estabelecer frota m\u00ednima em quantia inferior \u00e0 atual, para a contrata\u00e7\u00e3o de nova empresa, a conduta do agente p\u00fablico viola a Teoria dos Motivos Determinantes, sendo o ato administrativo questionado, portanto, revestido de ilegalidade<\/em>, diz a decis\u00e3o judicial.<\/p>\n\n\n\n<p>Pelo decreto da prefeitura, o Cons\u00f3rcio Sorriso deveria encerrar as atividades na cidade no pr\u00f3ximo dia 20 de fevereiro, quando ent\u00e3o uma nova empresa contratada por 12 meses deveria prestar o servi\u00e7o de transporte coletivo.<\/p>\n\n\n\n<p>Radio Cultura Foz<\/p>\n","protected":false},"excerpt":{"rendered":"<p>Em decis\u00e3o tomada nesta sexta-feira (4), a 1\u00aa Vara da Fazenda P\u00fablica de Foz do Igua\u00e7u suspendeu o decreto de caducidade do contrato da prefeitura com o Cons\u00f3rcio Sorriso, que det\u00e9m a concess\u00e3o do transporte coletivo de Foz do Igua\u00e7u at\u00e9 2025. O juiz Rodrigo Luis Giacomin arguemtnou a decis\u00e3o, ap\u00f3s pedido do Cons\u00f3rcio, dizendo [&hellip;]<\/p>\n","protected":false},"author":2,"featured_media":5744,"comment_status":"open","ping_status":"open","sticky":false,"template":"","format":"standard","meta":{"om_disable_all_campaigns":false,"_monsterinsights_skip_tracking":false,"_monsterinsights_sitenote_active":false,"_monsterinsights_sitenote_note":"","_monsterinsights_sitenote_category":0,"footnotes":""},"categories":[4],"tags":[],"class_list":["post-5743","post","type-post","status-publish","format-standard","has-post-thumbnail","hentry","category-cidade"],"_links":{"self":[{"href":"https:\/\/acontecenafronteira.com.br\/index.php\/wp-json\/wp\/v2\/posts\/5743","targetHints":{"allow":["GET"]}}],"collection":[{"href":"https:\/\/acontecenafronteira.com.br\/index.php\/wp-json\/wp\/v2\/posts"}],"about":[{"href":"https:\/\/acontecenafronteira.com.br\/index.php\/wp-json\/wp\/v2\/types\/post"}],"author":[{"embeddable":true,"href":"https:\/\/acontecenafronteira.com.br\/index.php\/wp-json\/wp\/v2\/users\/2"}],"replies":[{"embeddable":true,"href":"https:\/\/acontecenafronteira.com.br\/index.php\/wp-json\/wp\/v2\/comments?post=5743"}],"version-history":[{"count":1,"href":"https:\/\/acontecenafronteira.com.br\/index.php\/wp-json\/wp\/v2\/posts\/5743\/revisions"}],"predecessor-version":[{"id":5745,"href":"https:\/\/acontecenafronteira.com.br\/index.php\/wp-json\/wp\/v2\/posts\/5743\/revisions\/5745"}],"wp:featuredmedia":[{"embeddable":true,"href":"https:\/\/acontecenafronteira.com.br\/index.php\/wp-json\/wp\/v2\/media\/5744"}],"wp:attachment":[{"href":"https:\/\/acontecenafronteira.com.br\/index.php\/wp-json\/wp\/v2\/media?parent=5743"}],"wp:term":[{"taxonomy":"category","embeddable":true,"href":"https:\/\/acontecenafronteira.com.br\/index.php\/wp-json\/wp\/v2\/categories?post=5743"},{"taxonomy":"post_tag","embeddable":true,"href":"https:\/\/acontecenafronteira.com.br\/index.php\/wp-json\/wp\/v2\/tags?post=5743"}],"curies":[{"name":"wp","href":"https:\/\/api.w.org\/{rel}","templated":true}]}}