{"id":5739,"date":"2022-02-07T10:10:34","date_gmt":"2022-02-07T13:10:34","guid":{"rendered":"https:\/\/acontecenafronteira.com.br\/?p=5739"},"modified":"2022-02-07T10:10:35","modified_gmt":"2022-02-07T13:10:35","slug":"nao-vacinados-ou-com-esquema-incompleto-representam-72-das-mortes-por-covid-em-janeiro-em-foz-do-iguacu","status":"publish","type":"post","link":"https:\/\/acontecenafronteira.com.br\/index.php\/2022\/02\/07\/nao-vacinados-ou-com-esquema-incompleto-representam-72-das-mortes-por-covid-em-janeiro-em-foz-do-iguacu\/","title":{"rendered":"N\u00e3o vacinados ou com esquema incompleto representam 72% das mortes por Covid em janeiro em Foz do Igua\u00e7u"},"content":{"rendered":"\n<p id=\"dados-da-secretaria-municipal-de-saude-apontam-reducao-no-numero-de-hospitalizacoes-e-obitos-pela-doenca-com-relacao-ao-mesmo-periodo-do-ano-passado\">Dados da Secretaria Municipal de Sa\u00fade apontam redu\u00e7\u00e3o no n\u00famero de hospitaliza\u00e7\u00f5es e \u00f3bitos pela doen\u00e7a com rela\u00e7\u00e3o ao mesmo per\u00edodo do ano passado<\/p>\n\n\n\n<p><em>Fotos: Christian Rizzi\/PMFI.<\/em><br><br>O avan\u00e7o da vacina\u00e7\u00e3o contra a Covid-19 em Foz do Igua\u00e7u tem refletido na redu\u00e7\u00e3o de \u00f3bitos e hospitaliza\u00e7\u00f5es pela doen\u00e7a. Apesar do expressivo aumento de casos em janeiro (18.967), dados da Secretaria Municipal da Sa\u00fade e CIEVS Fronteira (Centro de Informa\u00e7\u00f5es Estrat\u00e9gicas em Vigil\u00e2ncia em Sa\u00fade), apontam uma redu\u00e7\u00e3o de 62,1% no n\u00famero de \u00f3bitos, na compara\u00e7\u00e3o com 2021.<br><br>Enquanto em janeiro do ano passado, 74 pessoas perderam a vida para a doen\u00e7a, neste m\u00eas foram registrados 28 \u00f3bitos por Covid. Desses, 72% (20 pessoas) n\u00e3o estavam vacinados ou possu\u00edam o esquema vacinal incompleto, e 28% (8 pessoas) possu\u00edam o esquema vacinal completo.<br><br>Todos os \u00f3bitos registrados no m\u00eas de janeiro, de acordo com o CIEVS, possu\u00edam alguma comorbidade e\/ou fator de risco correlacionado ao agravo. A hipertens\u00e3o e o diabetes melittus mant\u00eam-se como as doen\u00e7as mais prevalentes entre os \u00f3bitos.<br><br>As hospitaliza\u00e7\u00f5es tamb\u00e9m apresentaram redu\u00e7\u00e3o de 34%. Enquanto em janeiro de 2021 o n\u00famero de pacientes internados era de 230, em janeiro deste ano foram internadas 152 pessoas. Em rela\u00e7\u00e3o aos hospitalizados nos leitos de UTI, houve redu\u00e7\u00e3o de 59% na ocupa\u00e7\u00e3o dos leitos e de 9% na ocupa\u00e7\u00e3o dos leitos de enfermaria.<br><br>Os per\u00edodos com maiores registros de \u00f3bitos em Foz do Igua\u00e7u foram os meses de fevereiro e mar\u00e7o de 2021. Nesta \u00e9poca, a vacina\u00e7\u00e3o ainda estava iniciando do pa\u00eds, concentrando-se na faixa et\u00e1ria acima de 80 anos com comorbidades associadas e grupos estrat\u00e9gicos, como os profissionais da sa\u00fade. No acumulado, desde o in\u00edcio da pandemia, em mar\u00e7o de 2020, s\u00e3o 1.201 \u00f3bitos, at\u00e9 o dia 04 de fevereiro de 2022.<br><br>&#8220;Esses dados s\u00e3o a comprova\u00e7\u00e3o de que a vacina \u00e9 o melhor caminho para nos protegermos da doen\u00e7a e o rumo para o fim desta pandemia. N\u00f3s temos doses dispon\u00edveis e as 29 unidades est\u00e3o fazendo primeira, segunda e terceira dose de adultos e adolescentes, sem necessidade de agendamento. \u00c9 preciso que quem est\u00e1 com o esquema incompleto compare\u00e7a para proteger a si e aos outros&#8221;, destaca a secret\u00e1ria municipal de Sa\u00fade, Rosa Maria Jer\u00f4nymo.<br><br>&#8220;Tamb\u00e9m \u00e9 muito importante a vacina\u00e7\u00e3o das crian\u00e7as. Estamos com mais de 7 mil vacinadas, mas nosso p\u00fablico estimado \u00e9 de 26 mil. Ent\u00e3o, pedimos aos pais para que fa\u00e7am o agendamento e levem os pequenos para receber as doses. A ci\u00eancia j\u00e1 comprovou que a vacina \u00e9 segura&#8221;, complementa.<br><br>Foz do Igua\u00e7u tem 92,1% da popula\u00e7\u00e3o vacinada com ao menos uma dose e 83,5% est\u00e1 imunizada com as duas doses. Receberam a dose de refor\u00e7o apenas 32,2% da popula\u00e7\u00e3o.<\/p>\n","protected":false},"excerpt":{"rendered":"<p>Dados da Secretaria Municipal de Sa\u00fade apontam redu\u00e7\u00e3o no n\u00famero de hospitaliza\u00e7\u00f5es e \u00f3bitos pela doen\u00e7a com rela\u00e7\u00e3o ao mesmo per\u00edodo do ano passado Fotos: Christian Rizzi\/PMFI. O avan\u00e7o da vacina\u00e7\u00e3o contra a Covid-19 em Foz do Igua\u00e7u tem refletido na redu\u00e7\u00e3o de \u00f3bitos e hospitaliza\u00e7\u00f5es pela doen\u00e7a. Apesar do expressivo aumento de casos em [&hellip;]<\/p>\n","protected":false},"author":2,"featured_media":5741,"comment_status":"open","ping_status":"open","sticky":false,"template":"","format":"standard","meta":{"om_disable_all_campaigns":false,"_monsterinsights_skip_tracking":false,"_monsterinsights_sitenote_active":false,"_monsterinsights_sitenote_note":"","_monsterinsights_sitenote_category":0,"footnotes":""},"categories":[4,7],"tags":[],"class_list":["post-5739","post","type-post","status-publish","format-standard","has-post-thumbnail","hentry","category-cidade","category-covid-19"],"_links":{"self":[{"href":"https:\/\/acontecenafronteira.com.br\/index.php\/wp-json\/wp\/v2\/posts\/5739","targetHints":{"allow":["GET"]}}],"collection":[{"href":"https:\/\/acontecenafronteira.com.br\/index.php\/wp-json\/wp\/v2\/posts"}],"about":[{"href":"https:\/\/acontecenafronteira.com.br\/index.php\/wp-json\/wp\/v2\/types\/post"}],"author":[{"embeddable":true,"href":"https:\/\/acontecenafronteira.com.br\/index.php\/wp-json\/wp\/v2\/users\/2"}],"replies":[{"embeddable":true,"href":"https:\/\/acontecenafronteira.com.br\/index.php\/wp-json\/wp\/v2\/comments?post=5739"}],"version-history":[{"count":1,"href":"https:\/\/acontecenafronteira.com.br\/index.php\/wp-json\/wp\/v2\/posts\/5739\/revisions"}],"predecessor-version":[{"id":5742,"href":"https:\/\/acontecenafronteira.com.br\/index.php\/wp-json\/wp\/v2\/posts\/5739\/revisions\/5742"}],"wp:featuredmedia":[{"embeddable":true,"href":"https:\/\/acontecenafronteira.com.br\/index.php\/wp-json\/wp\/v2\/media\/5741"}],"wp:attachment":[{"href":"https:\/\/acontecenafronteira.com.br\/index.php\/wp-json\/wp\/v2\/media?parent=5739"}],"wp:term":[{"taxonomy":"category","embeddable":true,"href":"https:\/\/acontecenafronteira.com.br\/index.php\/wp-json\/wp\/v2\/categories?post=5739"},{"taxonomy":"post_tag","embeddable":true,"href":"https:\/\/acontecenafronteira.com.br\/index.php\/wp-json\/wp\/v2\/tags?post=5739"}],"curies":[{"name":"wp","href":"https:\/\/api.w.org\/{rel}","templated":true}]}}