{"id":5735,"date":"2022-02-07T10:09:31","date_gmt":"2022-02-07T13:09:31","guid":{"rendered":"https:\/\/acontecenafronteira.com.br\/?p=5735"},"modified":"2022-02-07T10:09:32","modified_gmt":"2022-02-07T13:09:32","slug":"mais-oito-unidades-de-saude-de-foz-voltam-a-atender-regularmente-nesta-segunda-feira","status":"publish","type":"post","link":"https:\/\/acontecenafronteira.com.br\/index.php\/2022\/02\/07\/mais-oito-unidades-de-saude-de-foz-voltam-a-atender-regularmente-nesta-segunda-feira\/","title":{"rendered":"Mais oito unidades de sa\u00fade de Foz voltam a atender regularmente nesta segunda-feira"},"content":{"rendered":"\n<p id=\"vinte-ubs-estavam-atendendo-exclusivamente-pacientes-com-sintomas-respiratorios-agora-serao-18-para-o-atendimento-regular-queda-nos-casos-de-covid-19-reforcou-a-decisao\">Vinte UBS estavam atendendo exclusivamente pacientes com sintomas respirat\u00f3rios, agora ser\u00e3o 18 para o atendimento regular; queda nos casos de covid-19 refor\u00e7ou a decis\u00e3o<\/p>\n\n\n\n<p>A Secretaria Municipal de Sa\u00fade vai retomar o atendimento normal em mais oito Unidades B\u00e1sicas de Sa\u00fade de Foz do Igua\u00e7u, a partir desta segunda-feira (6). Desde a segunda quinzena de janeiro, vinte UBS estavam dedicadas \u00e0 assist\u00eancia aos pacientes com sintomas respirat\u00f3rios, devido ao expressivo aumento de casos de covid-19 e tamb\u00e9m de influenza.<br><br>As unidades que voltam a atender o p\u00fablico geral s\u00e3o a Vila Carim\u00e3&nbsp; (Regi\u00e3o Sul), Morumbi II e Jardim S\u00e3o Paulo I (Regi\u00e3o Leste), Parque Presidente e Vila Adriana (Regi\u00e3o Oeste), Tr\u00eas Bandeiras (Nordeste), al\u00e9m da Cidade Nova e Jardim Curitibano (Regi\u00e3o Norte). A partir de agora, ser\u00e3o dezoito pontos para atendimento de rotina.<br><br>No m\u00eas passado, apenas dez UBSs estavam dispon\u00edveis para a demanda normal, em decorr\u00eancia da grande quantidade dos resultados positivos de testes para a covid-19. O munic\u00edpio&nbsp; registrou&nbsp; mais de 4 mil casos numa \u00fanica semana.<br><br>O cen\u00e1rio tem apresentado melhora. H\u00e1 sete dias a Secretaria Municipal de Sa\u00fade observa a queda gradativa do n\u00famero de pessoas contaminadas. A redu\u00e7\u00e3o foi de cerca de 50%.<br><br>&#8220;O n\u00famero ainda \u00e9 alto e continuamos atentas, mas j\u00e1 nos permite recuar em algumas medidas, entre elas, diminuir os pontos de refer\u00eancia para atendimento dos pacientes sintom\u00e1ticos&#8221;, afirmou a secret\u00e1ria de Sa\u00fade, Rosa Maria Jer\u00f4nymo. A secret\u00e1ria ressalta que aos poucos quem usa a sa\u00fade p\u00fablica pode voltar a fazer suas consultas nas unidades pr\u00f3ximas de onde reside.<br><br>O n\u00famero em queda dos casos positivos e a facilidade de acesso da popula\u00e7\u00e3o &#8211; dist\u00e2ncia percorrida para buscar o atendimento de rotina &#8211; foram os principais crit\u00e9rios que embasaram a decis\u00e3o. &#8220;Consideramos o n\u00famero de casos e, principalmente, a dificuldade de quem precisa ir para outras regi\u00f5es fazer uma consulta ou renovar uma receita, por exemplo&#8221;, explicou a diretora da Aten\u00e7\u00e3o B\u00e1sica, Jaqueline Tontini.<br><br>Com a redu\u00e7\u00e3o dos casos, a diretora acredita que as demais unidades voltem a atender regularmente nas pr\u00f3ximas semanas. Por\u00e9m, ela ressalta que, se for necess\u00e1rio, a gest\u00e3o pode retomar a indica\u00e7\u00e3o de UBSs como refer\u00eancia para pacientes suspeitos de estarem contaminados. &#8220;Esperamos que isso n\u00e3o aconte\u00e7a e, em breve, todas as 30 Unidades B\u00e1sicas de Sa\u00fade poder\u00e3o operar com normalidade&#8221;, concluiu.<\/p>\n","protected":false},"excerpt":{"rendered":"<p>Vinte UBS estavam atendendo exclusivamente pacientes com sintomas respirat\u00f3rios, agora ser\u00e3o 18 para o atendimento regular; queda nos casos de covid-19 refor\u00e7ou a decis\u00e3o A Secretaria Municipal de Sa\u00fade vai retomar o atendimento normal em mais oito Unidades B\u00e1sicas de Sa\u00fade de Foz do Igua\u00e7u, a partir desta segunda-feira (6). Desde a segunda quinzena de [&hellip;]<\/p>\n","protected":false},"author":2,"featured_media":5737,"comment_status":"open","ping_status":"open","sticky":false,"template":"","format":"standard","meta":{"om_disable_all_campaigns":false,"_monsterinsights_skip_tracking":false,"_monsterinsights_sitenote_active":false,"_monsterinsights_sitenote_note":"","_monsterinsights_sitenote_category":0,"footnotes":""},"categories":[4,7],"tags":[],"class_list":["post-5735","post","type-post","status-publish","format-standard","has-post-thumbnail","hentry","category-cidade","category-covid-19"],"_links":{"self":[{"href":"https:\/\/acontecenafronteira.com.br\/index.php\/wp-json\/wp\/v2\/posts\/5735","targetHints":{"allow":["GET"]}}],"collection":[{"href":"https:\/\/acontecenafronteira.com.br\/index.php\/wp-json\/wp\/v2\/posts"}],"about":[{"href":"https:\/\/acontecenafronteira.com.br\/index.php\/wp-json\/wp\/v2\/types\/post"}],"author":[{"embeddable":true,"href":"https:\/\/acontecenafronteira.com.br\/index.php\/wp-json\/wp\/v2\/users\/2"}],"replies":[{"embeddable":true,"href":"https:\/\/acontecenafronteira.com.br\/index.php\/wp-json\/wp\/v2\/comments?post=5735"}],"version-history":[{"count":1,"href":"https:\/\/acontecenafronteira.com.br\/index.php\/wp-json\/wp\/v2\/posts\/5735\/revisions"}],"predecessor-version":[{"id":5738,"href":"https:\/\/acontecenafronteira.com.br\/index.php\/wp-json\/wp\/v2\/posts\/5735\/revisions\/5738"}],"wp:featuredmedia":[{"embeddable":true,"href":"https:\/\/acontecenafronteira.com.br\/index.php\/wp-json\/wp\/v2\/media\/5737"}],"wp:attachment":[{"href":"https:\/\/acontecenafronteira.com.br\/index.php\/wp-json\/wp\/v2\/media?parent=5735"}],"wp:term":[{"taxonomy":"category","embeddable":true,"href":"https:\/\/acontecenafronteira.com.br\/index.php\/wp-json\/wp\/v2\/categories?post=5735"},{"taxonomy":"post_tag","embeddable":true,"href":"https:\/\/acontecenafronteira.com.br\/index.php\/wp-json\/wp\/v2\/tags?post=5735"}],"curies":[{"name":"wp","href":"https:\/\/api.w.org\/{rel}","templated":true}]}}