{"id":5707,"date":"2022-02-04T14:22:54","date_gmt":"2022-02-04T17:22:54","guid":{"rendered":"https:\/\/acontecenafronteira.com.br\/?p=5707"},"modified":"2022-02-04T14:22:55","modified_gmt":"2022-02-04T17:22:55","slug":"secretaria-de-saude-amplia-acesso-a-medicacao-nas-unidades-basicas-de-foz-do-iguacu","status":"publish","type":"post","link":"https:\/\/acontecenafronteira.com.br\/index.php\/2022\/02\/04\/secretaria-de-saude-amplia-acesso-a-medicacao-nas-unidades-basicas-de-foz-do-iguacu\/","title":{"rendered":"Secretaria de Sa\u00fade amplia acesso \u00e0 medica\u00e7\u00e3o nas Unidades B\u00e1sicas de Foz do Igua\u00e7u"},"content":{"rendered":"\n<p id=\"em-2021-foram-implantadas-sete-novas-farmacias-mais-de-612-mil-pacientes-foram-atendidos-no-ano-com-a-distribuicao-de-34-milhoes-de-medicamentos\">Em 2021, foram implantadas sete novas farm\u00e1cias; mais de 612 mil pacientes foram atendidos no ano, com a distribui\u00e7\u00e3o de 34 milh\u00f5es de medicamentos<\/p>\n\n\n\n<p><em>Foto: Christian Rizzi\/PMFI.<br><\/em><\/p>\n\n\n\n<p>Cerca de 34 milh\u00f5es de medicamentos foram distribu\u00eddos a mais de 612 mil pacientes, em 2021, pela Secretaria Municipal de Sa\u00fade de Foz do Igua\u00e7u. O investimento foi de R$ 6,4 milh\u00f5es. O acesso aos rem\u00e9dios foi ampliado durante o ano, mesmo em plena pandemia de covid-19. Foram implantadas sete novas farm\u00e1cias, melhorando a cobertura e o abastecimento em regi\u00f5es mais populosas da cidade.<br><br>Al\u00e9m da unidade que acompanha o consult\u00f3rio m\u00f3vel nas \u00e1reas rurais do munic\u00edpio, foram implantadas farm\u00e1cias nas Unidades de Sa\u00fade do Morumbi II, Morumbi III, Lagoa Dourada, Sol de Maio, Curitibano e Jardim Am\u00e9rica.&nbsp;<br><br>Somadas \u00e0s j\u00e1 existentes, s\u00e3o 24 farm\u00e1cias no munic\u00edpio, distribu\u00eddas entre as Unidades B\u00e1sicas de Sa\u00fade (UBS), Unidade Padre \u00cdtalo 24 Horas, UPAS (Unidades de Pronto Atendimento) e CEM (Centro de Especialidades M\u00e9dicas).&nbsp; Juntas, elas atenderam 612.578 pacientes e fizeram a dispensa\u00e7\u00e3o de 34.150.596 medicamentos ao longo do ano passado.&nbsp;<br><br>\u201cAmpliar o acesso \u00e0 sa\u00fade est\u00e1 entre as prioridades da gest\u00e3o municipal, por isso, fizemos uma reorganiza\u00e7\u00e3o no setor e conseguimos implantar duas novas farm\u00e1cias no Distrito Nordeste, que tinha apenas uma, na UBS S\u00e3o Jo\u00e3o\u201d, explicou a secret\u00e1ria de sa\u00fade Rosa Maria Jer\u00f4nymo.&nbsp;<br><br>\u201cNa regi\u00e3o central, apenas a UBS da Vila Yolanda possu\u00eda farm\u00e1cia, por isso uma nova foi aberta na unidade do Jardim Am\u00e9rica. S\u00e3o sete novas farm\u00e1cias e estamos em fase de organiza\u00e7\u00e3o para abertura da oitava na Unidade do Portal da Foz\u201d, adiantou Rosa. \u201cA inten\u00e7\u00e3o \u00e9 facilitar a vida dos cidad\u00e3os, para que n\u00e3o precisem fazer grandes deslocamentos, at\u00e9 porque grande parte dos pacientes s\u00e3o idosos e pessoas que t\u00eam dificuldades de locomo\u00e7\u00e3o\u201d.&nbsp;<br><br><strong>Menos deslocamentos<br><br><\/strong>Moradora do Jardim Am\u00e9rica, Mari\u00e2ngela Rodrigues Gouveia h\u00e1 quatro anos buscava sua medica\u00e7\u00e3o no Centro de Especialidade M\u00e9dica (CEM), no Centro da cidade. Percorria uma dist\u00e2ncia de quase 4 km e, muitas vezes, comprava seus rem\u00e9dios em alguma farm\u00e1cia particular pr\u00f3xima por n\u00e3o conseguir se deslocar. \u201cFica perto de casa. Sempre consultei nessa UBS. Est\u00e1 muito bom, n\u00e3o falta rem\u00e9dio e todos s\u00e3o muito atenciosos\u201d.<br><br>Quem vive na regi\u00e3o de Tr\u00eas Lagoas tamb\u00e9m est\u00e1 satisfeito com a farm\u00e1cia que abriu na UBS Sol de Maio. \u201cFaltava uma farm\u00e1cia aqui, porque a gente tinha que ir na unidade S\u00e3o Jo\u00e3o buscar medica\u00e7\u00e3o. Deu uma melhora muito boa, o atendimento \u00e9 excelente, n\u00e3o falta rem\u00e9dio e todos que moram por aqui ficaram muito satisfeitos\u201d, disse a moradora Rosana M\u00e1rcia.&nbsp;<br><br><strong>Investimentos em medica\u00e7\u00e3o<br><br><\/strong>Os medicamentos essenciais dispon\u00edveis no Sistema \u00danico de Sa\u00fade (SUS) s\u00e3o financiados pelo Governo Federal, Estadual e Municipal. No entanto, somente em 2021, o munic\u00edpio investiu 77% de recursos pr\u00f3prios para a distribui\u00e7\u00e3o dos medicamentos \u00e0 popula\u00e7\u00e3o.&nbsp;<br><br>A aquisi\u00e7\u00e3o dos medicamentos ocorre atrav\u00e9s do Cons\u00f3rcio Paran\u00e1 Sa\u00fade, do qual 398 munic\u00edpios dos 399 do Estado do Paran\u00e1 fazem parte, e ainda por processos licitat\u00f3rios realizados pelo munic\u00edpio.<br><br>A supervisora de assist\u00eancia farmac\u00eautica da Secretaria da Sa\u00fade, Flavia Rastelli, ressaltou que, mesmo em meio \u00e0s dificuldades impostas pela pandemia e o aumento da demanda, a prefeitura n\u00e3o mede esfor\u00e7os para encontrar solu\u00e7\u00f5es garantir um atendimento de qualidade \u00e0 popula\u00e7\u00e3o.<\/p>\n","protected":false},"excerpt":{"rendered":"<p>Em 2021, foram implantadas sete novas farm\u00e1cias; mais de 612 mil pacientes foram atendidos no ano, com a distribui\u00e7\u00e3o de 34 milh\u00f5es de medicamentos Foto: Christian Rizzi\/PMFI. Cerca de 34 milh\u00f5es de medicamentos foram distribu\u00eddos a mais de 612 mil pacientes, em 2021, pela Secretaria Municipal de Sa\u00fade de Foz do Igua\u00e7u. O investimento foi [&hellip;]<\/p>\n","protected":false},"author":2,"featured_media":5709,"comment_status":"open","ping_status":"open","sticky":false,"template":"","format":"standard","meta":{"om_disable_all_campaigns":false,"_monsterinsights_skip_tracking":false,"_monsterinsights_sitenote_active":false,"_monsterinsights_sitenote_note":"","_monsterinsights_sitenote_category":0,"footnotes":""},"categories":[4,10],"tags":[],"class_list":["post-5707","post","type-post","status-publish","format-standard","has-post-thumbnail","hentry","category-cidade","category-saude"],"_links":{"self":[{"href":"https:\/\/acontecenafronteira.com.br\/index.php\/wp-json\/wp\/v2\/posts\/5707","targetHints":{"allow":["GET"]}}],"collection":[{"href":"https:\/\/acontecenafronteira.com.br\/index.php\/wp-json\/wp\/v2\/posts"}],"about":[{"href":"https:\/\/acontecenafronteira.com.br\/index.php\/wp-json\/wp\/v2\/types\/post"}],"author":[{"embeddable":true,"href":"https:\/\/acontecenafronteira.com.br\/index.php\/wp-json\/wp\/v2\/users\/2"}],"replies":[{"embeddable":true,"href":"https:\/\/acontecenafronteira.com.br\/index.php\/wp-json\/wp\/v2\/comments?post=5707"}],"version-history":[{"count":1,"href":"https:\/\/acontecenafronteira.com.br\/index.php\/wp-json\/wp\/v2\/posts\/5707\/revisions"}],"predecessor-version":[{"id":5710,"href":"https:\/\/acontecenafronteira.com.br\/index.php\/wp-json\/wp\/v2\/posts\/5707\/revisions\/5710"}],"wp:featuredmedia":[{"embeddable":true,"href":"https:\/\/acontecenafronteira.com.br\/index.php\/wp-json\/wp\/v2\/media\/5709"}],"wp:attachment":[{"href":"https:\/\/acontecenafronteira.com.br\/index.php\/wp-json\/wp\/v2\/media?parent=5707"}],"wp:term":[{"taxonomy":"category","embeddable":true,"href":"https:\/\/acontecenafronteira.com.br\/index.php\/wp-json\/wp\/v2\/categories?post=5707"},{"taxonomy":"post_tag","embeddable":true,"href":"https:\/\/acontecenafronteira.com.br\/index.php\/wp-json\/wp\/v2\/tags?post=5707"}],"curies":[{"name":"wp","href":"https:\/\/api.w.org\/{rel}","templated":true}]}}