{"id":5700,"date":"2022-02-04T14:21:19","date_gmt":"2022-02-04T17:21:19","guid":{"rendered":"https:\/\/acontecenafronteira.com.br\/?p=5700"},"modified":"2022-02-04T14:21:20","modified_gmt":"2022-02-04T17:21:20","slug":"ultima-chamada-para-participar-da-meia-maratona-das-cataratas","status":"publish","type":"post","link":"https:\/\/acontecenafronteira.com.br\/index.php\/2022\/02\/04\/ultima-chamada-para-participar-da-meia-maratona-das-cataratas\/","title":{"rendered":"\u00daltima chamada para participar da Meia Maratona das Cataratas"},"content":{"rendered":"\n<p>Uma das provas mais lindas do planeta, realizada no Parque Nacional do Igua\u00e7u, est\u00e1 chegando para renovar as energias dos amantes de corrida. As vagas s\u00e3o limitadas.<\/p>\n\n\n\n<p>As inscri\u00e7\u00f5es para a 13\u00aa edi\u00e7\u00e3o da Meia Maratona das Cataratas, a corrida da Maravilha Mundial da Natureza, ser\u00e3o encerradas no dia 20 de fevereiro ou quando se atingir o n\u00famero-limite de participantes. A prova ser\u00e1 realizada no dia 20 de mar\u00e7o de 2022, no Parque Nacional do Igua\u00e7u, em Foz do Igua\u00e7u\/PR.<\/p>\n\n\n\n<p>A 13\u00aa Meia Maratona das Cataratas contar\u00e1 com o percurso integralmente dentro do Patrim\u00f4nio Mundial Natural, intensificando ainda mais as sensa\u00e7\u00f5es do participante com a natureza da unidade de conserva\u00e7\u00e3o, atrativo internacional que encanta pessoas de todo o mundo.<\/p>\n\n\n\n<p>A prova possui dois percursos, a Meia Maratona das Cataratas tradicional, com trajeto de 21 quil\u00f4metros, ida e volta no parque, e o Desafio das Cataratas, percurso de oito quil\u00f4metros, tamb\u00e9m ida e volta. A corrida tem limite de vagas nas duas categorias: na disputa de 21km, s\u00e3o duas mil vagas; j\u00e1 na de 8km, at\u00e9 1.500 participantes.<\/p>\n\n\n\n<p>As inscri\u00e7\u00f5es devem ser realizadas no site oficial da corrida (www.meiamaratonadascataratas.com.br). As vagas s\u00e3o limitadas para 3.500 corredores. O per\u00edodo de inscri\u00e7\u00e3o encerrar\u00e1 no dia 20 de fevereiro de 2022 ou quando o total de vagas for atingido.<\/p>\n\n\n\n<p>Moradores de Foz e das cidades vizinhas ao parque \u2013 Os corredores da cidade de Foz do Igua\u00e7u e dos 13 munic\u00edpios vizinhos ao Parque Nacional do Igua\u00e7u t\u00eam desconto especial, de 20%, no valor da inscri\u00e7\u00e3o, ao realiz\u00e1-la presencialmente no Marco das 3 Fronteiras \u2013 Brasil. A promo\u00e7\u00e3o \u00e9 v\u00e1lida mediante apresenta\u00e7\u00e3o de comprovante de resid\u00eancia e documento com foto.<\/p>\n\n\n\n<p>Os acompanhantes que quiserem assistir \u00e0 chegada dos participantes dever\u00e3o adquirir o ingresso no dia da visita, nos terminais de autoatendimento do Parque Nacional do Igua\u00e7u, localizados no Centro de Visitantes, reservando a vaga no \u00f4nibus das 7h30.<\/p>\n\n\n\n<p>Os corredores que precisarem de mais informa\u00e7\u00f5es do Parque Nacional do Igua\u00e7u, local da corrida, e das principais atra\u00e7\u00f5es de Foz do Igua\u00e7u podem acessar a Central de Atendimento no WhatsApp: +55 (45) 9137-3444 (wa.me\/5545991373444). Os atletas que desejarem consultar o status de sua inscri\u00e7\u00e3o devem enviar a solicita\u00e7\u00e3o para o e-mail contato.ativo@ativo.com.<\/p>\n\n\n\n<figure class=\"wp-block-gallery has-nested-images columns-default is-cropped wp-block-gallery-1 is-layout-flex wp-block-gallery-is-layout-flex\">\n<figure class=\"wp-block-image size-large\"><img loading=\"lazy\" decoding=\"async\" width=\"1024\" height=\"682\" data-id=\"5702\" src=\"https:\/\/acontecenafronteira.com.br\/wp-content\/uploads\/2022\/02\/WhatsApp-Image-2022-02-03-at-16.36.10-1024x682.jpeg?v=1643995255\" alt=\"\" class=\"wp-image-5702\" srcset=\"https:\/\/acontecenafronteira.com.br\/wp-content\/uploads\/2022\/02\/WhatsApp-Image-2022-02-03-at-16.36.10-1024x682.jpeg?v=1643995255 1024w, https:\/\/acontecenafronteira.com.br\/wp-content\/uploads\/2022\/02\/WhatsApp-Image-2022-02-03-at-16.36.10-300x200.jpeg?v=1643995255 300w, https:\/\/acontecenafronteira.com.br\/wp-content\/uploads\/2022\/02\/WhatsApp-Image-2022-02-03-at-16.36.10-768x512.jpeg?v=1643995255 768w, https:\/\/acontecenafronteira.com.br\/wp-content\/uploads\/2022\/02\/WhatsApp-Image-2022-02-03-at-16.36.10.jpeg?v=1643995255 1280w\" sizes=\"auto, (max-width: 1024px) 100vw, 1024px\" \/><\/figure>\n\n\n\n<figure class=\"wp-block-image size-large\"><img loading=\"lazy\" decoding=\"async\" width=\"1024\" height=\"682\" data-id=\"5705\" src=\"https:\/\/acontecenafronteira.com.br\/wp-content\/uploads\/2022\/02\/WhatsApp-Image-2022-02-03-at-16.36.09-1024x682.jpeg?v=1643995256\" alt=\"\" class=\"wp-image-5705\" srcset=\"https:\/\/acontecenafronteira.com.br\/wp-content\/uploads\/2022\/02\/WhatsApp-Image-2022-02-03-at-16.36.09-1024x682.jpeg?v=1643995256 1024w, https:\/\/acontecenafronteira.com.br\/wp-content\/uploads\/2022\/02\/WhatsApp-Image-2022-02-03-at-16.36.09-300x200.jpeg?v=1643995256 300w, https:\/\/acontecenafronteira.com.br\/wp-content\/uploads\/2022\/02\/WhatsApp-Image-2022-02-03-at-16.36.09-768x512.jpeg?v=1643995256 768w, https:\/\/acontecenafronteira.com.br\/wp-content\/uploads\/2022\/02\/WhatsApp-Image-2022-02-03-at-16.36.09.jpeg?v=1643995256 1280w\" sizes=\"auto, (max-width: 1024px) 100vw, 1024px\" \/><\/figure>\n\n\n\n<figure class=\"wp-block-image size-large\"><img loading=\"lazy\" decoding=\"async\" width=\"1024\" height=\"707\" data-id=\"5704\" src=\"https:\/\/acontecenafronteira.com.br\/wp-content\/uploads\/2022\/02\/WhatsApp-Image-2022-02-03-at-16.36.08-1-1024x707.jpeg?v=1643995256\" alt=\"\" class=\"wp-image-5704\" srcset=\"https:\/\/acontecenafronteira.com.br\/wp-content\/uploads\/2022\/02\/WhatsApp-Image-2022-02-03-at-16.36.08-1-1024x707.jpeg?v=1643995256 1024w, https:\/\/acontecenafronteira.com.br\/wp-content\/uploads\/2022\/02\/WhatsApp-Image-2022-02-03-at-16.36.08-1-300x207.jpeg?v=1643995256 300w, https:\/\/acontecenafronteira.com.br\/wp-content\/uploads\/2022\/02\/WhatsApp-Image-2022-02-03-at-16.36.08-1-768x530.jpeg?v=1643995256 768w, https:\/\/acontecenafronteira.com.br\/wp-content\/uploads\/2022\/02\/WhatsApp-Image-2022-02-03-at-16.36.08-1.jpeg?v=1643995256 1280w\" sizes=\"auto, (max-width: 1024px) 100vw, 1024px\" \/><\/figure>\n\n\n\n<figure class=\"wp-block-image size-large\"><img loading=\"lazy\" decoding=\"async\" width=\"1024\" height=\"670\" data-id=\"5703\" src=\"https:\/\/acontecenafronteira.com.br\/wp-content\/uploads\/2022\/02\/WhatsApp-Image-2022-02-03-at-16.36.08-1024x670.jpeg?v=1643995256\" alt=\"\" class=\"wp-image-5703\" srcset=\"https:\/\/acontecenafronteira.com.br\/wp-content\/uploads\/2022\/02\/WhatsApp-Image-2022-02-03-at-16.36.08-1024x670.jpeg?v=1643995256 1024w, https:\/\/acontecenafronteira.com.br\/wp-content\/uploads\/2022\/02\/WhatsApp-Image-2022-02-03-at-16.36.08-300x196.jpeg?v=1643995256 300w, https:\/\/acontecenafronteira.com.br\/wp-content\/uploads\/2022\/02\/WhatsApp-Image-2022-02-03-at-16.36.08-768x502.jpeg?v=1643995256 768w, https:\/\/acontecenafronteira.com.br\/wp-content\/uploads\/2022\/02\/WhatsApp-Image-2022-02-03-at-16.36.08.jpeg?v=1643995256 1280w\" sizes=\"auto, (max-width: 1024px) 100vw, 1024px\" \/><\/figure>\n<\/figure>\n\n\n\n<p><strong>Cr\u00e9ditos fotografias:<br><\/strong>Quedas: Marcos Labanca<br>Percurso: Roberto Lemos<br>Cataratas: Christian Rizzi<\/p>\n\n\n\n<p><strong>Servi\u00e7o<br><\/strong>13\u00aa Meia Maratona das Cataratas \u2013 inscri\u00e7\u00f5es at\u00e9 dia 20 de fevereiro<br>Data da corrida: 20 de mar\u00e7o de 2022 (domingo)<br>Local: Parque Nacional do Igua\u00e7u \u2013 Foz do Igua\u00e7u<br>www.meiamaratonadascataratas.com.br<\/p>\n\n\n\n<p>REGULAMENTO \u2013 8km: www.meiamaratonadascataratas.com.br\/regulamento-8-km\/<br>REGULAMENTO \u2013 21km: www.meiamaratonadascataratas.com.br\/regulamento-21-km\/<\/p>\n\n\n\n<p>Informa\u00e7\u00f5es gerais<br>contato@meiamaratonadascataratas.com.br<\/p>\n\n\n\n<p>Informa\u00e7\u00f5es sobre inscri\u00e7\u00f5es<br>contato.ativo@ativo.com<\/p>\n","protected":false},"excerpt":{"rendered":"<p>Uma das provas mais lindas do planeta, realizada no Parque Nacional do Igua\u00e7u, est\u00e1 chegando para renovar as energias dos amantes de corrida. As vagas s\u00e3o limitadas. As inscri\u00e7\u00f5es para a 13\u00aa edi\u00e7\u00e3o da Meia Maratona das Cataratas, a corrida da Maravilha Mundial da Natureza, ser\u00e3o encerradas no dia 20 de fevereiro ou quando se [&hellip;]<\/p>\n","protected":false},"author":2,"featured_media":5701,"comment_status":"open","ping_status":"open","sticky":false,"template":"","format":"standard","meta":{"om_disable_all_campaigns":false,"_monsterinsights_skip_tracking":false,"_monsterinsights_sitenote_active":false,"_monsterinsights_sitenote_note":"","_monsterinsights_sitenote_category":0,"footnotes":""},"categories":[4,2],"tags":[],"class_list":["post-5700","post","type-post","status-publish","format-standard","has-post-thumbnail","hentry","category-cidade","category-esportes"],"_links":{"self":[{"href":"https:\/\/acontecenafronteira.com.br\/index.php\/wp-json\/wp\/v2\/posts\/5700","targetHints":{"allow":["GET"]}}],"collection":[{"href":"https:\/\/acontecenafronteira.com.br\/index.php\/wp-json\/wp\/v2\/posts"}],"about":[{"href":"https:\/\/acontecenafronteira.com.br\/index.php\/wp-json\/wp\/v2\/types\/post"}],"author":[{"embeddable":true,"href":"https:\/\/acontecenafronteira.com.br\/index.php\/wp-json\/wp\/v2\/users\/2"}],"replies":[{"embeddable":true,"href":"https:\/\/acontecenafronteira.com.br\/index.php\/wp-json\/wp\/v2\/comments?post=5700"}],"version-history":[{"count":1,"href":"https:\/\/acontecenafronteira.com.br\/index.php\/wp-json\/wp\/v2\/posts\/5700\/revisions"}],"predecessor-version":[{"id":5706,"href":"https:\/\/acontecenafronteira.com.br\/index.php\/wp-json\/wp\/v2\/posts\/5700\/revisions\/5706"}],"wp:featuredmedia":[{"embeddable":true,"href":"https:\/\/acontecenafronteira.com.br\/index.php\/wp-json\/wp\/v2\/media\/5701"}],"wp:attachment":[{"href":"https:\/\/acontecenafronteira.com.br\/index.php\/wp-json\/wp\/v2\/media?parent=5700"}],"wp:term":[{"taxonomy":"category","embeddable":true,"href":"https:\/\/acontecenafronteira.com.br\/index.php\/wp-json\/wp\/v2\/categories?post=5700"},{"taxonomy":"post_tag","embeddable":true,"href":"https:\/\/acontecenafronteira.com.br\/index.php\/wp-json\/wp\/v2\/tags?post=5700"}],"curies":[{"name":"wp","href":"https:\/\/api.w.org\/{rel}","templated":true}]}}