{"id":5688,"date":"2022-02-04T14:09:34","date_gmt":"2022-02-04T17:09:34","guid":{"rendered":"https:\/\/acontecenafronteira.com.br\/?p=5688"},"modified":"2022-02-04T14:09:34","modified_gmt":"2022-02-04T17:09:34","slug":"idoso-de-75-anos-morre-eletrocutado-em-santa-terezinha-de-itaipu","status":"publish","type":"post","link":"https:\/\/acontecenafronteira.com.br\/index.php\/2022\/02\/04\/idoso-de-75-anos-morre-eletrocutado-em-santa-terezinha-de-itaipu\/","title":{"rendered":"Idoso de 75 anos morre eletrocutado em Santa Terezinha de Itaipu"},"content":{"rendered":"\n<p>Na tarde de ontem, quarta-feira 02 de janeiro de 2022, por volta das 17h:10min, uma equipe de socorristas do Siate (Sistema Integrado de Atendimento ao Trauma e Emerg\u00eancia) do Corpo de Bombeiros da cidade de Santa Terezinha de Itaipu\/PR, foram acionados para deslocarem at\u00e9 a Rua Venancio Smania, pois segundo informa\u00e7\u00f5es havia uma pessoa do sexo masculino v\u00edtima de choque el\u00e9trico.<\/p>\n\n\n\n<p>No local, socorristas do Siate se depararam com um idoso de 75 anos de idade estava inconsciente em estado grav\u00edssimo, pois o idoso fazia uma poda de \u00e1rvore, quando um dos galhos acertou um cabo de energia el\u00e9trica da alta tens\u00e3o, vindo a sofrer a uma descarga el\u00e9trica, provocando a queda da escada.<\/p>\n\n\n\n<p>O idoso identificado como sendo Dirceu Lopes, de 75 anos de idade foi encaminhado as&nbsp;pressas para o UPA de Santa Terezinha de Itaipu.<\/p>\n\n\n\n<p>Ap\u00f3s dar entrada na UPA de Santa Terezinha de Itaipu, o idoso n\u00e3o resistiu e acabou entrando em \u00f3bito, sendo acionado o Instituto M\u00e9dico Legal de Foz do Igua\u00e7u para remo\u00e7\u00e3o do corpo.<\/p>\n\n\n\n<p>Tribuna Popular <br>Imagens: Oops Noticias Foz na Hora<a rel=\"noreferrer noopener\" href=\"https:\/\/portalcostaoeste.com.br\/#facebook\" target=\"_blank\"><\/a><\/p>\n","protected":false},"excerpt":{"rendered":"<p>Na tarde de ontem, quarta-feira 02 de janeiro de 2022, por volta das 17h:10min, uma equipe de socorristas do Siate (Sistema Integrado de Atendimento ao Trauma e Emerg\u00eancia) do Corpo de Bombeiros da cidade de Santa Terezinha de Itaipu\/PR, foram acionados para deslocarem at\u00e9 a Rua Venancio Smania, pois segundo informa\u00e7\u00f5es havia uma pessoa do [&hellip;]<\/p>\n","protected":false},"author":2,"featured_media":5689,"comment_status":"open","ping_status":"open","sticky":false,"template":"","format":"standard","meta":{"om_disable_all_campaigns":false,"_monsterinsights_skip_tracking":false,"_monsterinsights_sitenote_active":false,"_monsterinsights_sitenote_note":"","_monsterinsights_sitenote_category":0,"footnotes":""},"categories":[16,4],"tags":[],"class_list":["post-5688","post","type-post","status-publish","format-standard","has-post-thumbnail","hentry","category-acidente","category-cidade"],"_links":{"self":[{"href":"https:\/\/acontecenafronteira.com.br\/index.php\/wp-json\/wp\/v2\/posts\/5688","targetHints":{"allow":["GET"]}}],"collection":[{"href":"https:\/\/acontecenafronteira.com.br\/index.php\/wp-json\/wp\/v2\/posts"}],"about":[{"href":"https:\/\/acontecenafronteira.com.br\/index.php\/wp-json\/wp\/v2\/types\/post"}],"author":[{"embeddable":true,"href":"https:\/\/acontecenafronteira.com.br\/index.php\/wp-json\/wp\/v2\/users\/2"}],"replies":[{"embeddable":true,"href":"https:\/\/acontecenafronteira.com.br\/index.php\/wp-json\/wp\/v2\/comments?post=5688"}],"version-history":[{"count":1,"href":"https:\/\/acontecenafronteira.com.br\/index.php\/wp-json\/wp\/v2\/posts\/5688\/revisions"}],"predecessor-version":[{"id":5690,"href":"https:\/\/acontecenafronteira.com.br\/index.php\/wp-json\/wp\/v2\/posts\/5688\/revisions\/5690"}],"wp:featuredmedia":[{"embeddable":true,"href":"https:\/\/acontecenafronteira.com.br\/index.php\/wp-json\/wp\/v2\/media\/5689"}],"wp:attachment":[{"href":"https:\/\/acontecenafronteira.com.br\/index.php\/wp-json\/wp\/v2\/media?parent=5688"}],"wp:term":[{"taxonomy":"category","embeddable":true,"href":"https:\/\/acontecenafronteira.com.br\/index.php\/wp-json\/wp\/v2\/categories?post=5688"},{"taxonomy":"post_tag","embeddable":true,"href":"https:\/\/acontecenafronteira.com.br\/index.php\/wp-json\/wp\/v2\/tags?post=5688"}],"curies":[{"name":"wp","href":"https:\/\/api.w.org\/{rel}","templated":true}]}}