{"id":5636,"date":"2022-02-03T09:24:48","date_gmt":"2022-02-03T12:24:48","guid":{"rendered":"https:\/\/acontecenafronteira.com.br\/?p=5636"},"modified":"2022-02-03T09:24:49","modified_gmt":"2022-02-03T12:24:49","slug":"itaipu-no-show-rural-2022-empresa-apresenta-iniciativas-voltadas-ao-desenvolvimento-sustentavel-da-regiao","status":"publish","type":"post","link":"https:\/\/acontecenafronteira.com.br\/index.php\/2022\/02\/03\/itaipu-no-show-rural-2022-empresa-apresenta-iniciativas-voltadas-ao-desenvolvimento-sustentavel-da-regiao\/","title":{"rendered":"Itaipu no Show Rural 2022: empresa apresenta iniciativas voltadas ao desenvolvimento sustent\u00e1vel da regi\u00e3o"},"content":{"rendered":"\n<p><strong>Al\u00e9m da Vitrine Tecnol\u00f3gica de Agroecologia, em parceria com outras institui\u00e7\u00f5es, a binacional contar\u00e1 com estande pr\u00f3prio no evento.<\/strong><\/p>\n\n\n\n<p>A Itaipu Binacional estar\u00e1 presente na 34\u00aa edi\u00e7\u00e3o do Show Rural Coopavel, de 7 a 11 de fevereiro, apresentando diversas iniciativas que beneficiam a atividade agropecu\u00e1ria. A participa\u00e7\u00e3o est\u00e1 alinhada com a estrat\u00e9gia da empresa, de promover o desenvolvimento sustent\u00e1vel, com a conserva\u00e7\u00e3o dos ecossistemas e dos recursos h\u00eddricos, permitindo n\u00e3o s\u00f3 a gera\u00e7\u00e3o de energia no longo prazo, mas tamb\u00e9m a pesca, agricultura, turismo, abastecimento municipal e outras atividades relacionadas \u00e0 quantidade e qualidade da \u00e1gua dispon\u00edvel no Oeste paranaense.<\/p>\n\n\n\n<p>O estande da empresa apresentar\u00e1 v\u00e1rias dessas iniciativas, como o Recicl\u00f4metro, que permite acompanhar os resultados econ\u00f4micos, sociais e ambientais da reciclagem realizada com apoio da Itaipu nos munic\u00edpios da regi\u00e3o; ou ainda saber mais sobre o plantio de \u00e1rvores nativas (que atingiu a marca de 24 milh\u00f5es no ano passado), sobre obras como a segunda ponte entre Brasil e Paraguai, entre outras a\u00e7\u00f5es. Na \u00e1rea externa, o Caminh\u00e3o da Expedi\u00e7\u00e3o do Conhecimento oferecer\u00e1 uma visita guiada com conte\u00fados sobre \u00e1gua, energia e sustentabilidade. &nbsp;<\/p>\n\n\n\n<p>Outro espa\u00e7o em que a Itaipu marca presen\u00e7a \u00e9 a Vitrine Tecnol\u00f3gica de Agroecologia (Vital), mantida pela binacional em parceria com outras 11 institui\u00e7\u00f5es: Coopavel, Embrapa, IDR-Paran\u00e1, Ecovida, Biolabore, Capa, Unioeste, UFPR, UFFS, Gebana e Pedra da Mata. Ali, \u00e9 poss\u00edvel conhecer tecnologias eficientes para o manejo de sistemas de produ\u00e7\u00e3o que priorizam a conserva\u00e7\u00e3o ambiental e alimenta\u00e7\u00e3o saud\u00e1vel e nutritiva.<\/p>\n\n\n\n<p>A Vitrine ocupa 4,4 mil metros quadrados do Show Rural. Nesse espa\u00e7o, est\u00e3o presentes mais de 70 t\u00e9cnicas de manejo e mais de 300 esp\u00e9cies de cultivos divididas entre nove \u00e1reas tem\u00e1ticas. Entre elas, est\u00e3o as plantas aliment\u00edcias n\u00e3o convencionais (Pancs), como a ora-pro-nobis e a taioba; as plantas medicinais, condimentares e arom\u00e1ticas; a olericutura; o sistema de plantio direto de hortali\u00e7as, conhecido como SPDH; o sistema silvipastoril (integra\u00e7\u00e3o entre pasto e floresta) e bioconstru\u00e7\u00f5es, entre outras \u00e1reas.<\/p>\n\n\n\n<p><strong>O Show Rural<\/strong><\/p>\n\n\n\n<p>Com participa\u00e7\u00e3o de 400 expositores em um parque que chega a 720 mil metros quadrados de \u00e1rea, o Show Rural \u00e9 um dos principais eventos do pa\u00eds na dissemina\u00e7\u00e3o de tecnologias para o setor agropecu\u00e1rio. De acordo com o presidente da Coopavel, Dilvo Grolli, os expositores e parceiros est\u00e3o comprometidos a realizar \u201ca melhor das edi\u00e7\u00f5es\u201d do evento. Apesar de as atividades serem quase todas ao ar livre, a organiza\u00e7\u00e3o adotar\u00e1 diversos protocolos para o enfrentamento da pandemia, como o uso de m\u00e1scaras e \u00e1lcool gel.<\/p>\n\n\n\n<figure class=\"wp-block-gallery has-nested-images columns-default is-cropped wp-block-gallery-1 is-layout-flex wp-block-gallery-is-layout-flex\">\n<figure class=\"wp-block-image size-large\"><a href=\"https:\/\/acontecenafronteira.com.br\/wp-content\/uploads\/2022\/02\/61fae5f6ef4d920200203SC02613.jpg\"><img loading=\"lazy\" decoding=\"async\" width=\"1024\" height=\"683\" data-id=\"5637\" src=\"https:\/\/acontecenafronteira.com.br\/wp-content\/uploads\/2022\/02\/61fae5f6ef4d920200203SC02613-1024x683.jpg?v=1643891062\" alt=\"\" class=\"wp-image-5637\" srcset=\"https:\/\/acontecenafronteira.com.br\/wp-content\/uploads\/2022\/02\/61fae5f6ef4d920200203SC02613-1024x683.jpg?v=1643891062 1024w, https:\/\/acontecenafronteira.com.br\/wp-content\/uploads\/2022\/02\/61fae5f6ef4d920200203SC02613-300x200.jpg?v=1643891062 300w, https:\/\/acontecenafronteira.com.br\/wp-content\/uploads\/2022\/02\/61fae5f6ef4d920200203SC02613-768x512.jpg?v=1643891062 768w, https:\/\/acontecenafronteira.com.br\/wp-content\/uploads\/2022\/02\/61fae5f6ef4d920200203SC02613-1536x1024.jpg?v=1643891062 1536w, https:\/\/acontecenafronteira.com.br\/wp-content\/uploads\/2022\/02\/61fae5f6ef4d920200203SC02613.jpg?v=1643891062 2048w\" sizes=\"auto, (max-width: 1024px) 100vw, 1024px\" \/><\/a><figcaption><em>Cr\u00e9ditos: Sara Cheida\/Itaipu Binacional<\/em><\/figcaption><\/figure>\n\n\n\n<figure class=\"wp-block-image size-large\"><a href=\"https:\/\/acontecenafronteira.com.br\/wp-content\/uploads\/2022\/02\/61fae5f122a9220200203SC02571.jpg\"><img loading=\"lazy\" decoding=\"async\" width=\"1024\" height=\"683\" data-id=\"5639\" src=\"https:\/\/acontecenafronteira.com.br\/wp-content\/uploads\/2022\/02\/61fae5f122a9220200203SC02571-1024x683.jpg?v=1643891063\" alt=\"\" class=\"wp-image-5639\" srcset=\"https:\/\/acontecenafronteira.com.br\/wp-content\/uploads\/2022\/02\/61fae5f122a9220200203SC02571-1024x683.jpg?v=1643891063 1024w, https:\/\/acontecenafronteira.com.br\/wp-content\/uploads\/2022\/02\/61fae5f122a9220200203SC02571-300x200.jpg?v=1643891063 300w, https:\/\/acontecenafronteira.com.br\/wp-content\/uploads\/2022\/02\/61fae5f122a9220200203SC02571-768x512.jpg?v=1643891063 768w, https:\/\/acontecenafronteira.com.br\/wp-content\/uploads\/2022\/02\/61fae5f122a9220200203SC02571-1536x1024.jpg?v=1643891063 1536w, https:\/\/acontecenafronteira.com.br\/wp-content\/uploads\/2022\/02\/61fae5f122a9220200203SC02571.jpg?v=1643891063 2048w\" sizes=\"auto, (max-width: 1024px) 100vw, 1024px\" \/><\/a><figcaption><em>Cr\u00e9ditos: Sara Cheida\/Itaipu Binacional<\/em><\/figcaption><\/figure>\n\n\n\n<figure class=\"wp-block-image size-large\"><a href=\"https:\/\/acontecenafronteira.com.br\/wp-content\/uploads\/2022\/02\/61fae5ec85f8a20200203SC02493.jpg\"><img loading=\"lazy\" decoding=\"async\" width=\"1024\" height=\"683\" data-id=\"5638\" src=\"https:\/\/acontecenafronteira.com.br\/wp-content\/uploads\/2022\/02\/61fae5ec85f8a20200203SC02493-1024x683.jpg?v=1643891062\" alt=\"\" class=\"wp-image-5638\" srcset=\"https:\/\/acontecenafronteira.com.br\/wp-content\/uploads\/2022\/02\/61fae5ec85f8a20200203SC02493-1024x683.jpg?v=1643891062 1024w, https:\/\/acontecenafronteira.com.br\/wp-content\/uploads\/2022\/02\/61fae5ec85f8a20200203SC02493-300x200.jpg?v=1643891062 300w, https:\/\/acontecenafronteira.com.br\/wp-content\/uploads\/2022\/02\/61fae5ec85f8a20200203SC02493-768x512.jpg?v=1643891062 768w, https:\/\/acontecenafronteira.com.br\/wp-content\/uploads\/2022\/02\/61fae5ec85f8a20200203SC02493-1536x1024.jpg?v=1643891062 1536w, https:\/\/acontecenafronteira.com.br\/wp-content\/uploads\/2022\/02\/61fae5ec85f8a20200203SC02493.jpg?v=1643891062 2048w\" sizes=\"auto, (max-width: 1024px) 100vw, 1024px\" \/><\/a><figcaption><em>Cr\u00e9ditos: Sara Cheida\/Itaipu Binacional<\/em><\/figcaption><\/figure>\n<\/figure>\n","protected":false},"excerpt":{"rendered":"<p>Al\u00e9m da Vitrine Tecnol\u00f3gica de Agroecologia, em parceria com outras institui\u00e7\u00f5es, a binacional contar\u00e1 com estande pr\u00f3prio no evento. A Itaipu Binacional estar\u00e1 presente na 34\u00aa edi\u00e7\u00e3o do Show Rural Coopavel, de 7 a 11 de fevereiro, apresentando diversas iniciativas que beneficiam a atividade agropecu\u00e1ria. A participa\u00e7\u00e3o est\u00e1 alinhada com a estrat\u00e9gia da empresa, de [&hellip;]<\/p>\n","protected":false},"author":2,"featured_media":5640,"comment_status":"open","ping_status":"open","sticky":false,"template":"","format":"standard","meta":{"om_disable_all_campaigns":false,"_monsterinsights_skip_tracking":false,"_monsterinsights_sitenote_active":false,"_monsterinsights_sitenote_note":"","_monsterinsights_sitenote_category":0,"footnotes":""},"categories":[11,12],"tags":[],"class_list":["post-5636","post","type-post","status-publish","format-standard","has-post-thumbnail","hentry","category-itaipu","category-tecnologia"],"_links":{"self":[{"href":"https:\/\/acontecenafronteira.com.br\/index.php\/wp-json\/wp\/v2\/posts\/5636","targetHints":{"allow":["GET"]}}],"collection":[{"href":"https:\/\/acontecenafronteira.com.br\/index.php\/wp-json\/wp\/v2\/posts"}],"about":[{"href":"https:\/\/acontecenafronteira.com.br\/index.php\/wp-json\/wp\/v2\/types\/post"}],"author":[{"embeddable":true,"href":"https:\/\/acontecenafronteira.com.br\/index.php\/wp-json\/wp\/v2\/users\/2"}],"replies":[{"embeddable":true,"href":"https:\/\/acontecenafronteira.com.br\/index.php\/wp-json\/wp\/v2\/comments?post=5636"}],"version-history":[{"count":1,"href":"https:\/\/acontecenafronteira.com.br\/index.php\/wp-json\/wp\/v2\/posts\/5636\/revisions"}],"predecessor-version":[{"id":5641,"href":"https:\/\/acontecenafronteira.com.br\/index.php\/wp-json\/wp\/v2\/posts\/5636\/revisions\/5641"}],"wp:featuredmedia":[{"embeddable":true,"href":"https:\/\/acontecenafronteira.com.br\/index.php\/wp-json\/wp\/v2\/media\/5640"}],"wp:attachment":[{"href":"https:\/\/acontecenafronteira.com.br\/index.php\/wp-json\/wp\/v2\/media?parent=5636"}],"wp:term":[{"taxonomy":"category","embeddable":true,"href":"https:\/\/acontecenafronteira.com.br\/index.php\/wp-json\/wp\/v2\/categories?post=5636"},{"taxonomy":"post_tag","embeddable":true,"href":"https:\/\/acontecenafronteira.com.br\/index.php\/wp-json\/wp\/v2\/tags?post=5636"}],"curies":[{"name":"wp","href":"https:\/\/api.w.org\/{rel}","templated":true}]}}