{"id":5601,"date":"2022-02-02T12:18:55","date_gmt":"2022-02-02T15:18:55","guid":{"rendered":"https:\/\/acontecenafronteira.com.br\/?p=5601"},"modified":"2022-02-02T12:18:55","modified_gmt":"2022-02-02T15:18:55","slug":"saude-reabre-agendamento-para-vacinacao-contra-a-covid-em-criancas-de-5-a-11-anos","status":"publish","type":"post","link":"https:\/\/acontecenafronteira.com.br\/index.php\/2022\/02\/02\/saude-reabre-agendamento-para-vacinacao-contra-a-covid-em-criancas-de-5-a-11-anos\/","title":{"rendered":"Sa\u00fade reabre agendamento para vacina\u00e7\u00e3o contra a Covid em crian\u00e7as de 5 a 11 anos"},"content":{"rendered":"\n<p id=\"foram-abertas-1-485-vagas-para-quinta-e-sexta-feira-em-dez-unidades-basicas-de-saude\">Foram abertas 1.485 vagas para quinta e sexta-feira em dez unidades b\u00e1sicas de sa\u00fade<\/p>\n\n\n\n<p>A Secretaria Municipal de Sa\u00fade reabriu o agendamento on-line para a vacina\u00e7\u00e3o contra a Covid-19 em crian\u00e7as de 5 a 11 anos (com ou sem comorbidades). Ser\u00e3o disponibilizadas 900 doses para quinta (03) e 585 para sexta (04) em dez unidades b\u00e1sicas de sa\u00fade: AKLP, Padre Monti, S\u00e3o Jo\u00e3o, Maracan\u00e3, Campos do Igua\u00e7u, Vila C Nova, Profilurb II, Sol de Maio, Vila Yolanda e Portal da Foz.&nbsp;<br><br>O agendamento deve ser feito pelo site:&nbsp;<a href=\"https:\/\/vacinacao.pmfi.pr.gov.br\/\">https:\/\/vacinacao.pmfi.pr.gov.br\/<\/a>.<br><br>Os pais devem apresentar um documento oficial com foto (para comprovar o parentesco) e os documentos pessoais da crian\u00e7a, cart\u00e3o SUS e carteirinha de vacina\u00e7\u00e3o (quando possuir) e um comprovante de endere\u00e7o. Caso a crian\u00e7a n\u00e3o esteja acompanhada do pai ou da m\u00e3e, \u00e9 necess\u00e1rio apresentar autoriza\u00e7\u00e3o por escrito (o modelo est\u00e1 dispon\u00edvel no link https:\/\/vacinacao.pmfi.pr.gov.br\/grupos.html?id_publicacao=726).<br><br>Foz do Igua\u00e7u j\u00e1 vacinou 4.843 crian\u00e7as de at\u00e9 onze anos com a primeira dose. Adolescentes de 12 a 17 anos que ainda n\u00e3o receberam a vacina devem buscar uma unidade de sa\u00fade, sem a necessidade de agendamento.<br><br><strong>Orienta\u00e7\u00f5es<br><br><\/strong>Crian\u00e7as que tenham tomado outras vacinas recentemente devem aguardar 15 dias para receber o imunizante contra a covid-19. Para aquelas que contra\u00edram a doen\u00e7a, o intervalo \u00e9 de 30 dias a contar do in\u00edcio dos sintomas.Novas doses<\/p>\n\n\n\n<p>O Governo do Estado recebeu nesta ter\u00e7a-feira (1\u00ba) 97 mil doses de vacinas pedi\u00e1tricas da Pfizer\/BioNTech, destinada ao p\u00fablico infantil, de 5 a 11 anos. As vacinas foram encaminhadas para o Centro de Medicamentos do Paran\u00e1 (Cemepar), em Curitiba, para confer\u00eancia e armazenamento e nos pr\u00f3ximos dias, ser\u00e3o distribu\u00eddas \u00e0s Regionais de Sa\u00fade.<br><br>Esta \u00e9 a quarta pauta de distribui\u00e7\u00e3o da Pfizer exclusiva para este p\u00fablico-alvo. Al\u00e9m dessas, outras 159.880 vacinas da CoronaVac para crian\u00e7as, de 6 a 11 anos, devem chegar nesta quarta-feira (2). Tamb\u00e9m est\u00e3o sendo aguardadas 332.750 vacinas da AstraZeneca para a dose de refor\u00e7o da popula\u00e7\u00e3o acima de 18 anos.<\/p>\n","protected":false},"excerpt":{"rendered":"<p>Foram abertas 1.485 vagas para quinta e sexta-feira em dez unidades b\u00e1sicas de sa\u00fade A Secretaria Municipal de Sa\u00fade reabriu o agendamento on-line para a vacina\u00e7\u00e3o contra a Covid-19 em crian\u00e7as de 5 a 11 anos (com ou sem comorbidades). Ser\u00e3o disponibilizadas 900 doses para quinta (03) e 585 para sexta (04) em dez unidades [&hellip;]<\/p>\n","protected":false},"author":2,"featured_media":5603,"comment_status":"open","ping_status":"open","sticky":false,"template":"","format":"standard","meta":{"om_disable_all_campaigns":false,"_monsterinsights_skip_tracking":false,"_monsterinsights_sitenote_active":false,"_monsterinsights_sitenote_note":"","_monsterinsights_sitenote_category":0,"footnotes":""},"categories":[4,7],"tags":[],"class_list":["post-5601","post","type-post","status-publish","format-standard","has-post-thumbnail","hentry","category-cidade","category-covid-19"],"_links":{"self":[{"href":"https:\/\/acontecenafronteira.com.br\/index.php\/wp-json\/wp\/v2\/posts\/5601","targetHints":{"allow":["GET"]}}],"collection":[{"href":"https:\/\/acontecenafronteira.com.br\/index.php\/wp-json\/wp\/v2\/posts"}],"about":[{"href":"https:\/\/acontecenafronteira.com.br\/index.php\/wp-json\/wp\/v2\/types\/post"}],"author":[{"embeddable":true,"href":"https:\/\/acontecenafronteira.com.br\/index.php\/wp-json\/wp\/v2\/users\/2"}],"replies":[{"embeddable":true,"href":"https:\/\/acontecenafronteira.com.br\/index.php\/wp-json\/wp\/v2\/comments?post=5601"}],"version-history":[{"count":1,"href":"https:\/\/acontecenafronteira.com.br\/index.php\/wp-json\/wp\/v2\/posts\/5601\/revisions"}],"predecessor-version":[{"id":5604,"href":"https:\/\/acontecenafronteira.com.br\/index.php\/wp-json\/wp\/v2\/posts\/5601\/revisions\/5604"}],"wp:featuredmedia":[{"embeddable":true,"href":"https:\/\/acontecenafronteira.com.br\/index.php\/wp-json\/wp\/v2\/media\/5603"}],"wp:attachment":[{"href":"https:\/\/acontecenafronteira.com.br\/index.php\/wp-json\/wp\/v2\/media?parent=5601"}],"wp:term":[{"taxonomy":"category","embeddable":true,"href":"https:\/\/acontecenafronteira.com.br\/index.php\/wp-json\/wp\/v2\/categories?post=5601"},{"taxonomy":"post_tag","embeddable":true,"href":"https:\/\/acontecenafronteira.com.br\/index.php\/wp-json\/wp\/v2\/tags?post=5601"}],"curies":[{"name":"wp","href":"https:\/\/api.w.org\/{rel}","templated":true}]}}