{"id":5481,"date":"2022-01-31T10:40:56","date_gmt":"2022-01-31T13:40:56","guid":{"rendered":"https:\/\/acontecenafronteira.com.br\/?p=5481"},"modified":"2022-01-31T10:40:57","modified_gmt":"2022-01-31T13:40:57","slug":"parque-nacional-do-iguacu-abrira-de-terca-a-domingo-em-fevereiro","status":"publish","type":"post","link":"https:\/\/acontecenafronteira.com.br\/index.php\/2022\/01\/31\/parque-nacional-do-iguacu-abrira-de-terca-a-domingo-em-fevereiro\/","title":{"rendered":"Parque Nacional do Igua\u00e7u abrir\u00e1 de ter\u00e7a a domingo em fevereiro"},"content":{"rendered":"\n<p>Funcionamento ser\u00e1 ampliado nos finais de semana, com a unidade abrindo \u00e0s 8h30, meia hora mais cedo que o hor\u00e1rio normal<\/p>\n\n\n\n<p>A partir do dia 1\u00ba de fevereiro, o Parque Nacional do Igua\u00e7u, que abriga as Cataratas do Igua\u00e7u, voltar\u00e1 a fechar para visita\u00e7\u00e3o nas segundas-feiras, atendendo os visitantes de ter\u00e7a-feira a domingo, das 9h \u00e0s 16h. O atendimento ser\u00e1 ampliado nos s\u00e1bados e domingos, das 8h30 \u00e0s 16h. A unidade de conserva\u00e7\u00e3o tamb\u00e9m ter\u00e1 hor\u00e1rio estendido no feriad\u00e3o de carnaval.<\/p>\n\n\n\n<p>Compra on-line \u2013 Os ingressos para visitar o Patrim\u00f4nio Mundial Natural, que abriga as Cataratas do Igua\u00e7u, s\u00e3o limitados e vendidos exclusivamente on-line, com agendamento de dia e hor\u00e1rio para o passeio. Importante: n\u00e3o existe a op\u00e7\u00e3o de compra de bilhete f\u00edsico no parque. \u00c9 preciso adquirir o ingresso com anteced\u00eancia no site oficial do atrativo: www.cataratasdoiguacu.com.br\/ingressos.<\/p>\n\n\n\n<p>Carnaval nas Cataratas \u2013 O Parque Nacional do Igua\u00e7u abrir\u00e1 uma hora mais cedo durante todos os dias do feriad\u00e3o de carnaval, inclusive na segunda-feira, dia 28 de fevereiro. O atendimento ampliado, das 8h \u00e0s 16h, ser\u00e1 realizado do dia 26 de fevereiro (s\u00e1bado) at\u00e9 dia 1\u00ba de mar\u00e7o (ter\u00e7a-feira).<\/p>\n\n\n\n<p>Experi\u00eancia gastron\u00f4mica \u2013 O Restaurante Porto Canoas, localizado no final da Trilha das Cataratas, espera voc\u00ea com seu tradicional buf\u00ea da gastronomia brasileira, que encanta visitantes do mundo todo. \u00c9 a melhor maneira de repor as energias ap\u00f3s um passeio inesquec\u00edvel. O restaurante atende das 12h \u00e0s 16h. Mais informa\u00e7\u00f5es sobre o Restaurante Porto Canoas pelo telefone 3521-4441 ou instagram.com\/porto.canoas.<\/p>\n\n\n\n<p>Banho para lavar a alma \u2013 Uma dica especial para estes dias quentes \u00e9 o Macuco Safari, passeio de barco pelo Rio Igua\u00e7u, no qual o visitante tem a oportunidade de tomar \u201caquele banho\u201d debaixo das quedas d\u2019\u00e1gua das Cataratas do Igua\u00e7u. O passeio, opcional, \u00e9 liberado para todas as idades (www.macucosafari.com.br).<\/p>\n\n\n\n<p>Passeio de helic\u00f3ptero \u2013 O voo de helic\u00f3ptero sobre as quedas \u00e9 um dos passeios mais eletrizantes em Foz do Igua\u00e7u. A bordo das aeronaves da Helisul, concession\u00e1ria do parque, voc\u00ea poder\u00e1 apreciar uma das vistas mais raras do planeta. H\u00e1 a op\u00e7\u00e3o de voo de dez minutos sobre o Parque Nacional do Igua\u00e7u e as Cataratas do Igua\u00e7u, e tamb\u00e9m a op\u00e7\u00e3o de 35 minutos sobrevoando o PNI, a Itaipu Binacional e o Marco das Tr\u00eas Fronteiras. \u00c9 um passeio opcional.<\/p>\n\n\n\n<p>Central de Atendimento ao Visitante no WhatsApp: +55 (45) 9137-3444 (wa.me\/554591373444).<\/p>\n\n\n\n<figure class=\"wp-block-gallery has-nested-images columns-default is-cropped wp-block-gallery-1 is-layout-flex wp-block-gallery-is-layout-flex\">\n<figure class=\"wp-block-image size-large\"><a href=\"https:\/\/acontecenafronteira.com.br\/wp-content\/uploads\/2022\/01\/WhatsApp-Image-2022-01-31-at-09.27.39-4.jpeg\"><img loading=\"lazy\" decoding=\"async\" width=\"1024\" height=\"578\" data-id=\"5482\" src=\"https:\/\/acontecenafronteira.com.br\/wp-content\/uploads\/2022\/01\/WhatsApp-Image-2022-01-31-at-09.27.39-4-1024x578.jpeg?v=1643636445\" alt=\"\" class=\"wp-image-5482\" srcset=\"https:\/\/acontecenafronteira.com.br\/wp-content\/uploads\/2022\/01\/WhatsApp-Image-2022-01-31-at-09.27.39-4-1024x578.jpeg?v=1643636445 1024w, https:\/\/acontecenafronteira.com.br\/wp-content\/uploads\/2022\/01\/WhatsApp-Image-2022-01-31-at-09.27.39-4-300x169.jpeg?v=1643636445 300w, https:\/\/acontecenafronteira.com.br\/wp-content\/uploads\/2022\/01\/WhatsApp-Image-2022-01-31-at-09.27.39-4-768x433.jpeg?v=1643636445 768w, https:\/\/acontecenafronteira.com.br\/wp-content\/uploads\/2022\/01\/WhatsApp-Image-2022-01-31-at-09.27.39-4.jpeg?v=1643636445 1280w\" sizes=\"auto, (max-width: 1024px) 100vw, 1024px\" \/><\/a><\/figure>\n\n\n\n<figure class=\"wp-block-image size-large\"><a href=\"https:\/\/acontecenafronteira.com.br\/wp-content\/uploads\/2022\/01\/WhatsApp-Image-2022-01-31-at-09.27.39-3.jpeg\"><img loading=\"lazy\" decoding=\"async\" width=\"1024\" height=\"682\" data-id=\"5487\" src=\"https:\/\/acontecenafronteira.com.br\/wp-content\/uploads\/2022\/01\/WhatsApp-Image-2022-01-31-at-09.27.39-3-1024x682.jpeg?v=1643636446\" alt=\"\" class=\"wp-image-5487\" srcset=\"https:\/\/acontecenafronteira.com.br\/wp-content\/uploads\/2022\/01\/WhatsApp-Image-2022-01-31-at-09.27.39-3-1024x682.jpeg?v=1643636446 1024w, https:\/\/acontecenafronteira.com.br\/wp-content\/uploads\/2022\/01\/WhatsApp-Image-2022-01-31-at-09.27.39-3-300x200.jpeg?v=1643636446 300w, https:\/\/acontecenafronteira.com.br\/wp-content\/uploads\/2022\/01\/WhatsApp-Image-2022-01-31-at-09.27.39-3-768x512.jpeg?v=1643636446 768w, https:\/\/acontecenafronteira.com.br\/wp-content\/uploads\/2022\/01\/WhatsApp-Image-2022-01-31-at-09.27.39-3.jpeg?v=1643636446 1280w\" sizes=\"auto, (max-width: 1024px) 100vw, 1024px\" \/><\/a><\/figure>\n\n\n\n<figure class=\"wp-block-image size-large\"><a href=\"https:\/\/acontecenafronteira.com.br\/wp-content\/uploads\/2022\/01\/WhatsApp-Image-2022-01-31-at-09.27.39-2.jpeg\"><img loading=\"lazy\" decoding=\"async\" width=\"1024\" height=\"671\" data-id=\"5484\" src=\"https:\/\/acontecenafronteira.com.br\/wp-content\/uploads\/2022\/01\/WhatsApp-Image-2022-01-31-at-09.27.39-2.jpeg\" alt=\"\" class=\"wp-image-5484\" srcset=\"https:\/\/acontecenafronteira.com.br\/wp-content\/uploads\/2022\/01\/WhatsApp-Image-2022-01-31-at-09.27.39-2.jpeg?v=1643636445 1024w, https:\/\/acontecenafronteira.com.br\/wp-content\/uploads\/2022\/01\/WhatsApp-Image-2022-01-31-at-09.27.39-2-300x197.jpeg?v=1643636445 300w, https:\/\/acontecenafronteira.com.br\/wp-content\/uploads\/2022\/01\/WhatsApp-Image-2022-01-31-at-09.27.39-2-768x503.jpeg?v=1643636445 768w\" sizes=\"auto, (max-width: 1024px) 100vw, 1024px\" \/><\/a><\/figure>\n\n\n\n<figure class=\"wp-block-image size-large\"><a href=\"https:\/\/acontecenafronteira.com.br\/wp-content\/uploads\/2022\/01\/WhatsApp-Image-2022-01-31-at-09.27.39-1.jpeg\"><img loading=\"lazy\" decoding=\"async\" width=\"1024\" height=\"652\" data-id=\"5485\" src=\"https:\/\/acontecenafronteira.com.br\/wp-content\/uploads\/2022\/01\/WhatsApp-Image-2022-01-31-at-09.27.39-1-1024x652.jpeg?v=1643636446\" alt=\"\" class=\"wp-image-5485\" srcset=\"https:\/\/acontecenafronteira.com.br\/wp-content\/uploads\/2022\/01\/WhatsApp-Image-2022-01-31-at-09.27.39-1-1024x652.jpeg?v=1643636446 1024w, https:\/\/acontecenafronteira.com.br\/wp-content\/uploads\/2022\/01\/WhatsApp-Image-2022-01-31-at-09.27.39-1-300x191.jpeg?v=1643636446 300w, https:\/\/acontecenafronteira.com.br\/wp-content\/uploads\/2022\/01\/WhatsApp-Image-2022-01-31-at-09.27.39-1-768x489.jpeg?v=1643636446 768w, https:\/\/acontecenafronteira.com.br\/wp-content\/uploads\/2022\/01\/WhatsApp-Image-2022-01-31-at-09.27.39-1.jpeg?v=1643636446 1280w\" sizes=\"auto, (max-width: 1024px) 100vw, 1024px\" \/><\/a><\/figure>\n\n\n\n<figure class=\"wp-block-image size-large\"><a href=\"https:\/\/acontecenafronteira.com.br\/wp-content\/uploads\/2022\/01\/WhatsApp-Image-2022-01-31-at-09.27.39.jpeg\"><img loading=\"lazy\" decoding=\"async\" width=\"1024\" height=\"663\" data-id=\"5486\" src=\"https:\/\/acontecenafronteira.com.br\/wp-content\/uploads\/2022\/01\/WhatsApp-Image-2022-01-31-at-09.27.39-1024x663.jpeg?v=1643636446\" alt=\"\" class=\"wp-image-5486\" srcset=\"https:\/\/acontecenafronteira.com.br\/wp-content\/uploads\/2022\/01\/WhatsApp-Image-2022-01-31-at-09.27.39-1024x663.jpeg?v=1643636446 1024w, https:\/\/acontecenafronteira.com.br\/wp-content\/uploads\/2022\/01\/WhatsApp-Image-2022-01-31-at-09.27.39-300x194.jpeg?v=1643636446 300w, https:\/\/acontecenafronteira.com.br\/wp-content\/uploads\/2022\/01\/WhatsApp-Image-2022-01-31-at-09.27.39-768x497.jpeg?v=1643636446 768w, https:\/\/acontecenafronteira.com.br\/wp-content\/uploads\/2022\/01\/WhatsApp-Image-2022-01-31-at-09.27.39.jpeg?v=1643636446 1280w\" sizes=\"auto, (max-width: 1024px) 100vw, 1024px\" \/><\/a><\/figure>\n\n\n\n<figure class=\"wp-block-image size-large\"><a href=\"https:\/\/acontecenafronteira.com.br\/wp-content\/uploads\/2022\/01\/WhatsApp-Image-2022-01-31-at-09.27.38.jpeg\"><img loading=\"lazy\" decoding=\"async\" width=\"1024\" height=\"576\" data-id=\"5483\" src=\"https:\/\/acontecenafronteira.com.br\/wp-content\/uploads\/2022\/01\/WhatsApp-Image-2022-01-31-at-09.27.38-1024x576.jpeg?v=1643636446\" alt=\"\" class=\"wp-image-5483\" srcset=\"https:\/\/acontecenafronteira.com.br\/wp-content\/uploads\/2022\/01\/WhatsApp-Image-2022-01-31-at-09.27.38-1024x576.jpeg?v=1643636446 1024w, https:\/\/acontecenafronteira.com.br\/wp-content\/uploads\/2022\/01\/WhatsApp-Image-2022-01-31-at-09.27.38-300x169.jpeg?v=1643636446 300w, https:\/\/acontecenafronteira.com.br\/wp-content\/uploads\/2022\/01\/WhatsApp-Image-2022-01-31-at-09.27.38-768x432.jpeg?v=1643636446 768w, https:\/\/acontecenafronteira.com.br\/wp-content\/uploads\/2022\/01\/WhatsApp-Image-2022-01-31-at-09.27.38.jpeg?v=1643636446 1280w\" sizes=\"auto, (max-width: 1024px) 100vw, 1024px\" \/><\/a><\/figure>\n<\/figure>\n\n\n\n<p>Cr\u00e9ditos fotografia:<br>Cataratas: Nilton Rolin<br>Cataratas a\u00e9reas: Bruno Bimbato<br>Helic\u00f3ptero: Helisul<br>Barco e restaurante: Marcos Labanca<\/p>\n\n\n\n<p>Servi\u00e7o<br>Parque Nacional do Igua\u00e7u em fevereiro<br>Funcionamento: de ter\u00e7a a domingo, das 9h \u00e0s 16h<br>Restaurante Porto Canoas: de ter\u00e7a a domingo, das 12h \u00e0s 16h<\/p>\n\n\n\n<p>Feriad\u00e3o de carnaval \u2013 26 de fevereiro a 1\u00ba de mar\u00e7o<br>Funcionamento do parque: das 8h \u00e0s 16h<br>Restaurante Porto Canoas: das 12h \u00e0s 16h<\/p>\n\n\n\n<p>Mais informa\u00e7\u00f5es:<br>www.cataratasdoiguacu.com.br<br>contato@catarataspni.com.br<br>Telefone: +55 (45) 3521-4400<\/p>\n\n\n\n<p>Redes sociais:<br>WhatsApp: +55 45 9137-3444 (wa.me\/554591373444)<br>Instagram: instagram.com\/cataratasdoiguacu\/<br>Facebook: facebook.com\/cataratasdoiguacu<br>Twitter: twitter.com\/CataratasBrasil<br>Telegram: t.me\/cataratasdoiguacu<\/p>\n","protected":false},"excerpt":{"rendered":"<p>Funcionamento ser\u00e1 ampliado nos finais de semana, com a unidade abrindo \u00e0s 8h30, meia hora mais cedo que o hor\u00e1rio normal A partir do dia 1\u00ba de fevereiro, o Parque Nacional do Igua\u00e7u, que abriga as Cataratas do Igua\u00e7u, voltar\u00e1 a fechar para visita\u00e7\u00e3o nas segundas-feiras, atendendo os visitantes de ter\u00e7a-feira a domingo, das 9h [&hellip;]<\/p>\n","protected":false},"author":2,"featured_media":5488,"comment_status":"open","ping_status":"open","sticky":false,"template":"","format":"standard","meta":{"om_disable_all_campaigns":false,"_monsterinsights_skip_tracking":false,"_monsterinsights_sitenote_active":false,"_monsterinsights_sitenote_note":"","_monsterinsights_sitenote_category":0,"footnotes":""},"categories":[4,9],"tags":[],"class_list":["post-5481","post","type-post","status-publish","format-standard","has-post-thumbnail","hentry","category-cidade","category-turismo"],"_links":{"self":[{"href":"https:\/\/acontecenafronteira.com.br\/index.php\/wp-json\/wp\/v2\/posts\/5481","targetHints":{"allow":["GET"]}}],"collection":[{"href":"https:\/\/acontecenafronteira.com.br\/index.php\/wp-json\/wp\/v2\/posts"}],"about":[{"href":"https:\/\/acontecenafronteira.com.br\/index.php\/wp-json\/wp\/v2\/types\/post"}],"author":[{"embeddable":true,"href":"https:\/\/acontecenafronteira.com.br\/index.php\/wp-json\/wp\/v2\/users\/2"}],"replies":[{"embeddable":true,"href":"https:\/\/acontecenafronteira.com.br\/index.php\/wp-json\/wp\/v2\/comments?post=5481"}],"version-history":[{"count":1,"href":"https:\/\/acontecenafronteira.com.br\/index.php\/wp-json\/wp\/v2\/posts\/5481\/revisions"}],"predecessor-version":[{"id":5489,"href":"https:\/\/acontecenafronteira.com.br\/index.php\/wp-json\/wp\/v2\/posts\/5481\/revisions\/5489"}],"wp:featuredmedia":[{"embeddable":true,"href":"https:\/\/acontecenafronteira.com.br\/index.php\/wp-json\/wp\/v2\/media\/5488"}],"wp:attachment":[{"href":"https:\/\/acontecenafronteira.com.br\/index.php\/wp-json\/wp\/v2\/media?parent=5481"}],"wp:term":[{"taxonomy":"category","embeddable":true,"href":"https:\/\/acontecenafronteira.com.br\/index.php\/wp-json\/wp\/v2\/categories?post=5481"},{"taxonomy":"post_tag","embeddable":true,"href":"https:\/\/acontecenafronteira.com.br\/index.php\/wp-json\/wp\/v2\/tags?post=5481"}],"curies":[{"name":"wp","href":"https:\/\/api.w.org\/{rel}","templated":true}]}}