{"id":5439,"date":"2022-01-28T10:54:01","date_gmt":"2022-01-28T13:54:01","guid":{"rendered":"https:\/\/acontecenafronteira.com.br\/?p=5439"},"modified":"2022-01-28T10:54:02","modified_gmt":"2022-01-28T13:54:02","slug":"prefeito-chico-brasileiro-esta-em-isolamento-por-covid-19-2","status":"publish","type":"post","link":"https:\/\/acontecenafronteira.com.br\/index.php\/2022\/01\/28\/prefeito-chico-brasileiro-esta-em-isolamento-por-covid-19-2\/","title":{"rendered":"Prefeito Chico Brasileiro est\u00e1 em isolamento por covid-19"},"content":{"rendered":"\n<p>A Prefeitura de Foz do Igua\u00e7u informa que o prefeito Chico Brasileiro tamb\u00e9m est\u00e1 com covid-19.<br><br>O prefeito submeteu-se a um teste RT-PCR, na tarde desta quinta-feira (27), ap\u00f3s a primeira-dama e secret\u00e1ria de Sa\u00fade, Rosa Maria Jer\u00f4nymo, apresentar resultado positivo para covid.<br><br>Assim como a secret\u00e1ria, o prefeito tem apenas sintomas leves e passa bem. Ele est\u00e1 em isolamento domiciliar e seguir\u00e1 trabalhando de forma virtual para atender todas as necessidades como chefe do poder executivo.<\/p>\n","protected":false},"excerpt":{"rendered":"<p>A Prefeitura de Foz do Igua\u00e7u informa que o prefeito Chico Brasileiro tamb\u00e9m est\u00e1 com covid-19. O prefeito submeteu-se a um teste RT-PCR, na tarde desta quinta-feira (27), ap\u00f3s a primeira-dama e secret\u00e1ria de Sa\u00fade, Rosa Maria Jer\u00f4nymo, apresentar resultado positivo para covid. Assim como a secret\u00e1ria, o prefeito tem apenas sintomas leves e passa [&hellip;]<\/p>\n","protected":false},"author":2,"featured_media":5442,"comment_status":"open","ping_status":"open","sticky":false,"template":"","format":"standard","meta":{"om_disable_all_campaigns":false,"_monsterinsights_skip_tracking":false,"_monsterinsights_sitenote_active":false,"_monsterinsights_sitenote_note":"","_monsterinsights_sitenote_category":0,"footnotes":""},"categories":[7],"tags":[],"class_list":["post-5439","post","type-post","status-publish","format-standard","has-post-thumbnail","hentry","category-covid-19"],"_links":{"self":[{"href":"https:\/\/acontecenafronteira.com.br\/index.php\/wp-json\/wp\/v2\/posts\/5439","targetHints":{"allow":["GET"]}}],"collection":[{"href":"https:\/\/acontecenafronteira.com.br\/index.php\/wp-json\/wp\/v2\/posts"}],"about":[{"href":"https:\/\/acontecenafronteira.com.br\/index.php\/wp-json\/wp\/v2\/types\/post"}],"author":[{"embeddable":true,"href":"https:\/\/acontecenafronteira.com.br\/index.php\/wp-json\/wp\/v2\/users\/2"}],"replies":[{"embeddable":true,"href":"https:\/\/acontecenafronteira.com.br\/index.php\/wp-json\/wp\/v2\/comments?post=5439"}],"version-history":[{"count":1,"href":"https:\/\/acontecenafronteira.com.br\/index.php\/wp-json\/wp\/v2\/posts\/5439\/revisions"}],"predecessor-version":[{"id":5443,"href":"https:\/\/acontecenafronteira.com.br\/index.php\/wp-json\/wp\/v2\/posts\/5439\/revisions\/5443"}],"wp:featuredmedia":[{"embeddable":true,"href":"https:\/\/acontecenafronteira.com.br\/index.php\/wp-json\/wp\/v2\/media\/5442"}],"wp:attachment":[{"href":"https:\/\/acontecenafronteira.com.br\/index.php\/wp-json\/wp\/v2\/media?parent=5439"}],"wp:term":[{"taxonomy":"category","embeddable":true,"href":"https:\/\/acontecenafronteira.com.br\/index.php\/wp-json\/wp\/v2\/categories?post=5439"},{"taxonomy":"post_tag","embeddable":true,"href":"https:\/\/acontecenafronteira.com.br\/index.php\/wp-json\/wp\/v2\/tags?post=5439"}],"curies":[{"name":"wp","href":"https:\/\/api.w.org\/{rel}","templated":true}]}}