{"id":5394,"date":"2022-01-27T15:29:12","date_gmt":"2022-01-27T18:29:12","guid":{"rendered":"https:\/\/acontecenafronteira.com.br\/?p=5394"},"modified":"2022-01-27T15:29:12","modified_gmt":"2022-01-27T18:29:12","slug":"prefeitura-antecipa-salario-de-janeiro-para-esta-sexta-feira-28","status":"publish","type":"post","link":"https:\/\/acontecenafronteira.com.br\/index.php\/2022\/01\/27\/prefeitura-antecipa-salario-de-janeiro-para-esta-sexta-feira-28\/","title":{"rendered":"Prefeitura antecipa sal\u00e1rio de janeiro para esta sexta-feira (28)"},"content":{"rendered":"\n<p id=\"remuneracao-tambem-contara-com-reposicao-de-8-35-o-abono-aos-profissionais-da-educacao-e-a-atualizacao-do-piso-dos-professores\">Remunera\u00e7\u00e3o tamb\u00e9m contar\u00e1 com reposi\u00e7\u00e3o de 8.35% , o abono aos profissionais da educa\u00e7\u00e3o e a atualiza\u00e7\u00e3o do piso dos professores<\/p>\n\n\n\n<p>A Prefeitura de Foz do Igua\u00e7u vai adiantar o sal\u00e1rio de janeiro dos servidores municipais para esta sexta-feira (28). Al\u00e9m de antecipar os pagamentos, o Munic\u00edpio vai honrar os compromissos com a reposi\u00e7\u00e3o integral de 8.35%, o abono de R$1818,30 aos profissionais da educa\u00e7\u00e3o e a implanta\u00e7\u00e3o do piso atualizado dos professores.<br><br>Ao todo, a folha fechar\u00e1 o m\u00eas totalizando cerca de R$25 milh\u00f5es, valor que contribui para movimentar a economia da cidade ap\u00f3s o come\u00e7o do ano.<br><br>\u201cTamb\u00e9m garante um novo f\u00f4lego ao servidor, tendo em vista que o sal\u00e1rio e o d\u00e9cimo foram depositados no dia 23 de dezembro. A medida contribui para que o trabalhador mantenha as contas em dia e tamb\u00e9m beneficia a cidade, com o aquecimento do com\u00e9rcio ap\u00f3s as festas de fim de ano\u201d, expressou o prefeito Chico Brasileiro.<br><br>A administra\u00e7\u00e3o municipal pode garantir os direitos e os benef\u00edcios aos servidores devido \u00e0s a\u00e7\u00f5es de austeridade, que mant\u00eam as contas de Foz do Igua\u00e7u equilibradas. Por conta disso, o munic\u00edpio \u00e9 um dos \u00fanicos do estado a quitar a reposi\u00e7\u00e3o de forma integral, ou seja, sem parcelamentos.<br><br><strong>Abono<\/strong><br><br>O Abono de Valoriza\u00e7\u00e3o dos Profissionais da Educa\u00e7\u00e3o estabelece um valor de R$ 1818,30, j\u00e1 o piso salarial dos professores passou a ser de R$ 2 mil para professores que cumprem 20 horas semanais, e R$ 4 mil para aqueles que atuam 40 horas.<br><br>As duas melhorias foram implantadas por meio de lei pelo Poder Executivo com apoio do Legislativo em um processo marcado pela agilidade e respeito com as entidades sindicais.<br><br>\u201cNenhum dos 20 maiores munic\u00edpios paranaenses concederam qualquer abono aos servidores da educa\u00e7\u00e3o. S\u00f3 Foz. Assim como nenhum destes munic\u00edpios reajustou o piso salarial dos professores ainda\u201d, afirmou o secret\u00e1rio de Administra\u00e7\u00e3o, Nilton Bobato.<br><br><strong>Pacote de avan\u00e7os<\/strong><br><br>Al\u00e9m da reposi\u00e7\u00e3o e dos avan\u00e7os nas carreiras dos professores e trabalhadores da educa\u00e7\u00e3o, o Munic\u00edpio cumprir\u00e1 outros compromissos assumidos, que agora s\u00e3o poss\u00edveis com a extin\u00e7\u00e3o da Lei Complementar Federal N\u00ba173\/2020.<br><br>S\u00e3o eles: pagamento de refer\u00eancias para mais de 20 cargos &#8211; entre eles, dos agentes de apoio, que recebem atualmente os menores sal\u00e1rios do munic\u00edpio, e a implanta\u00e7\u00e3o do adicional de insalubridade por ambiente de trabalho. Esse \u00faltimo representa um importante marco hist\u00f3rico na gest\u00e3o, com a publica\u00e7\u00e3o do Decreto N\u00b029.846\/2021, que regulamentou o direito aos servidores municipais.<br><br>A prefeitura tamb\u00e9m dar\u00e1 continuidade ao parcelamento feito no ano passado das progress\u00f5es atrasadas antes do per\u00edodo da vig\u00eancia da Lei N\u00ba173\/2020.<\/p>\n","protected":false},"excerpt":{"rendered":"<p>Remunera\u00e7\u00e3o tamb\u00e9m contar\u00e1 com reposi\u00e7\u00e3o de 8.35% , o abono aos profissionais da educa\u00e7\u00e3o e a atualiza\u00e7\u00e3o do piso dos professores A Prefeitura de Foz do Igua\u00e7u vai adiantar o sal\u00e1rio de janeiro dos servidores municipais para esta sexta-feira (28). Al\u00e9m de antecipar os pagamentos, o Munic\u00edpio vai honrar os compromissos com a reposi\u00e7\u00e3o integral [&hellip;]<\/p>\n","protected":false},"author":2,"featured_media":5396,"comment_status":"open","ping_status":"open","sticky":false,"template":"","format":"standard","meta":{"om_disable_all_campaigns":false,"_monsterinsights_skip_tracking":false,"_monsterinsights_sitenote_active":false,"_monsterinsights_sitenote_note":"","_monsterinsights_sitenote_category":0,"footnotes":""},"categories":[4],"tags":[],"class_list":["post-5394","post","type-post","status-publish","format-standard","has-post-thumbnail","hentry","category-cidade"],"_links":{"self":[{"href":"https:\/\/acontecenafronteira.com.br\/index.php\/wp-json\/wp\/v2\/posts\/5394","targetHints":{"allow":["GET"]}}],"collection":[{"href":"https:\/\/acontecenafronteira.com.br\/index.php\/wp-json\/wp\/v2\/posts"}],"about":[{"href":"https:\/\/acontecenafronteira.com.br\/index.php\/wp-json\/wp\/v2\/types\/post"}],"author":[{"embeddable":true,"href":"https:\/\/acontecenafronteira.com.br\/index.php\/wp-json\/wp\/v2\/users\/2"}],"replies":[{"embeddable":true,"href":"https:\/\/acontecenafronteira.com.br\/index.php\/wp-json\/wp\/v2\/comments?post=5394"}],"version-history":[{"count":1,"href":"https:\/\/acontecenafronteira.com.br\/index.php\/wp-json\/wp\/v2\/posts\/5394\/revisions"}],"predecessor-version":[{"id":5397,"href":"https:\/\/acontecenafronteira.com.br\/index.php\/wp-json\/wp\/v2\/posts\/5394\/revisions\/5397"}],"wp:featuredmedia":[{"embeddable":true,"href":"https:\/\/acontecenafronteira.com.br\/index.php\/wp-json\/wp\/v2\/media\/5396"}],"wp:attachment":[{"href":"https:\/\/acontecenafronteira.com.br\/index.php\/wp-json\/wp\/v2\/media?parent=5394"}],"wp:term":[{"taxonomy":"category","embeddable":true,"href":"https:\/\/acontecenafronteira.com.br\/index.php\/wp-json\/wp\/v2\/categories?post=5394"},{"taxonomy":"post_tag","embeddable":true,"href":"https:\/\/acontecenafronteira.com.br\/index.php\/wp-json\/wp\/v2\/tags?post=5394"}],"curies":[{"name":"wp","href":"https:\/\/api.w.org\/{rel}","templated":true}]}}