{"id":5272,"date":"2022-01-25T17:27:50","date_gmt":"2022-01-25T20:27:50","guid":{"rendered":"https:\/\/acontecenafronteira.com.br\/?p=5272"},"modified":"2022-01-25T17:27:50","modified_gmt":"2022-01-25T20:27:50","slug":"foz-tera-novo-incremento-no-turismo-com-voos-regionais","status":"publish","type":"post","link":"https:\/\/acontecenafronteira.com.br\/index.php\/2022\/01\/25\/foz-tera-novo-incremento-no-turismo-com-voos-regionais\/","title":{"rendered":"Foz ter\u00e1 novo incremento no turismo com voos regionais"},"content":{"rendered":"\n<p>Novos voos ligam 10 cidades do Paran\u00e1 com Curitiba, conex\u00e3o com Foz do Igua\u00e7u e a tr\u00edplice fronteira<\/p>\n\n\n\n<p><em>Foto: Geraldo Bubniak.&nbsp;<\/em><br><br>O secret\u00e1rio de Turismo, Projetos Estrat\u00e9gicos e Inova\u00e7\u00e3o, Paulo Angeli, disse nesta ter\u00e7a-feira, 25, que o fluxo de turismo interno vai aumentar em Foz do Igua\u00e7u com os novos voos da Azul que ligam 10 regi\u00f5es do Paran\u00e1 com Curitiba. A capital paranaense, segundo Angeli, j\u00e1 \u00e9 uma conex\u00e3o de voos para a tr\u00edplice fronteira, o que ser\u00e1 incrementado com os 10 novos voos.&nbsp;<br><br>&#8220;J\u00e1 estamos trabalhando para potencializar o turismo regional e aumento da conectividade a\u00e9rea no Estado incentiva os turistas a viajarem. Os atrativos do destino Igua\u00e7u j\u00e1 s\u00e3o os preferidos dos paranaenses. A estratifica\u00e7\u00e3o dos levantamento da visita\u00e7\u00e3o e ocupa\u00e7\u00e3o dos hot\u00e9is mostra essa prefer\u00eancia&#8221;, disse Angeli.<br><br>A Azul Linhas A\u00e9reas iniciou nesta semana a opera\u00e7\u00e3o de dez novos destinos no Paran\u00e1. Todos conectam cidades de 10 regi\u00f5es do estado com Curitiba, como parte do Voe Paran\u00e1. Cianorte, Tel\u00eamaco Borba, Arapongas, Campo Mour\u00e3o, Apucarana, Gua\u00edra, Francisco Beltr\u00e3o, Corn\u00e9lio Proc\u00f3pio e Uni\u00e3o da Vit\u00f3ria passaram a receber voos nesta segunda-feira (24) e nesta ter\u00e7a (25) ser\u00e1 a vez de Umuarama.<br><br>Na cidade de Paranava\u00ed, outro destino que ser\u00e1 servido pela Azul Conecta, as opera\u00e7\u00f5es devem ter in\u00edcio em mar\u00e7o, ap\u00f3s a conclus\u00e3o de obras de melhoria na infraestrutura do terminal. Ser\u00e3o tr\u00eas voos semanais para Curitiba.<br><br>Os voos ser\u00e3o de tr\u00eas a quatro vezes por semana com aeronaves Cessna Gran Caravan, com capacidade para nove passageiros. &#8220;O paranaense poder\u00e1 agora, com mais agilidade, conhecer os principais atrativos e tamb\u00e9m as cidades de todas as regi\u00f5es que j\u00e1 demonstram um potencial tur\u00edstico de qualidade para os visitantes&#8221;, disse M\u00e1rcio Nunes, secret\u00e1rio estadual de Desenvolvimento Sustent\u00e1vel e do Turismo.<br><br><strong>Turismo regional<\/strong><br><br>Marcio Nunes disse que o turismo regional j\u00e1 \u00e9 uma realidade no Paran\u00e1 com o consolida\u00e7\u00e3o dos parque estaduais e dos empreendimentos nas regi\u00f5es noroeste, norte e norte pioneiro. &#8220;Foz do Igua\u00e7u, litoral e Curitiba s\u00e3o os nossos principais destinos. Os voos permitem agora uma conex\u00e3o mais r\u00e1pida entre todas as regi\u00f5es, o que vai atender o turismo e outras atividades econ\u00f4micas&#8221;.<br><br>A concretiza\u00e7\u00e3o destas opera\u00e7\u00f5es se deve a uma parceria do Governo do Estado com a Azul. Em outubro de 2021, executivos da companhia se reuniram com o governador Carlos Massa Ratinho Junior para anunciarem o acordo de expans\u00e3o da malha a\u00e9rea por todo o Paran\u00e1. Desde o final do ano passado, a empresa j\u00e1 comercializa passagens para os dez novos destinos em todos os seus canais oficiais.<br><br>&#8220;A chave do desenvolvimento \u00e9 a integra\u00e7\u00e3o entre os modais, investir al\u00e9m das rodovias. Estamos construindo o maior programa de avia\u00e7\u00e3o regional do Pa\u00eds, conectando cidades de m\u00e9dio porte a qualquer canto do mundo e a Azul \u00e9 parceira nessa iniciativa&#8221;, afirma o governador Ratinho Junior.<br><br>Paulo Angeli disse que a prefeitura far\u00e1 um trabalho conjunto com a Paran\u00e1 Turismo e com as secretarias ou diretorias municipais de turismo de divulga\u00e7\u00e3o dos atrativos da tr\u00eas fronteiras. &#8220;O turismo ser\u00e1, em pouco tempo, o segundo ativo econ\u00f4mico do Estado e Foz do Igua\u00e7u j\u00e1 est\u00e1 inserida neste contexto&#8221;, disse.<\/p>\n","protected":false},"excerpt":{"rendered":"<p>Novos voos ligam 10 cidades do Paran\u00e1 com Curitiba, conex\u00e3o com Foz do Igua\u00e7u e a tr\u00edplice fronteira Foto: Geraldo Bubniak.&nbsp; O secret\u00e1rio de Turismo, Projetos Estrat\u00e9gicos e Inova\u00e7\u00e3o, Paulo Angeli, disse nesta ter\u00e7a-feira, 25, que o fluxo de turismo interno vai aumentar em Foz do Igua\u00e7u com os novos voos da Azul que ligam [&hellip;]<\/p>\n","protected":false},"author":2,"featured_media":5274,"comment_status":"open","ping_status":"open","sticky":false,"template":"","format":"standard","meta":{"om_disable_all_campaigns":false,"_monsterinsights_skip_tracking":false,"_monsterinsights_sitenote_active":false,"_monsterinsights_sitenote_note":"","_monsterinsights_sitenote_category":0,"footnotes":""},"categories":[4,9],"tags":[],"class_list":["post-5272","post","type-post","status-publish","format-standard","has-post-thumbnail","hentry","category-cidade","category-turismo"],"_links":{"self":[{"href":"https:\/\/acontecenafronteira.com.br\/index.php\/wp-json\/wp\/v2\/posts\/5272","targetHints":{"allow":["GET"]}}],"collection":[{"href":"https:\/\/acontecenafronteira.com.br\/index.php\/wp-json\/wp\/v2\/posts"}],"about":[{"href":"https:\/\/acontecenafronteira.com.br\/index.php\/wp-json\/wp\/v2\/types\/post"}],"author":[{"embeddable":true,"href":"https:\/\/acontecenafronteira.com.br\/index.php\/wp-json\/wp\/v2\/users\/2"}],"replies":[{"embeddable":true,"href":"https:\/\/acontecenafronteira.com.br\/index.php\/wp-json\/wp\/v2\/comments?post=5272"}],"version-history":[{"count":1,"href":"https:\/\/acontecenafronteira.com.br\/index.php\/wp-json\/wp\/v2\/posts\/5272\/revisions"}],"predecessor-version":[{"id":5275,"href":"https:\/\/acontecenafronteira.com.br\/index.php\/wp-json\/wp\/v2\/posts\/5272\/revisions\/5275"}],"wp:featuredmedia":[{"embeddable":true,"href":"https:\/\/acontecenafronteira.com.br\/index.php\/wp-json\/wp\/v2\/media\/5274"}],"wp:attachment":[{"href":"https:\/\/acontecenafronteira.com.br\/index.php\/wp-json\/wp\/v2\/media?parent=5272"}],"wp:term":[{"taxonomy":"category","embeddable":true,"href":"https:\/\/acontecenafronteira.com.br\/index.php\/wp-json\/wp\/v2\/categories?post=5272"},{"taxonomy":"post_tag","embeddable":true,"href":"https:\/\/acontecenafronteira.com.br\/index.php\/wp-json\/wp\/v2\/tags?post=5272"}],"curies":[{"name":"wp","href":"https:\/\/api.w.org\/{rel}","templated":true}]}}