{"id":5217,"date":"2022-01-24T16:45:05","date_gmt":"2022-01-24T19:45:05","guid":{"rendered":"https:\/\/acontecenafronteira.com.br\/?p=5217"},"modified":"2022-01-24T16:45:05","modified_gmt":"2022-01-24T19:45:05","slug":"foz-continua-100-aberta-diz-chico-brasileiro","status":"publish","type":"post","link":"https:\/\/acontecenafronteira.com.br\/index.php\/2022\/01\/24\/foz-continua-100-aberta-diz-chico-brasileiro\/","title":{"rendered":"Foz continua 100% aberta, diz Chico Brasileiro"},"content":{"rendered":"\n<p>&#8220;As medidas adotadas n\u00e3o s\u00e3o de fechamento de nenhuma economia&#8221;, tranquiliza o prefeito de Foz do Igua\u00e7u<\/p>\n\n\n\n<p>O prefeito Chico Brasileiro reafirmou que Foz do Igua\u00e7u est\u00e1 com 100% da economia funcionando, apesar do recrudescimento da pandemia e o avan\u00e7o de casos da variante \u00f4micron.<br><br>&#8220;N\u00e3o existe restri\u00e7\u00e3o alguma a nenhum ambiente de turismo ou segmento da economia. Foz do Igua\u00e7u est\u00e1 funcionando normalmente apesar da pandemia e do crescimento de casos&#8221;, disse.<br><br>&#8220;Foz do Igua\u00e7u tem uma estrutura hospitalar, um sistema de sa\u00fade que est\u00e1 conseguindo manter as atividades funcionando. As medidas adotadas n\u00e3o s\u00e3o de fechamento de nenhuma economia&#8221;, completou Brasileiro.<br><br>Neste s\u00e1bado, 22, em 24 horas, foram 880 casos confirmados e tr\u00eas novos \u00f3bitos. Os leitos de UTI (50) est\u00e3o com 53% de ocupa\u00e7\u00e3o e os de enfermaria (72) com 44%. Dos 166.028 exames j\u00e1 realizados, 57.881 foram confirmados (positivos para covid) e 108.147 negativos. &#8220;A vigil\u00e2ncia epidemiol\u00f3gica e o sistema de sa\u00fade trabalham com dados e as informa\u00e7\u00f5es s\u00e3o repassadas diariamente \u00e0 popula\u00e7\u00e3o&#8221;, disse.<br><br>Nos \u00faltimos 20 dias, segundo Chico&nbsp; Brasileiro, houve um aumento vertiginoso de casos da covid e de internamentos no hospital municipal Padre Germano Lauck. &#8220;A prefeitura tem uma s\u00f3 posi\u00e7\u00e3o que segue as orienta\u00e7\u00f5es das equipes t\u00e9cnicas e do sistema de sa\u00fade&#8221;, disse ao explicar a necessidade da apresenta\u00e7\u00e3o de comprovante vacinal na entrada de eventos e nos \u00f3rg\u00e3os p\u00fablicos. Pelo menos 16 capitais brasileiras j\u00e1 adotaram a mesma medida.<br><br><strong>Sistema estruturado<br><br><\/strong>As informa\u00e7\u00f5es repassadas \u00e0 popula\u00e7\u00e3o, explica Brasileiro, desmontam a tese que essa nova variante n\u00e3o traz grande impacto \u00e0 sa\u00fade. &#8220;Houve um aumento absurdo de n\u00fameros de internamentos no hospital municipal e um grande n\u00famero de pessoas que est\u00e3o transmitindo a doen\u00e7a. Hoje, s\u00e3o mais de quatro mil pacientes que est\u00e3o isolados, positivados, e com tudo isto o sistema hospitalar est\u00e1 come\u00e7ando a sofrer uma press\u00e3o, mas n\u00e3o significa que n\u00e3o esteja preparado&#8221;.<br><br>A nova rede de atendimento se deu, conforme o prefeito, pela op\u00e7\u00e3o nos investimentos em estruturas f\u00edsicas em vez de hospital de campanha. &#8220;\u00c9 isso que est\u00e1 acontecendo hoje. Estamos com uma estrutura pronta e equipada para atender os igua\u00e7uenses. Por isso eu quero tranquilizar a popula\u00e7\u00e3o, que a prefeitura n\u00e3o vai deixar a popula\u00e7\u00e3o sem assist\u00eancia, n\u00f3s vamos sempre primar pela vida e pela a assist\u00eancia \u00e0s pessoas&#8221;.<\/p>\n\n\n\n<p><br>Chico Brasileiro explicou tamb\u00e9m que a fiscaliza\u00e7\u00e3o ser\u00e1 refor\u00e7ada para garantir que os pacientes em isolamento cumpram o per\u00edodo exigido. Em caso de descumprimento, as pessoas ser\u00e3o encaminhadas para o Minist\u00e9rio P\u00fablico e poder\u00e3o ser multadas. O uso de m\u00e1scaras continua obrigat\u00f3rio dentro de estabelecimentos comerciais.<br><br><strong>Vacina\u00e7\u00e3o<br><br><\/strong>A prefeitura vai fazer refor\u00e7ar a divulga\u00e7\u00e3o para orientar e destacar a import\u00e2ncia da vacina\u00e7\u00e3o e de se completar o esquema vacinal. &#8220;Foz do Igua\u00e7u tem vacinas e toda estrutura para vacina\u00e7\u00e3o. Temos que vacinar e vacinar as pessoas. N\u00e3o adianta tomar uma ou a segunda dose e estar com a dose atrasada, tem que estar com o esquema vacinal completo&#8221;.<br><br>A falta do esquema vacinal completo que est\u00e1 levando as pessoas para o hospital e para o internamento, \u00e0s vezes por longa dura\u00e7\u00e3o. &#8220;\u00c9 fundamental que quem n\u00e3o se vacinou, quem n\u00e3o completou o esquema vacinal, procure uma unidade de sa\u00fade&#8221;.<br><br>A popula\u00e7\u00e3o n\u00e3o deve acreditar em pessoas que fazem campanha deliberadas contra as vacinas, diz Chico Brasileiro. &#8220;A forma que estas pessoas est\u00e3o encontrando agora para se colocar contra a vacina\u00e7\u00e3o, \u00e9 dizer que s\u00e3o contra a apresenta\u00e7\u00e3o do comprovante vacinal. Qual o preju\u00edzo de apresentar a carteira de vacina?&nbsp; O ato de vacinar \u00e9 uma prote\u00e7\u00e3o pessoal e uma prote\u00e7\u00e3o de toda uma sociedade&#8221;.<br><br>&#8220;Por isso que fa\u00e7o esse apelo: vacine-se, acredite na vacina, n\u00e3o existe dois tipos de opini\u00e3o da vacina. S\u00f3 existe um lado, o lado da ci\u00eancia e da comprova\u00e7\u00e3o cient\u00edfica. J\u00e1 provamos isso na pr\u00e1tica, quem fez o natal brilhante, os hot\u00e9is lotados, o com\u00e9rcio aquecido, quem fez Foz do Igua\u00e7u bater recorde de emprego este final de ano, foi a vacina. Esta vacina que temos que exigir para que as pessoas realmente possam colaborar e salvar suas vidas e viver em sociedade em uma forma que todos possamos estar protegidos&#8221;, completa.<\/p>\n","protected":false},"excerpt":{"rendered":"<p>&#8220;As medidas adotadas n\u00e3o s\u00e3o de fechamento de nenhuma economia&#8221;, tranquiliza o prefeito de Foz do Igua\u00e7u O prefeito Chico Brasileiro reafirmou que Foz do Igua\u00e7u est\u00e1 com 100% da economia funcionando, apesar do recrudescimento da pandemia e o avan\u00e7o de casos da variante \u00f4micron. &#8220;N\u00e3o existe restri\u00e7\u00e3o alguma a nenhum ambiente de turismo ou [&hellip;]<\/p>\n","protected":false},"author":2,"featured_media":5219,"comment_status":"open","ping_status":"open","sticky":false,"template":"","format":"standard","meta":{"om_disable_all_campaigns":false,"_monsterinsights_skip_tracking":false,"_monsterinsights_sitenote_active":false,"_monsterinsights_sitenote_note":"","_monsterinsights_sitenote_category":0,"footnotes":""},"categories":[4],"tags":[],"class_list":["post-5217","post","type-post","status-publish","format-standard","has-post-thumbnail","hentry","category-cidade"],"_links":{"self":[{"href":"https:\/\/acontecenafronteira.com.br\/index.php\/wp-json\/wp\/v2\/posts\/5217","targetHints":{"allow":["GET"]}}],"collection":[{"href":"https:\/\/acontecenafronteira.com.br\/index.php\/wp-json\/wp\/v2\/posts"}],"about":[{"href":"https:\/\/acontecenafronteira.com.br\/index.php\/wp-json\/wp\/v2\/types\/post"}],"author":[{"embeddable":true,"href":"https:\/\/acontecenafronteira.com.br\/index.php\/wp-json\/wp\/v2\/users\/2"}],"replies":[{"embeddable":true,"href":"https:\/\/acontecenafronteira.com.br\/index.php\/wp-json\/wp\/v2\/comments?post=5217"}],"version-history":[{"count":1,"href":"https:\/\/acontecenafronteira.com.br\/index.php\/wp-json\/wp\/v2\/posts\/5217\/revisions"}],"predecessor-version":[{"id":5220,"href":"https:\/\/acontecenafronteira.com.br\/index.php\/wp-json\/wp\/v2\/posts\/5217\/revisions\/5220"}],"wp:featuredmedia":[{"embeddable":true,"href":"https:\/\/acontecenafronteira.com.br\/index.php\/wp-json\/wp\/v2\/media\/5219"}],"wp:attachment":[{"href":"https:\/\/acontecenafronteira.com.br\/index.php\/wp-json\/wp\/v2\/media?parent=5217"}],"wp:term":[{"taxonomy":"category","embeddable":true,"href":"https:\/\/acontecenafronteira.com.br\/index.php\/wp-json\/wp\/v2\/categories?post=5217"},{"taxonomy":"post_tag","embeddable":true,"href":"https:\/\/acontecenafronteira.com.br\/index.php\/wp-json\/wp\/v2\/tags?post=5217"}],"curies":[{"name":"wp","href":"https:\/\/api.w.org\/{rel}","templated":true}]}}