{"id":5149,"date":"2022-01-20T14:52:45","date_gmt":"2022-01-20T17:52:45","guid":{"rendered":"https:\/\/acontecenafronteira.com.br\/?p=5149"},"modified":"2022-01-20T14:52:46","modified_gmt":"2022-01-20T17:52:46","slug":"saude-abre-agendamento-para-vacinacao-contra-covid-de-criancas-de-10-e-11-anos","status":"publish","type":"post","link":"https:\/\/acontecenafronteira.com.br\/index.php\/2022\/01\/20\/saude-abre-agendamento-para-vacinacao-contra-covid-de-criancas-de-10-e-11-anos\/","title":{"rendered":"Sa\u00fade abre agendamento para vacina\u00e7\u00e3o contra covid de crian\u00e7as de 10 e 11 anos"},"content":{"rendered":"\n<p class=\"wp-block-paragraph\">Doses ser\u00e3o aplicadas em dez unidades de sa\u00fade do munic\u00edpio, mediante agendamento pr\u00e9vio pelo site da prefeitura<\/p>\n\n\n\n<p class=\"wp-block-paragraph\">A Secretaria de Sa\u00fade de Foz do Igua\u00e7u ir\u00e1 vacinar contra a covid-19, nesta sexta-feira (21), as crian\u00e7as de 10 e 11 anos de idade, mediante agendamento pr\u00e9vio pelo site (vacinacao.pmfi.pr.gov.br). Tamb\u00e9m seguem sendo imunizadas os pequenos de 5 a 11 anos que possuem comorbidades ou defici\u00eancia permanente.&nbsp;<br><br>Ser\u00e3o vacinadas na sexta-feira 800 crian\u00e7as em nove Unidades B\u00e1sicas de Sa\u00fade (UBS) do Munic\u00edpio: S\u00e3o Jo\u00e3o, Sol de Maio, Vila Iolanda, Maracan\u00e3, Padre Monti, Profilurb II, Vila C Nova, AKLP, Portal da Foz e Campos do Igua\u00e7u.<br><br>\u201cAssim como foi com a popula\u00e7\u00e3o em geral, vamos gradativamente baixando a faixa et\u00e1ria das crian\u00e7as at\u00e9 que consigamos atingir todo este p\u00fablico. Pedimos aos pais que agendem e tragam seus filhos, a vacina tem efic\u00e1cia comprovada, \u00e9 segura e vai trazer prote\u00e7\u00e3o \u00e0s crian\u00e7as, bem como a toda a fam\u00edlia\u201d, afirma a secret\u00e1ria municipal de Sa\u00fade, Rosa Maria Jer\u00f4nymo.<br><br><strong>Documenta\u00e7\u00e3o<br><br><\/strong>Os pais devem portar documento pessoal com foto, al\u00e9m de documento (RG, CPF e cart\u00e3o SUS) ou certid\u00e3o de nascimento da crian\u00e7a, para comprovar o parentesco, e comprovante de endere\u00e7o. Crian\u00e7as que n\u00e3o estiverem com o pai e\/ou m\u00e3e dever\u00e3o apresentar autoriza\u00e7\u00e3o por escrito (o modelo ficar\u00e1 dispon\u00edvel no site da prefeitura).<br><br>Para comprovar a comorbidade, os pais poder\u00e3o levar exames ou laudos m\u00e9dicos que comprovem a condi\u00e7\u00e3o.<\/p>\n","protected":false},"excerpt":{"rendered":"<p>Doses ser\u00e3o aplicadas em dez unidades de sa\u00fade do munic\u00edpio, mediante agendamento pr\u00e9vio pelo site da prefeitura A Secretaria de Sa\u00fade de Foz do Igua\u00e7u ir\u00e1 vacinar contra a covid-19, nesta sexta-feira (21), as crian\u00e7as de 10 e 11 anos de idade, mediante agendamento pr\u00e9vio pelo site (vacinacao.pmfi.pr.gov.br). Tamb\u00e9m seguem sendo imunizadas os pequenos de [&hellip;]<\/p>\n","protected":false},"author":2,"featured_media":5150,"comment_status":"open","ping_status":"open","sticky":false,"template":"","format":"standard","meta":{"_monsterinsights_skip_tracking":false,"_uf_show_specific_survey":0,"_uf_disable_surveys":false,"footnotes":""},"categories":[4,7],"tags":[],"class_list":["post-5149","post","type-post","status-publish","format-standard","has-post-thumbnail","hentry","category-cidade","category-covid-19"],"aioseo_notices":[],"aioseo_head":"\n\t\t<!-- All in One SEO 5.0.1.1 - aioseo.com -->\n\t<meta name=\"description\" content=\"Doses ser\u00e3o aplicadas em dez unidades de sa\u00fade do munic\u00edpio, mediante agendamento pr\u00e9vio pelo site da prefeitura A Secretaria de Sa\u00fade de Foz do Igua\u00e7u ir\u00e1 vacinar contra a covid-19, nesta sexta-feira (21), as crian\u00e7as de 10 e 11 anos de idade, mediante agendamento pr\u00e9vio pelo site (vacinacao.pmfi.pr.gov.br). Tamb\u00e9m seguem sendo imunizadas os pequenos de\" \/>\n\t<meta name=\"robots\" content=\"max-image-preview:large\" \/>\n\t<meta name=\"author\" content=\"Acontece\"\/>\n\t<link rel=\"canonical\" href=\"https:\/\/acontecenafronteira.com.br\/index.php\/2022\/01\/20\/saude-abre-agendamento-para-vacinacao-contra-covid-de-criancas-de-10-e-11-anos\/\" \/>\n\t<meta name=\"generator\" content=\"All in One SEO (AIOSEO) 5.0.1.1\" \/>\n\t\t<meta property=\"og:locale\" content=\"pt_PT\" \/>\n\t\t<meta property=\"og:site_name\" content=\"Acontece Na Fronteira - Noticias da Triplice Fronteira\" \/>\n\t\t<meta property=\"og:type\" content=\"article\" \/>\n\t\t<meta property=\"og:title\" content=\"Sa\u00fade abre agendamento para vacina\u00e7\u00e3o contra covid de crian\u00e7as de 10 e 11 anos - Acontece Na Fronteira\" \/>\n\t\t<meta property=\"og:description\" content=\"Doses ser\u00e3o aplicadas em dez unidades de sa\u00fade do munic\u00edpio, mediante agendamento pr\u00e9vio pelo site da prefeitura A Secretaria de Sa\u00fade de Foz do Igua\u00e7u ir\u00e1 vacinar contra a covid-19, nesta sexta-feira (21), as crian\u00e7as de 10 e 11 anos de idade, mediante agendamento pr\u00e9vio pelo site (vacinacao.pmfi.pr.gov.br). Tamb\u00e9m seguem sendo imunizadas os pequenos de\" \/>\n\t\t<meta property=\"og:url\" content=\"https:\/\/acontecenafronteira.com.br\/index.php\/2022\/01\/20\/saude-abre-agendamento-para-vacinacao-contra-covid-de-criancas-de-10-e-11-anos\/\" \/>\n\t\t<meta property=\"og:image\" content=\"https:\/\/acontecenafronteira.com.br\/wp-content\/uploads\/2021\/11\/logo-acontece-1.jpg\" \/>\n\t\t<meta property=\"og:image:secure_url\" content=\"https:\/\/acontecenafronteira.com.br\/wp-content\/uploads\/2021\/11\/logo-acontece-1.jpg\" \/>\n\t\t<meta property=\"article:published_time\" content=\"2022-01-20T17:52:45+00:00\" \/>\n\t\t<meta property=\"article:modified_time\" content=\"2022-01-20T17:52:46+00:00\" \/>\n\t\t<meta name=\"twitter:card\" content=\"summary_large_image\" \/>\n\t\t<meta name=\"twitter:title\" content=\"Sa\u00fade abre agendamento para vacina\u00e7\u00e3o contra covid de crian\u00e7as de 10 e 11 anos - Acontece Na Fronteira\" \/>\n\t\t<meta name=\"twitter:description\" content=\"Doses ser\u00e3o aplicadas em dez unidades de sa\u00fade do munic\u00edpio, mediante agendamento pr\u00e9vio pelo site da prefeitura A Secretaria de Sa\u00fade de Foz do Igua\u00e7u ir\u00e1 vacinar contra a covid-19, nesta sexta-feira (21), as crian\u00e7as de 10 e 11 anos de idade, mediante agendamento pr\u00e9vio pelo site (vacinacao.pmfi.pr.gov.br). Tamb\u00e9m seguem sendo imunizadas os pequenos de\" \/>\n\t\t<meta name=\"twitter:image\" content=\"https:\/\/acontecenafronteira.com.br\/wp-content\/uploads\/2021\/11\/logo-acontece-1.jpg\" \/>\n\t\t<script type=\"application\/ld+json\" class=\"aioseo-schema\">\n\t\t\t{\"@context\":\"https:\\\/\\\/schema.org\",\"@graph\":[{\"@type\":\"BlogPosting\",\"@id\":\"https:\\\/\\\/acontecenafronteira.com.br\\\/index.php\\\/2022\\\/01\\\/20\\\/saude-abre-agendamento-para-vacinacao-contra-covid-de-criancas-de-10-e-11-anos\\\/#blogposting\",\"name\":\"Sa\\u00fade abre agendamento para vacina\\u00e7\\u00e3o contra covid de crian\\u00e7as de 10 e 11 anos - Acontece Na Fronteira\",\"headline\":\"Sa\\u00fade abre agendamento para vacina\\u00e7\\u00e3o contra covid de crian\\u00e7as de 10 e 11 anos\",\"author\":{\"@id\":\"https:\\\/\\\/acontecenafronteira.com.br\\\/index.php\\\/author\\\/acontece\\\/#author\"},\"publisher\":{\"@id\":\"https:\\\/\\\/acontecenafronteira.com.br\\\/#organization\"},\"image\":{\"@type\":\"ImageObject\",\"url\":\"https:\\\/\\\/acontecenafronteira.com.br\\\/wp-content\\\/uploads\\\/2022\\\/01\\\/image-59.jpg?v=1642701143\",\"width\":799,\"height\":533},\"datePublished\":\"2022-01-20T14:52:45-03:00\",\"dateModified\":\"2022-01-20T14:52:46-03:00\",\"inLanguage\":\"pt-PT\",\"mainEntityOfPage\":{\"@id\":\"https:\\\/\\\/acontecenafronteira.com.br\\\/index.php\\\/2022\\\/01\\\/20\\\/saude-abre-agendamento-para-vacinacao-contra-covid-de-criancas-de-10-e-11-anos\\\/#webpage\"},\"isPartOf\":{\"@id\":\"https:\\\/\\\/acontecenafronteira.com.br\\\/index.php\\\/2022\\\/01\\\/20\\\/saude-abre-agendamento-para-vacinacao-contra-covid-de-criancas-de-10-e-11-anos\\\/#webpage\"},\"articleSection\":\"Cidade, Covid-19\"},{\"@type\":\"BreadcrumbList\",\"@id\":\"https:\\\/\\\/acontecenafronteira.com.br\\\/index.php\\\/2022\\\/01\\\/20\\\/saude-abre-agendamento-para-vacinacao-contra-covid-de-criancas-de-10-e-11-anos\\\/#breadcrumblist\",\"itemListElement\":[{\"@type\":\"ListItem\",\"@id\":\"https:\\\/\\\/acontecenafronteira.com.br#listItem\",\"position\":1,\"name\":\"Home\",\"item\":\"https:\\\/\\\/acontecenafronteira.com.br\",\"nextItem\":{\"@type\":\"ListItem\",\"@id\":\"https:\\\/\\\/acontecenafronteira.com.br\\\/index.php\\\/category\\\/cidade\\\/#listItem\",\"name\":\"Cidade\"}},{\"@type\":\"ListItem\",\"@id\":\"https:\\\/\\\/acontecenafronteira.com.br\\\/index.php\\\/category\\\/cidade\\\/#listItem\",\"position\":2,\"name\":\"Cidade\",\"item\":\"https:\\\/\\\/acontecenafronteira.com.br\\\/index.php\\\/category\\\/cidade\\\/\",\"nextItem\":{\"@type\":\"ListItem\",\"@id\":\"https:\\\/\\\/acontecenafronteira.com.br\\\/index.php\\\/2022\\\/01\\\/20\\\/saude-abre-agendamento-para-vacinacao-contra-covid-de-criancas-de-10-e-11-anos\\\/#listItem\",\"name\":\"Sa\\u00fade abre agendamento para vacina\\u00e7\\u00e3o contra covid de crian\\u00e7as de 10 e 11 anos\"},\"previousItem\":{\"@type\":\"ListItem\",\"@id\":\"https:\\\/\\\/acontecenafronteira.com.br#listItem\",\"name\":\"Home\"}},{\"@type\":\"ListItem\",\"@id\":\"https:\\\/\\\/acontecenafronteira.com.br\\\/index.php\\\/2022\\\/01\\\/20\\\/saude-abre-agendamento-para-vacinacao-contra-covid-de-criancas-de-10-e-11-anos\\\/#listItem\",\"position\":3,\"name\":\"Sa\\u00fade abre agendamento para vacina\\u00e7\\u00e3o contra covid de crian\\u00e7as de 10 e 11 anos\",\"previousItem\":{\"@type\":\"ListItem\",\"@id\":\"https:\\\/\\\/acontecenafronteira.com.br\\\/index.php\\\/category\\\/cidade\\\/#listItem\",\"name\":\"Cidade\"}}]},{\"@type\":\"Organization\",\"@id\":\"https:\\\/\\\/acontecenafronteira.com.br\\\/#organization\",\"name\":\"Acontece Na Fronteira\",\"description\":\"Noticias da Triplice Fronteira\",\"url\":\"https:\\\/\\\/acontecenafronteira.com.br\\\/\",\"logo\":{\"@type\":\"ImageObject\",\"url\":\"https:\\\/\\\/acontecenafronteira.com.br\\\/wp-content\\\/uploads\\\/2021\\\/11\\\/logo-acontece-1.jpg\",\"@id\":\"https:\\\/\\\/acontecenafronteira.com.br\\\/index.php\\\/2022\\\/01\\\/20\\\/saude-abre-agendamento-para-vacinacao-contra-covid-de-criancas-de-10-e-11-anos\\\/#organizationLogo\",\"width\":519,\"height\":134},\"image\":{\"@id\":\"https:\\\/\\\/acontecenafronteira.com.br\\\/index.php\\\/2022\\\/01\\\/20\\\/saude-abre-agendamento-para-vacinacao-contra-covid-de-criancas-de-10-e-11-anos\\\/#organizationLogo\"}},{\"@type\":\"Person\",\"@id\":\"https:\\\/\\\/acontecenafronteira.com.br\\\/index.php\\\/author\\\/acontece\\\/#author\",\"url\":\"https:\\\/\\\/acontecenafronteira.com.br\\\/index.php\\\/author\\\/acontece\\\/\",\"name\":\"Acontece\",\"image\":{\"@type\":\"ImageObject\",\"@id\":\"https:\\\/\\\/acontecenafronteira.com.br\\\/index.php\\\/2022\\\/01\\\/20\\\/saude-abre-agendamento-para-vacinacao-contra-covid-de-criancas-de-10-e-11-anos\\\/#authorImage\",\"url\":\"https:\\\/\\\/secure.gravatar.com\\\/avatar\\\/0b1ee8d0eca65cb9faa45624b55ce76a3802d420ba7941831b57f27c693fb7d8?s=96&d=mm&r=g\",\"width\":96,\"height\":96,\"caption\":\"Acontece\"}},{\"@type\":\"WebPage\",\"@id\":\"https:\\\/\\\/acontecenafronteira.com.br\\\/index.php\\\/2022\\\/01\\\/20\\\/saude-abre-agendamento-para-vacinacao-contra-covid-de-criancas-de-10-e-11-anos\\\/#webpage\",\"url\":\"https:\\\/\\\/acontecenafronteira.com.br\\\/index.php\\\/2022\\\/01\\\/20\\\/saude-abre-agendamento-para-vacinacao-contra-covid-de-criancas-de-10-e-11-anos\\\/\",\"name\":\"Sa\\u00fade abre agendamento para vacina\\u00e7\\u00e3o contra covid de crian\\u00e7as de 10 e 11 anos - Acontece Na Fronteira\",\"description\":\"Doses ser\\u00e3o aplicadas em dez unidades de sa\\u00fade do munic\\u00edpio, mediante agendamento pr\\u00e9vio pelo site da prefeitura A Secretaria de Sa\\u00fade de Foz do Igua\\u00e7u ir\\u00e1 vacinar contra a covid-19, nesta sexta-feira (21), as crian\\u00e7as de 10 e 11 anos de idade, mediante agendamento pr\\u00e9vio pelo site (vacinacao.pmfi.pr.gov.br). Tamb\\u00e9m seguem sendo imunizadas os pequenos de\",\"inLanguage\":\"pt-PT\",\"isPartOf\":{\"@id\":\"https:\\\/\\\/acontecenafronteira.com.br\\\/#website\"},\"breadcrumb\":{\"@id\":\"https:\\\/\\\/acontecenafronteira.com.br\\\/index.php\\\/2022\\\/01\\\/20\\\/saude-abre-agendamento-para-vacinacao-contra-covid-de-criancas-de-10-e-11-anos\\\/#breadcrumblist\"},\"author\":{\"@id\":\"https:\\\/\\\/acontecenafronteira.com.br\\\/index.php\\\/author\\\/acontece\\\/#author\"},\"creator\":{\"@id\":\"https:\\\/\\\/acontecenafronteira.com.br\\\/index.php\\\/author\\\/acontece\\\/#author\"},\"image\":{\"@type\":\"ImageObject\",\"url\":\"https:\\\/\\\/acontecenafronteira.com.br\\\/wp-content\\\/uploads\\\/2022\\\/01\\\/image-59.jpg?v=1642701143\",\"@id\":\"https:\\\/\\\/acontecenafronteira.com.br\\\/index.php\\\/2022\\\/01\\\/20\\\/saude-abre-agendamento-para-vacinacao-contra-covid-de-criancas-de-10-e-11-anos\\\/#mainImage\",\"width\":799,\"height\":533},\"primaryImageOfPage\":{\"@id\":\"https:\\\/\\\/acontecenafronteira.com.br\\\/index.php\\\/2022\\\/01\\\/20\\\/saude-abre-agendamento-para-vacinacao-contra-covid-de-criancas-de-10-e-11-anos\\\/#mainImage\"},\"datePublished\":\"2022-01-20T14:52:45-03:00\",\"dateModified\":\"2022-01-20T14:52:46-03:00\"},{\"@type\":\"WebSite\",\"@id\":\"https:\\\/\\\/acontecenafronteira.com.br\\\/#website\",\"url\":\"https:\\\/\\\/acontecenafronteira.com.br\\\/\",\"name\":\"Acontece Na Fronteira\",\"description\":\"Noticias da Triplice Fronteira\",\"inLanguage\":\"pt-PT\",\"publisher\":{\"@id\":\"https:\\\/\\\/acontecenafronteira.com.br\\\/#organization\"}}]}\n\t\t<\/script>\n\t\t<!-- All in One SEO -->\n\n","aioseo_head_json":{"title":"Sa\u00fade abre agendamento para vacina\u00e7\u00e3o contra covid de crian\u00e7as de 10 e 11 anos - Acontece Na Fronteira","description":"Doses ser\u00e3o aplicadas em dez unidades de sa\u00fade do munic\u00edpio, mediante agendamento pr\u00e9vio pelo site da prefeitura A Secretaria de Sa\u00fade de Foz do Igua\u00e7u ir\u00e1 vacinar contra a covid-19, nesta sexta-feira (21), as crian\u00e7as de 10 e 11 anos de idade, mediante agendamento pr\u00e9vio pelo site (vacinacao.pmfi.pr.gov.br). Tamb\u00e9m seguem sendo imunizadas os pequenos de","canonical_url":"https:\/\/acontecenafronteira.com.br\/index.php\/2022\/01\/20\/saude-abre-agendamento-para-vacinacao-contra-covid-de-criancas-de-10-e-11-anos\/","robots":"max-image-preview:large","keywords":"","webmasterTools":{"miscellaneous":""},"schema":{"@context":"https:\/\/schema.org","@graph":[{"@type":"BlogPosting","@id":"https:\/\/acontecenafronteira.com.br\/index.php\/2022\/01\/20\/saude-abre-agendamento-para-vacinacao-contra-covid-de-criancas-de-10-e-11-anos\/#blogposting","name":"Sa\u00fade abre agendamento para vacina\u00e7\u00e3o contra covid de crian\u00e7as de 10 e 11 anos - Acontece Na Fronteira","headline":"Sa\u00fade abre agendamento para vacina\u00e7\u00e3o contra covid de crian\u00e7as de 10 e 11 anos","author":{"@id":"https:\/\/acontecenafronteira.com.br\/index.php\/author\/acontece\/#author"},"publisher":{"@id":"https:\/\/acontecenafronteira.com.br\/#organization"},"image":{"@type":"ImageObject","url":"https:\/\/acontecenafronteira.com.br\/wp-content\/uploads\/2022\/01\/image-59.jpg?v=1642701143","width":799,"height":533},"datePublished":"2022-01-20T14:52:45-03:00","dateModified":"2022-01-20T14:52:46-03:00","inLanguage":"pt-PT","mainEntityOfPage":{"@id":"https:\/\/acontecenafronteira.com.br\/index.php\/2022\/01\/20\/saude-abre-agendamento-para-vacinacao-contra-covid-de-criancas-de-10-e-11-anos\/#webpage"},"isPartOf":{"@id":"https:\/\/acontecenafronteira.com.br\/index.php\/2022\/01\/20\/saude-abre-agendamento-para-vacinacao-contra-covid-de-criancas-de-10-e-11-anos\/#webpage"},"articleSection":"Cidade, Covid-19"},{"@type":"BreadcrumbList","@id":"https:\/\/acontecenafronteira.com.br\/index.php\/2022\/01\/20\/saude-abre-agendamento-para-vacinacao-contra-covid-de-criancas-de-10-e-11-anos\/#breadcrumblist","itemListElement":[{"@type":"ListItem","@id":"https:\/\/acontecenafronteira.com.br#listItem","position":1,"name":"Home","item":"https:\/\/acontecenafronteira.com.br","nextItem":{"@type":"ListItem","@id":"https:\/\/acontecenafronteira.com.br\/index.php\/category\/cidade\/#listItem","name":"Cidade"}},{"@type":"ListItem","@id":"https:\/\/acontecenafronteira.com.br\/index.php\/category\/cidade\/#listItem","position":2,"name":"Cidade","item":"https:\/\/acontecenafronteira.com.br\/index.php\/category\/cidade\/","nextItem":{"@type":"ListItem","@id":"https:\/\/acontecenafronteira.com.br\/index.php\/2022\/01\/20\/saude-abre-agendamento-para-vacinacao-contra-covid-de-criancas-de-10-e-11-anos\/#listItem","name":"Sa\u00fade abre agendamento para vacina\u00e7\u00e3o contra covid de crian\u00e7as de 10 e 11 anos"},"previousItem":{"@type":"ListItem","@id":"https:\/\/acontecenafronteira.com.br#listItem","name":"Home"}},{"@type":"ListItem","@id":"https:\/\/acontecenafronteira.com.br\/index.php\/2022\/01\/20\/saude-abre-agendamento-para-vacinacao-contra-covid-de-criancas-de-10-e-11-anos\/#listItem","position":3,"name":"Sa\u00fade abre agendamento para vacina\u00e7\u00e3o contra covid de crian\u00e7as de 10 e 11 anos","previousItem":{"@type":"ListItem","@id":"https:\/\/acontecenafronteira.com.br\/index.php\/category\/cidade\/#listItem","name":"Cidade"}}]},{"@type":"Organization","@id":"https:\/\/acontecenafronteira.com.br\/#organization","name":"Acontece Na Fronteira","description":"Noticias da Triplice Fronteira","url":"https:\/\/acontecenafronteira.com.br\/","logo":{"@type":"ImageObject","url":"https:\/\/acontecenafronteira.com.br\/wp-content\/uploads\/2021\/11\/logo-acontece-1.jpg","@id":"https:\/\/acontecenafronteira.com.br\/index.php\/2022\/01\/20\/saude-abre-agendamento-para-vacinacao-contra-covid-de-criancas-de-10-e-11-anos\/#organizationLogo","width":519,"height":134},"image":{"@id":"https:\/\/acontecenafronteira.com.br\/index.php\/2022\/01\/20\/saude-abre-agendamento-para-vacinacao-contra-covid-de-criancas-de-10-e-11-anos\/#organizationLogo"}},{"@type":"Person","@id":"https:\/\/acontecenafronteira.com.br\/index.php\/author\/acontece\/#author","url":"https:\/\/acontecenafronteira.com.br\/index.php\/author\/acontece\/","name":"Acontece","image":{"@type":"ImageObject","@id":"https:\/\/acontecenafronteira.com.br\/index.php\/2022\/01\/20\/saude-abre-agendamento-para-vacinacao-contra-covid-de-criancas-de-10-e-11-anos\/#authorImage","url":"https:\/\/secure.gravatar.com\/avatar\/0b1ee8d0eca65cb9faa45624b55ce76a3802d420ba7941831b57f27c693fb7d8?s=96&d=mm&r=g","width":96,"height":96,"caption":"Acontece"}},{"@type":"WebPage","@id":"https:\/\/acontecenafronteira.com.br\/index.php\/2022\/01\/20\/saude-abre-agendamento-para-vacinacao-contra-covid-de-criancas-de-10-e-11-anos\/#webpage","url":"https:\/\/acontecenafronteira.com.br\/index.php\/2022\/01\/20\/saude-abre-agendamento-para-vacinacao-contra-covid-de-criancas-de-10-e-11-anos\/","name":"Sa\u00fade abre agendamento para vacina\u00e7\u00e3o contra covid de crian\u00e7as de 10 e 11 anos - Acontece Na Fronteira","description":"Doses ser\u00e3o aplicadas em dez unidades de sa\u00fade do munic\u00edpio, mediante agendamento pr\u00e9vio pelo site da prefeitura A Secretaria de Sa\u00fade de Foz do Igua\u00e7u ir\u00e1 vacinar contra a covid-19, nesta sexta-feira (21), as crian\u00e7as de 10 e 11 anos de idade, mediante agendamento pr\u00e9vio pelo site (vacinacao.pmfi.pr.gov.br). Tamb\u00e9m seguem sendo imunizadas os pequenos de","inLanguage":"pt-PT","isPartOf":{"@id":"https:\/\/acontecenafronteira.com.br\/#website"},"breadcrumb":{"@id":"https:\/\/acontecenafronteira.com.br\/index.php\/2022\/01\/20\/saude-abre-agendamento-para-vacinacao-contra-covid-de-criancas-de-10-e-11-anos\/#breadcrumblist"},"author":{"@id":"https:\/\/acontecenafronteira.com.br\/index.php\/author\/acontece\/#author"},"creator":{"@id":"https:\/\/acontecenafronteira.com.br\/index.php\/author\/acontece\/#author"},"image":{"@type":"ImageObject","url":"https:\/\/acontecenafronteira.com.br\/wp-content\/uploads\/2022\/01\/image-59.jpg?v=1642701143","@id":"https:\/\/acontecenafronteira.com.br\/index.php\/2022\/01\/20\/saude-abre-agendamento-para-vacinacao-contra-covid-de-criancas-de-10-e-11-anos\/#mainImage","width":799,"height":533},"primaryImageOfPage":{"@id":"https:\/\/acontecenafronteira.com.br\/index.php\/2022\/01\/20\/saude-abre-agendamento-para-vacinacao-contra-covid-de-criancas-de-10-e-11-anos\/#mainImage"},"datePublished":"2022-01-20T14:52:45-03:00","dateModified":"2022-01-20T14:52:46-03:00"},{"@type":"WebSite","@id":"https:\/\/acontecenafronteira.com.br\/#website","url":"https:\/\/acontecenafronteira.com.br\/","name":"Acontece Na Fronteira","description":"Noticias da Triplice Fronteira","inLanguage":"pt-PT","publisher":{"@id":"https:\/\/acontecenafronteira.com.br\/#organization"}}]},"og:locale":"pt_PT","og:site_name":"Acontece Na Fronteira - Noticias da Triplice Fronteira","og:type":"article","og:title":"Sa\u00fade abre agendamento para vacina\u00e7\u00e3o contra covid de crian\u00e7as de 10 e 11 anos - Acontece Na Fronteira","og:description":"Doses ser\u00e3o aplicadas em dez unidades de sa\u00fade do munic\u00edpio, mediante agendamento pr\u00e9vio pelo site da prefeitura A Secretaria de Sa\u00fade de Foz do Igua\u00e7u ir\u00e1 vacinar contra a covid-19, nesta sexta-feira (21), as crian\u00e7as de 10 e 11 anos de idade, mediante agendamento pr\u00e9vio pelo site (vacinacao.pmfi.pr.gov.br). Tamb\u00e9m seguem sendo imunizadas os pequenos de","og:url":"https:\/\/acontecenafronteira.com.br\/index.php\/2022\/01\/20\/saude-abre-agendamento-para-vacinacao-contra-covid-de-criancas-de-10-e-11-anos\/","og:image":"https:\/\/acontecenafronteira.com.br\/wp-content\/uploads\/2021\/11\/logo-acontece-1.jpg","og:image:secure_url":"https:\/\/acontecenafronteira.com.br\/wp-content\/uploads\/2021\/11\/logo-acontece-1.jpg","article:published_time":"2022-01-20T17:52:45+00:00","article:modified_time":"2022-01-20T17:52:46+00:00","twitter:card":"summary_large_image","twitter:title":"Sa\u00fade abre agendamento para vacina\u00e7\u00e3o contra covid de crian\u00e7as de 10 e 11 anos - Acontece Na Fronteira","twitter:description":"Doses ser\u00e3o aplicadas em dez unidades de sa\u00fade do munic\u00edpio, mediante agendamento pr\u00e9vio pelo site da prefeitura A Secretaria de Sa\u00fade de Foz do Igua\u00e7u ir\u00e1 vacinar contra a covid-19, nesta sexta-feira (21), as crian\u00e7as de 10 e 11 anos de idade, mediante agendamento pr\u00e9vio pelo site (vacinacao.pmfi.pr.gov.br). Tamb\u00e9m seguem sendo imunizadas os pequenos de","twitter:image":"https:\/\/acontecenafronteira.com.br\/wp-content\/uploads\/2021\/11\/logo-acontece-1.jpg"},"aioseo_meta_data":{"post_id":"5149","title":null,"description":null,"keywords":null,"keyphrases":null,"primary_term":null,"canonical_url":null,"og_title":null,"og_description":null,"og_object_type":"default","og_image_type":"default","og_image_url":null,"og_image_width":null,"og_image_height":null,"og_image_custom_url":null,"og_image_custom_fields":null,"og_video":null,"og_custom_url":null,"og_article_section":null,"og_article_tags":null,"twitter_use_og":false,"twitter_card":"default","twitter_image_type":"default","twitter_image_url":null,"twitter_image_custom_url":null,"twitter_image_custom_fields":null,"twitter_title":null,"twitter_description":null,"schema":{"blockGraphs":[],"customGraphs":[],"default":{"data":{"Article":[],"Course":[],"Dataset":[],"FAQPage":[],"Movie":[],"Person":[],"Product":[],"ProductReview":[],"Car":[],"Recipe":[],"Service":[],"SoftwareApplication":[],"WebPage":[]},"graphName":"","isEnabled":true},"graphs":[]},"schema_type":"default","schema_type_options":null,"pillar_content":false,"robots_default":true,"robots_noindex":false,"robots_noarchive":false,"robots_nosnippet":false,"robots_nofollow":false,"robots_noimageindex":false,"robots_noodp":false,"robots_notranslate":false,"robots_max_snippet":null,"robots_max_videopreview":null,"robots_max_imagepreview":"large","priority":null,"frequency":null,"local_seo":null,"limit_modified_date":false,"created":"2024-11-13 23:32:01","updated":"2024-11-13 23:32:01","focus_keyword":null,"additional_keywords":null,"truseo_locale":null,"ai":null,"breadcrumb_settings":null,"seo_analyzer_scan_date":null},"aioseo_breadcrumb":"<div class=\"aioseo-breadcrumbs\"><span class=\"aioseo-breadcrumb\">\n\t\t\t<a href=\"https:\/\/acontecenafronteira.com.br\" title=\"Home\">Home<\/a>\n\t\t<\/span><span class=\"aioseo-breadcrumb-separator\">&raquo;<\/span><span class=\"aioseo-breadcrumb\">\n\t\t\t<a href=\"https:\/\/acontecenafronteira.com.br\/index.php\/category\/cidade\/\" title=\"Cidade\">Cidade<\/a>\n\t\t<\/span><span class=\"aioseo-breadcrumb-separator\">&raquo;<\/span><span class=\"aioseo-breadcrumb\">\n\t\t\tSa\u00fade abre agendamento para vacina\u00e7\u00e3o contra covid de crian\u00e7as de 10 e 11 anos\n\t\t<\/span><\/div>","aioseo_breadcrumb_json":[{"label":"Home","link":"https:\/\/acontecenafronteira.com.br"},{"label":"Cidade","link":"https:\/\/acontecenafronteira.com.br\/index.php\/category\/cidade\/"},{"label":"Sa\u00fade abre agendamento para vacina\u00e7\u00e3o contra covid de crian\u00e7as de 10 e 11 anos","link":"https:\/\/acontecenafronteira.com.br\/index.php\/2022\/01\/20\/saude-abre-agendamento-para-vacinacao-contra-covid-de-criancas-de-10-e-11-anos\/"}],"_links":{"self":[{"href":"https:\/\/acontecenafronteira.com.br\/index.php\/wp-json\/wp\/v2\/posts\/5149","targetHints":{"allow":["GET"]}}],"collection":[{"href":"https:\/\/acontecenafronteira.com.br\/index.php\/wp-json\/wp\/v2\/posts"}],"about":[{"href":"https:\/\/acontecenafronteira.com.br\/index.php\/wp-json\/wp\/v2\/types\/post"}],"author":[{"embeddable":true,"href":"https:\/\/acontecenafronteira.com.br\/index.php\/wp-json\/wp\/v2\/users\/2"}],"replies":[{"embeddable":true,"href":"https:\/\/acontecenafronteira.com.br\/index.php\/wp-json\/wp\/v2\/comments?post=5149"}],"version-history":[{"count":1,"href":"https:\/\/acontecenafronteira.com.br\/index.php\/wp-json\/wp\/v2\/posts\/5149\/revisions"}],"predecessor-version":[{"id":5151,"href":"https:\/\/acontecenafronteira.com.br\/index.php\/wp-json\/wp\/v2\/posts\/5149\/revisions\/5151"}],"wp:featuredmedia":[{"embeddable":true,"href":"https:\/\/acontecenafronteira.com.br\/index.php\/wp-json\/wp\/v2\/media\/5150"}],"wp:attachment":[{"href":"https:\/\/acontecenafronteira.com.br\/index.php\/wp-json\/wp\/v2\/media?parent=5149"}],"wp:term":[{"taxonomy":"category","embeddable":true,"href":"https:\/\/acontecenafronteira.com.br\/index.php\/wp-json\/wp\/v2\/categories?post=5149"},{"taxonomy":"post_tag","embeddable":true,"href":"https:\/\/acontecenafronteira.com.br\/index.php\/wp-json\/wp\/v2\/tags?post=5149"}],"curies":[{"name":"wp","href":"https:\/\/api.w.org\/{rel}","templated":true}]}}