{"id":5146,"date":"2022-01-20T14:51:08","date_gmt":"2022-01-20T17:51:08","guid":{"rendered":"https:\/\/acontecenafronteira.com.br\/?p=5146"},"modified":"2022-01-20T14:51:10","modified_gmt":"2022-01-20T17:51:10","slug":"boletim-20-01-2022-foz-registra-1-257-novos-casos-de-coronavirus-em-24-horas","status":"publish","type":"post","link":"https:\/\/acontecenafronteira.com.br\/index.php\/2022\/01\/20\/boletim-20-01-2022-foz-registra-1-257-novos-casos-de-coronavirus-em-24-horas\/","title":{"rendered":"Boletim 20\/01\/2022: Foz registra 1.257 novos casos de Coronav\u00edrus em 24 horas"},"content":{"rendered":"\n<p>A Vigil\u00e2ncia Epidemiol\u00f3gica de Foz do Igua\u00e7u confirma na data de hoje, 20\/01\/2022, 1.257 casos de covid-19. No total, s\u00e3o 55.479 casos da doen\u00e7a no munic\u00edpio. Destes, 49.843 pessoas j\u00e1 est\u00e3o recuperadas.<\/p>\n\n\n\n<p>Dos 1.257 novos casos, 717 s\u00e3o mulheres e 540 homens, com idades entre 04 meses e 92 anos. Entre eles, 1.256 est\u00e3o em isolamento domiciliar e 01 internado.<\/p>\n\n\n\n<p>Do total de casos ativos, 4437 pessoas est\u00e3o em isolamento domiciliar, com sinais e sintomas leves, e 32 est\u00e3o internadas.<\/p>\n\n\n\n<p>\u00d3bitos<\/p>\n\n\n\n<p>Foz do Igua\u00e7u n\u00e3o registrou \u00f3bito em consequ\u00eancia da covid-19 nas \u00faltimas 24 horas. No total, s\u00e3o 1.167 mortes pela doen\u00e7a no munic\u00edpio desde o in\u00edcio da pandemia.<\/p>\n\n\n\n<div data-wp-interactive=\"core\/file\" class=\"wp-block-file\"><object data-wp-bind--hidden=\"!state.hasPdfPreview\" hidden class=\"wp-block-file__embed\" data=\"https:\/\/acontecenafronteira.com.br\/wp-content\/uploads\/2022\/01\/Painel_Coronavirus_-_Foz_do_Iguacu-2022-01-20T133518.009.pdf\" type=\"application\/pdf\" style=\"width:100%;height:600px\" aria-label=\"Incorpora\u00e7\u00e3o de Incorporado de Painel_Coronavirus_-_Foz_do_Iguacu-2022-01-20T133518.009..\"><\/object><a href=\"https:\/\/acontecenafronteira.com.br\/wp-content\/uploads\/2022\/01\/Painel_Coronavirus_-_Foz_do_Iguacu-2022-01-20T133518.009.pdf\">Painel_Coronavirus_-_Foz_do_Iguacu-2022-01-20T133518.009<\/a><a href=\"https:\/\/acontecenafronteira.com.br\/wp-content\/uploads\/2022\/01\/Painel_Coronavirus_-_Foz_do_Iguacu-2022-01-20T133518.009.pdf\" class=\"wp-block-file__button\" download>Baixar<\/a><\/div>\n\n\n\n<p><\/p>\n","protected":false},"excerpt":{"rendered":"<p>A Vigil\u00e2ncia Epidemiol\u00f3gica de Foz do Igua\u00e7u confirma na data de hoje, 20\/01\/2022, 1.257 casos de covid-19. No total, s\u00e3o 55.479 casos da doen\u00e7a no munic\u00edpio. Destes, 49.843 pessoas j\u00e1 est\u00e3o recuperadas. Dos 1.257 novos casos, 717 s\u00e3o mulheres e 540 homens, com idades entre 04 meses e 92 anos. Entre eles, 1.256 est\u00e3o em [&hellip;]<\/p>\n","protected":false},"author":2,"featured_media":37,"comment_status":"open","ping_status":"open","sticky":false,"template":"","format":"standard","meta":{"om_disable_all_campaigns":false,"_monsterinsights_skip_tracking":false,"_monsterinsights_sitenote_active":false,"_monsterinsights_sitenote_note":"","_monsterinsights_sitenote_category":0,"footnotes":""},"categories":[4,7],"tags":[],"class_list":["post-5146","post","type-post","status-publish","format-standard","has-post-thumbnail","hentry","category-cidade","category-covid-19"],"_links":{"self":[{"href":"https:\/\/acontecenafronteira.com.br\/index.php\/wp-json\/wp\/v2\/posts\/5146","targetHints":{"allow":["GET"]}}],"collection":[{"href":"https:\/\/acontecenafronteira.com.br\/index.php\/wp-json\/wp\/v2\/posts"}],"about":[{"href":"https:\/\/acontecenafronteira.com.br\/index.php\/wp-json\/wp\/v2\/types\/post"}],"author":[{"embeddable":true,"href":"https:\/\/acontecenafronteira.com.br\/index.php\/wp-json\/wp\/v2\/users\/2"}],"replies":[{"embeddable":true,"href":"https:\/\/acontecenafronteira.com.br\/index.php\/wp-json\/wp\/v2\/comments?post=5146"}],"version-history":[{"count":1,"href":"https:\/\/acontecenafronteira.com.br\/index.php\/wp-json\/wp\/v2\/posts\/5146\/revisions"}],"predecessor-version":[{"id":5148,"href":"https:\/\/acontecenafronteira.com.br\/index.php\/wp-json\/wp\/v2\/posts\/5146\/revisions\/5148"}],"wp:featuredmedia":[{"embeddable":true,"href":"https:\/\/acontecenafronteira.com.br\/index.php\/wp-json\/wp\/v2\/media\/37"}],"wp:attachment":[{"href":"https:\/\/acontecenafronteira.com.br\/index.php\/wp-json\/wp\/v2\/media?parent=5146"}],"wp:term":[{"taxonomy":"category","embeddable":true,"href":"https:\/\/acontecenafronteira.com.br\/index.php\/wp-json\/wp\/v2\/categories?post=5146"},{"taxonomy":"post_tag","embeddable":true,"href":"https:\/\/acontecenafronteira.com.br\/index.php\/wp-json\/wp\/v2\/tags?post=5146"}],"curies":[{"name":"wp","href":"https:\/\/api.w.org\/{rel}","templated":true}]}}