{"id":5006,"date":"2022-01-17T20:18:03","date_gmt":"2022-01-17T23:18:03","guid":{"rendered":"https:\/\/acontecenafronteira.com.br\/?p=5006"},"modified":"2022-01-17T20:18:04","modified_gmt":"2022-01-17T23:18:04","slug":"empresa-inicia-remocao-do-pavimento-antigo-da-olimpio-rafagnin","status":"publish","type":"post","link":"https:\/\/acontecenafronteira.com.br\/index.php\/2022\/01\/17\/empresa-inicia-remocao-do-pavimento-antigo-da-olimpio-rafagnin\/","title":{"rendered":"Empresa inicia remo\u00e7\u00e3o do pavimento antigo da Ol\u00edmpio Rafagnin"},"content":{"rendered":"\n<p>Prefeitura est\u00e1 acompanhando de perto cada etapa da obra para garantir que servi\u00e7os sejam cumpridos com qualidade e dentro do cronograma<\/p>\n\n\n\n<p>A empresa respons\u00e1vel pelas obras na Avenida Ol\u00edmpio Rafagnin, marginal da BR-277, na entrada de Foz do Igua\u00e7u, trabalha atualmente na recomposi\u00e7\u00e3o de meio-fios, cal\u00e7adas e ciclovias, ap\u00f3s finalizar a instala\u00e7\u00e3o de redes de manilhas pluviais na regi\u00e3o de Tr\u00eas Lagoas.<\/p>\n\n\n\n<p>Simultaneamente, tamb\u00e9m est\u00e3o sendo feitos os servi\u00e7os de remo\u00e7\u00e3o do antigo pavimento e a execu\u00e7\u00e3o de novas bases e sub-bases da via.&nbsp;<\/p>\n\n\n\n<p>\u201cCom cerca de 7 km de extens\u00e3o, est\u00e1 \u00e9 uma das obras mais complexas em execu\u00e7\u00e3o no Munic\u00edpio. Estamos acompanhando de perto cada etapa da obra para garantir que o cronograma seja executado conforme os prazos previstos no edital do processo licitat\u00f3rio\u201d, comentou o prefeito Chico Brasileiro.<\/p>\n\n\n\n<p>O investimento na Ol\u00edmpio Rafagnin \u00e9 superior a R$ 8 milh\u00f5es e a previs\u00e3o \u00e9 que os trabalhos sejam conclu\u00eddos no pr\u00f3ximo semestre. As obras na via integram o pacote 2 do Programa de Acelera\u00e7\u00e3o do Crescimento (PAC), do Governo Federal.<\/p>\n\n\n\n<p>A avenida receber\u00e1 servi\u00e7os de terraplanagem, implanta\u00e7\u00e3o de pavimenta\u00e7\u00e3o asf\u00e1ltica, pavimenta\u00e7\u00e3o em concreto de ciclovia, galerias pluviais, pontos de \u00f4nibus, sinaliza\u00e7\u00e3o vi\u00e1ria e paisagismo.<\/p>\n\n\n\n<p><strong>Hist\u00f3rico<\/strong><\/p>\n\n\n\n<p>Os trabalhos na Ol\u00edmpio Rafagnin estavam paralisados desde 2016, quando a Pol\u00edcia Federal atrav\u00e9s da Opera\u00e7\u00e3o Pec\u00falio identificou irregularidades na execu\u00e7\u00e3o das obras. Ap\u00f3s um amplo trabalho da Justi\u00e7a Federal, Minist\u00e9rio P\u00fablico Federal (MPF) e tamb\u00e9m da Caixa Econ\u00f4mica Federal (CEF), a Prefeitura de Foz do Igua\u00e7u recebeu autoriza\u00e7\u00e3o e licitou novamente em 2021 os trabalhos na avenida.<\/p>\n\n\n\n<p>A Secretaria Municipal de Obras, no entanto, precisou refazer o projeto, com nova sondagem e estudos de topografia, para garantir que os trabalhos atendam \u00e0s necessidades de tr\u00e1fego e dos moradores da regi\u00e3o.<\/p>\n\n\n\n<figure class=\"wp-block-gallery columns-3 is-cropped wp-block-gallery-1 is-layout-flex wp-block-gallery-is-layout-flex\"><ul class=\"blocks-gallery-grid\"><li class=\"blocks-gallery-item\"><figure><a href=\"https:\/\/acontecenafronteira.com.br\/wp-content\/uploads\/2022\/01\/WhatsApp-Image-2022-01-17-at-17.05.05-2.jpeg?v=1642461471\"><img loading=\"lazy\" decoding=\"async\" width=\"1024\" height=\"768\" src=\"https:\/\/acontecenafronteira.com.br\/wp-content\/uploads\/2022\/01\/WhatsApp-Image-2022-01-17-at-17.05.05-2-1024x768.jpeg?v=1642461471\" alt=\"\" data-id=\"5008\" data-full-url=\"https:\/\/acontecenafronteira.com.br\/wp-content\/uploads\/2022\/01\/WhatsApp-Image-2022-01-17-at-17.05.05-2.jpeg?v=1642461471\" data-link=\"https:\/\/acontecenafronteira.com.br\/?attachment_id=5008\" class=\"wp-image-5008\" srcset=\"https:\/\/acontecenafronteira.com.br\/wp-content\/uploads\/2022\/01\/WhatsApp-Image-2022-01-17-at-17.05.05-2-1024x768.jpeg?v=1642461471 1024w, https:\/\/acontecenafronteira.com.br\/wp-content\/uploads\/2022\/01\/WhatsApp-Image-2022-01-17-at-17.05.05-2-300x225.jpeg?v=1642461471 300w, https:\/\/acontecenafronteira.com.br\/wp-content\/uploads\/2022\/01\/WhatsApp-Image-2022-01-17-at-17.05.05-2-768x576.jpeg?v=1642461471 768w, https:\/\/acontecenafronteira.com.br\/wp-content\/uploads\/2022\/01\/WhatsApp-Image-2022-01-17-at-17.05.05-2.jpeg?v=1642461471 1280w\" sizes=\"auto, (max-width: 1024px) 100vw, 1024px\" \/><\/a><\/figure><\/li><li class=\"blocks-gallery-item\"><figure><a href=\"https:\/\/acontecenafronteira.com.br\/wp-content\/uploads\/2022\/01\/WhatsApp-Image-2022-01-17-at-17.05.05-1.jpeg?v=1642461475\"><img loading=\"lazy\" decoding=\"async\" width=\"1024\" height=\"768\" src=\"https:\/\/acontecenafronteira.com.br\/wp-content\/uploads\/2022\/01\/WhatsApp-Image-2022-01-17-at-17.05.05-1-1024x768.jpeg?v=1642461475\" alt=\"\" data-id=\"5009\" data-full-url=\"https:\/\/acontecenafronteira.com.br\/wp-content\/uploads\/2022\/01\/WhatsApp-Image-2022-01-17-at-17.05.05-1.jpeg?v=1642461475\" data-link=\"https:\/\/acontecenafronteira.com.br\/?attachment_id=5009\" class=\"wp-image-5009\" srcset=\"https:\/\/acontecenafronteira.com.br\/wp-content\/uploads\/2022\/01\/WhatsApp-Image-2022-01-17-at-17.05.05-1-1024x768.jpeg?v=1642461475 1024w, https:\/\/acontecenafronteira.com.br\/wp-content\/uploads\/2022\/01\/WhatsApp-Image-2022-01-17-at-17.05.05-1-300x225.jpeg?v=1642461475 300w, https:\/\/acontecenafronteira.com.br\/wp-content\/uploads\/2022\/01\/WhatsApp-Image-2022-01-17-at-17.05.05-1-768x576.jpeg?v=1642461475 768w, https:\/\/acontecenafronteira.com.br\/wp-content\/uploads\/2022\/01\/WhatsApp-Image-2022-01-17-at-17.05.05-1.jpeg?v=1642461475 1280w\" sizes=\"auto, (max-width: 1024px) 100vw, 1024px\" \/><\/a><\/figure><\/li><li class=\"blocks-gallery-item\"><figure><a href=\"https:\/\/acontecenafronteira.com.br\/wp-content\/uploads\/2022\/01\/WhatsApp-Image-2022-01-17-at-17.05.05.jpeg?v=1642461479\"><img loading=\"lazy\" decoding=\"async\" width=\"1024\" height=\"768\" src=\"https:\/\/acontecenafronteira.com.br\/wp-content\/uploads\/2022\/01\/WhatsApp-Image-2022-01-17-at-17.05.05-1024x768.jpeg?v=1642461479\" alt=\"\" data-id=\"5011\" data-full-url=\"https:\/\/acontecenafronteira.com.br\/wp-content\/uploads\/2022\/01\/WhatsApp-Image-2022-01-17-at-17.05.05.jpeg?v=1642461479\" data-link=\"https:\/\/acontecenafronteira.com.br\/?attachment_id=5011\" class=\"wp-image-5011\" srcset=\"https:\/\/acontecenafronteira.com.br\/wp-content\/uploads\/2022\/01\/WhatsApp-Image-2022-01-17-at-17.05.05-1024x768.jpeg?v=1642461479 1024w, https:\/\/acontecenafronteira.com.br\/wp-content\/uploads\/2022\/01\/WhatsApp-Image-2022-01-17-at-17.05.05-300x225.jpeg?v=1642461479 300w, https:\/\/acontecenafronteira.com.br\/wp-content\/uploads\/2022\/01\/WhatsApp-Image-2022-01-17-at-17.05.05-768x576.jpeg?v=1642461479 768w, https:\/\/acontecenafronteira.com.br\/wp-content\/uploads\/2022\/01\/WhatsApp-Image-2022-01-17-at-17.05.05.jpeg?v=1642461479 1280w\" sizes=\"auto, (max-width: 1024px) 100vw, 1024px\" \/><\/a><\/figure><\/li><\/ul><\/figure>\n","protected":false},"excerpt":{"rendered":"<p>Prefeitura est\u00e1 acompanhando de perto cada etapa da obra para garantir que servi\u00e7os sejam cumpridos com qualidade e dentro do cronograma A empresa respons\u00e1vel pelas obras na Avenida Ol\u00edmpio Rafagnin, marginal da BR-277, na entrada de Foz do Igua\u00e7u, trabalha atualmente na recomposi\u00e7\u00e3o de meio-fios, cal\u00e7adas e ciclovias, ap\u00f3s finalizar a instala\u00e7\u00e3o de redes de [&hellip;]<\/p>\n","protected":false},"author":2,"featured_media":5010,"comment_status":"open","ping_status":"open","sticky":false,"template":"","format":"standard","meta":{"om_disable_all_campaigns":false,"_monsterinsights_skip_tracking":false,"_monsterinsights_sitenote_active":false,"_monsterinsights_sitenote_note":"","_monsterinsights_sitenote_category":0,"footnotes":""},"categories":[4,14],"tags":[],"class_list":["post-5006","post","type-post","status-publish","format-standard","has-post-thumbnail","hentry","category-cidade","category-obras"],"_links":{"self":[{"href":"https:\/\/acontecenafronteira.com.br\/index.php\/wp-json\/wp\/v2\/posts\/5006","targetHints":{"allow":["GET"]}}],"collection":[{"href":"https:\/\/acontecenafronteira.com.br\/index.php\/wp-json\/wp\/v2\/posts"}],"about":[{"href":"https:\/\/acontecenafronteira.com.br\/index.php\/wp-json\/wp\/v2\/types\/post"}],"author":[{"embeddable":true,"href":"https:\/\/acontecenafronteira.com.br\/index.php\/wp-json\/wp\/v2\/users\/2"}],"replies":[{"embeddable":true,"href":"https:\/\/acontecenafronteira.com.br\/index.php\/wp-json\/wp\/v2\/comments?post=5006"}],"version-history":[{"count":1,"href":"https:\/\/acontecenafronteira.com.br\/index.php\/wp-json\/wp\/v2\/posts\/5006\/revisions"}],"predecessor-version":[{"id":5012,"href":"https:\/\/acontecenafronteira.com.br\/index.php\/wp-json\/wp\/v2\/posts\/5006\/revisions\/5012"}],"wp:featuredmedia":[{"embeddable":true,"href":"https:\/\/acontecenafronteira.com.br\/index.php\/wp-json\/wp\/v2\/media\/5010"}],"wp:attachment":[{"href":"https:\/\/acontecenafronteira.com.br\/index.php\/wp-json\/wp\/v2\/media?parent=5006"}],"wp:term":[{"taxonomy":"category","embeddable":true,"href":"https:\/\/acontecenafronteira.com.br\/index.php\/wp-json\/wp\/v2\/categories?post=5006"},{"taxonomy":"post_tag","embeddable":true,"href":"https:\/\/acontecenafronteira.com.br\/index.php\/wp-json\/wp\/v2\/tags?post=5006"}],"curies":[{"name":"wp","href":"https:\/\/api.w.org\/{rel}","templated":true}]}}