{"id":5002,"date":"2022-01-17T20:16:52","date_gmt":"2022-01-17T23:16:52","guid":{"rendered":"https:\/\/acontecenafronteira.com.br\/?p=5002"},"modified":"2022-01-17T20:16:54","modified_gmt":"2022-01-17T23:16:54","slug":"tecnicos-desportivos-do-municipio-voltam-a-ministrar-aulas-a-partir-desta-segunda-feira-17","status":"publish","type":"post","link":"https:\/\/acontecenafronteira.com.br\/index.php\/2022\/01\/17\/tecnicos-desportivos-do-municipio-voltam-a-ministrar-aulas-a-partir-desta-segunda-feira-17\/","title":{"rendered":"T\u00e9cnicos desportivos do munic\u00edpio voltam a ministrar aulas a partir desta segunda-feira (17)"},"content":{"rendered":"\n<p>As aulas s\u00e3o gratuitas e oferecidas em todas as regi\u00f5es da cidade, em mais de 50 n\u00facleos, como centros de conviv\u00eancia, gin\u00e1sios e quadras<\/p>\n\n\n\n<p>Nesta segunda-feira, 17, os t\u00e9cnicos desportivos da Secretaria Municipal de Esporte e Lazer retomam o atendimento integral ao p\u00fablico, ap\u00f3s o recesso parcial do in\u00edcio de ano. S\u00e3o cerca de 100 profissionais que trabalham em todas as regi\u00f5es da cidade, em mais de 50 n\u00facleos como associa\u00e7\u00f5es de moradores, centros de conviv\u00eancia, gin\u00e1sios e quadras.<br><br>Entre as modalidades oferecidas est\u00e3o: em diversas modalidades, como nata\u00e7\u00e3o, handebol, gin\u00e1stica, recrea\u00e7\u00e3o, voleibol e futsal.<br><br>Os interessados em participar podem procurar a Secretaria de Esporte e Lazer para conferir as op\u00e7\u00f5es que possuem perto de suas casas e os hor\u00e1rios de atendimento, pelo telefone: (45) 3521-1200.<br><br>Tamb\u00e9m \u00e9 poss\u00edvel conferir o quadro de hor\u00e1rio pelo site da Prefeitura:&nbsp;<a href=\"https:\/\/bit.ly\/3gSRWiU\">https:\/\/bit.ly\/3gSRWiU<\/a>. Para acompanhar os trabalhos, siga o Instagram da secretaria: @smelfoz.<br><br><strong>Medidas de seguran\u00e7a<\/strong><br><br>Por conta do aumento do n\u00famero de casos da covid-19, a Secretaria refor\u00e7a que todas as aulas seguem as normas de seguran\u00e7a, como o distanciamento dos participantes, por estarem em espa\u00e7os abertos ou amplos, al\u00e9m da obrigatoriedade do uso constante de m\u00e1scaras.<br><br>\u201cAtividades f\u00edsicas s\u00e3o extremamente importantes, por isso queremos que todos que venham participar tenham a consci\u00eancia e estejam vacinados contra a covid-19, para que as aulas ocorram com mais seguran\u00e7a e n\u00e3o sejam suspensas novamente\u201d, alerta Antonio Sapia, secret\u00e1rio de Esporte e Lazer.<\/p>\n","protected":false},"excerpt":{"rendered":"<p>As aulas s\u00e3o gratuitas e oferecidas em todas as regi\u00f5es da cidade, em mais de 50 n\u00facleos, como centros de conviv\u00eancia, gin\u00e1sios e quadras Nesta segunda-feira, 17, os t\u00e9cnicos desportivos da Secretaria Municipal de Esporte e Lazer retomam o atendimento integral ao p\u00fablico, ap\u00f3s o recesso parcial do in\u00edcio de ano. S\u00e3o cerca de 100 [&hellip;]<\/p>\n","protected":false},"author":2,"featured_media":5004,"comment_status":"open","ping_status":"open","sticky":false,"template":"","format":"standard","meta":{"om_disable_all_campaigns":false,"_monsterinsights_skip_tracking":false,"_monsterinsights_sitenote_active":false,"_monsterinsights_sitenote_note":"","_monsterinsights_sitenote_category":0,"footnotes":""},"categories":[4,2],"tags":[],"class_list":["post-5002","post","type-post","status-publish","format-standard","has-post-thumbnail","hentry","category-cidade","category-esportes"],"_links":{"self":[{"href":"https:\/\/acontecenafronteira.com.br\/index.php\/wp-json\/wp\/v2\/posts\/5002","targetHints":{"allow":["GET"]}}],"collection":[{"href":"https:\/\/acontecenafronteira.com.br\/index.php\/wp-json\/wp\/v2\/posts"}],"about":[{"href":"https:\/\/acontecenafronteira.com.br\/index.php\/wp-json\/wp\/v2\/types\/post"}],"author":[{"embeddable":true,"href":"https:\/\/acontecenafronteira.com.br\/index.php\/wp-json\/wp\/v2\/users\/2"}],"replies":[{"embeddable":true,"href":"https:\/\/acontecenafronteira.com.br\/index.php\/wp-json\/wp\/v2\/comments?post=5002"}],"version-history":[{"count":1,"href":"https:\/\/acontecenafronteira.com.br\/index.php\/wp-json\/wp\/v2\/posts\/5002\/revisions"}],"predecessor-version":[{"id":5005,"href":"https:\/\/acontecenafronteira.com.br\/index.php\/wp-json\/wp\/v2\/posts\/5002\/revisions\/5005"}],"wp:featuredmedia":[{"embeddable":true,"href":"https:\/\/acontecenafronteira.com.br\/index.php\/wp-json\/wp\/v2\/media\/5004"}],"wp:attachment":[{"href":"https:\/\/acontecenafronteira.com.br\/index.php\/wp-json\/wp\/v2\/media?parent=5002"}],"wp:term":[{"taxonomy":"category","embeddable":true,"href":"https:\/\/acontecenafronteira.com.br\/index.php\/wp-json\/wp\/v2\/categories?post=5002"},{"taxonomy":"post_tag","embeddable":true,"href":"https:\/\/acontecenafronteira.com.br\/index.php\/wp-json\/wp\/v2\/tags?post=5002"}],"curies":[{"name":"wp","href":"https:\/\/api.w.org\/{rel}","templated":true}]}}