{"id":4994,"date":"2022-01-17T15:19:58","date_gmt":"2022-01-17T18:19:58","guid":{"rendered":"https:\/\/acontecenafronteira.com.br\/?p=4994"},"modified":"2022-01-17T15:19:59","modified_gmt":"2022-01-17T18:19:59","slug":"assistencia-social-altera-horario-de-funcionamento-como-prevencao-a-covid-19","status":"publish","type":"post","link":"https:\/\/acontecenafronteira.com.br\/index.php\/2022\/01\/17\/assistencia-social-altera-horario-de-funcionamento-como-prevencao-a-covid-19\/","title":{"rendered":"Assist\u00eancia Social altera hor\u00e1rio de funcionamento como preven\u00e7\u00e3o \u00e0 Covid-19"},"content":{"rendered":"\n<p>Unidades passam a funcionar em hor\u00e1rio diferenciado a partir de ter\u00e7a-feira (18)<\/p>\n\n\n\n<p>A partir desta ter\u00e7a-feira (18), os postos da Secretaria Municipal de Assist\u00eancia Social de Foz do Igua\u00e7u ter\u00e3o novos hor\u00e1rios de atendimentos presenciais. A medida de seguran\u00e7a sanit\u00e1ria se justifica pelo aumento de casos de Covid em servidores e usu\u00e1rios dos equipamentos da Assist\u00eancia Social.<br><br>\u201cH\u00e1 um n\u00famero consider\u00e1vel de trabalhadores que est\u00e3o afastados em fun\u00e7\u00e3o de terem positivado para Covid ou que tiveram contato com pessoas infectadas. Para manter os servi\u00e7os em pleno funcionamento, estamos reduzindo o hor\u00e1rio dos atendimentos presenciais, que a partir de agora ser\u00e3o entre 8 e 14 horas. Ap\u00f3s este hor\u00e1rio, teremos servidores dispon\u00edveis para prestar informa\u00e7\u00f5es por telefone\u201d, comentou o secret\u00e1rio municipal de Assist\u00eancia Social, Elias de Souza Oliveira.<br><br><strong>Novos hor\u00e1rios<\/strong><br><br>De segunda a sexta-feira, das 8h \u00e0s 14, de forma presencial ininterrupta, e das 14h \u00e0s 18h por atendimento telef\u00f4nico:<br><br>&#8211; CRAS &#8211; Centros de Refer\u00eancia de Assist\u00eancia Social;<br>* Norte &#8211; 3901-3268<br>* Sul &#8211; 3901-3260<br>* Leste &#8211; 3901-3273<br>* Oeste &#8211; 3527-7206<br>* Nordeste &#8211; 3901-3271<br><br>&#8211; CCI &#8211; Centro de Conviv\u00eancia do Idoso;<br>Telefone: 3901-3257<br><br>&#8211; CRAM &#8211; Centro de Refer\u00eancia Especializado de Atendimento \u00e0 Mulher em Situa\u00e7\u00e3o de Viol\u00eancia;<br>Telefone: 3521-9757<br><br>&#8211; CREAS I &#8211; Centro de Refer\u00eancia Especializado de Assist\u00eancia Social;<br>Telefone: 3574-2288<br><br>&#8211; CREAS II PSC\/LA &#8211; Centro de Refer\u00eancia Especializado de Assist\u00eancia Social em Presta\u00e7\u00e3o de Servi\u00e7o \u00e0 Comunidade e Liberdade Assistida;<br>Telefone: 3901-3203<br><br>&#8211; Patronato Penitenci\u00e1rio de Foz do Igua\u00e7u.<br>Telefone: 3521-9595<br><br>J\u00e1 o Centro da Juventude (CEJU) funcionar\u00e1 de segunda a sexta-feira, de forma presencial e ininterrupta das 14h \u00e0s 18h.<br><br>Os atendimentos nos conselhos municipais ligados \u00e0 Secretaria Municipal de Assist\u00eancia Social tamb\u00e9m funcionar\u00e3o de forma presencial, das 8h \u00e0s 14h.<\/p>\n","protected":false},"excerpt":{"rendered":"<p>Unidades passam a funcionar em hor\u00e1rio diferenciado a partir de ter\u00e7a-feira (18) A partir desta ter\u00e7a-feira (18), os postos da Secretaria Municipal de Assist\u00eancia Social de Foz do Igua\u00e7u ter\u00e3o novos hor\u00e1rios de atendimentos presenciais. A medida de seguran\u00e7a sanit\u00e1ria se justifica pelo aumento de casos de Covid em servidores e usu\u00e1rios dos equipamentos da [&hellip;]<\/p>\n","protected":false},"author":2,"featured_media":4995,"comment_status":"open","ping_status":"open","sticky":false,"template":"","format":"standard","meta":{"om_disable_all_campaigns":false,"_monsterinsights_skip_tracking":false,"_monsterinsights_sitenote_active":false,"_monsterinsights_sitenote_note":"","_monsterinsights_sitenote_category":0,"footnotes":""},"categories":[4,7],"tags":[],"class_list":["post-4994","post","type-post","status-publish","format-standard","has-post-thumbnail","hentry","category-cidade","category-covid-19"],"_links":{"self":[{"href":"https:\/\/acontecenafronteira.com.br\/index.php\/wp-json\/wp\/v2\/posts\/4994","targetHints":{"allow":["GET"]}}],"collection":[{"href":"https:\/\/acontecenafronteira.com.br\/index.php\/wp-json\/wp\/v2\/posts"}],"about":[{"href":"https:\/\/acontecenafronteira.com.br\/index.php\/wp-json\/wp\/v2\/types\/post"}],"author":[{"embeddable":true,"href":"https:\/\/acontecenafronteira.com.br\/index.php\/wp-json\/wp\/v2\/users\/2"}],"replies":[{"embeddable":true,"href":"https:\/\/acontecenafronteira.com.br\/index.php\/wp-json\/wp\/v2\/comments?post=4994"}],"version-history":[{"count":1,"href":"https:\/\/acontecenafronteira.com.br\/index.php\/wp-json\/wp\/v2\/posts\/4994\/revisions"}],"predecessor-version":[{"id":4996,"href":"https:\/\/acontecenafronteira.com.br\/index.php\/wp-json\/wp\/v2\/posts\/4994\/revisions\/4996"}],"wp:featuredmedia":[{"embeddable":true,"href":"https:\/\/acontecenafronteira.com.br\/index.php\/wp-json\/wp\/v2\/media\/4995"}],"wp:attachment":[{"href":"https:\/\/acontecenafronteira.com.br\/index.php\/wp-json\/wp\/v2\/media?parent=4994"}],"wp:term":[{"taxonomy":"category","embeddable":true,"href":"https:\/\/acontecenafronteira.com.br\/index.php\/wp-json\/wp\/v2\/categories?post=4994"},{"taxonomy":"post_tag","embeddable":true,"href":"https:\/\/acontecenafronteira.com.br\/index.php\/wp-json\/wp\/v2\/tags?post=4994"}],"curies":[{"name":"wp","href":"https:\/\/api.w.org\/{rel}","templated":true}]}}