{"id":4941,"date":"2022-01-14T15:34:30","date_gmt":"2022-01-14T18:34:30","guid":{"rendered":"https:\/\/acontecenafronteira.com.br\/?p=4941"},"modified":"2022-01-14T15:34:30","modified_gmt":"2022-01-14T18:34:30","slug":"boletim-14-01-2021-411-novos-casos-nas-ultimas-24-horas","status":"publish","type":"post","link":"https:\/\/acontecenafronteira.com.br\/index.php\/2022\/01\/14\/boletim-14-01-2021-411-novos-casos-nas-ultimas-24-horas\/","title":{"rendered":"Boletim 14\/01\/2021: 411 novos casos nas \u00faltimas 24 horas"},"content":{"rendered":"\n<p>Nas \u00faltimas 24 horas, Foz do Igua\u00e7u registrou 411 nos casos novos de covid-19. No total, s\u00e3o 49.938 casos da doen\u00e7a no munic\u00edpio desde o in\u00edcio da pandemia. Destes, 46.565 pessoas j\u00e1 est\u00e3o recuperadas.<\/p>\n\n\n\n<p>Dos 411 novos casos, 959 s\u00e3o mulheres e 764 homens, com idades entre 8 meses e 91 anos. Entre eles, 4 est\u00e3o internados e os demais em isolamento domiciliar.<\/p>\n\n\n\n<p>Do total de casos ativos, 2.187 pessoas est\u00e3o em isolamento domiciliar, com sinais e sintomas leves, e 20 est\u00e3o internadas.<\/p>\n\n\n\n<p><strong>\u00d3bito<\/strong><\/p>\n\n\n\n<p>Foz do Igua\u00e7u n\u00e3o registrou \u00f3bito em consequ\u00eancia da covid-19 nas \u00faltimas 24 horas. No total, s\u00e3o 1.166 mortes pela doen\u00e7a no munic\u00edpio desde o in\u00edcio da pandemia.<\/p>\n\n\n\n<p>A Vigil\u00e2ncia Epidemiol\u00f3gica de Foz do Igua\u00e7u informa, que nas duas \u00faltimas semanas, referente ao per\u00edodo de 03\/01\/2022 e 14\/01\/2022, houve um crescimento exponencial no n\u00famero de notifica\u00e7\u00f5es, provocando uma sobrecarga no sistema de informa\u00e7\u00e3o e ocorrendo um represamento de 1312 casos novos.<br>Ressalta ainda que, em 2 anos de pandemia, nunca havia ocorrido uma situa\u00e7\u00e3o como esta, j\u00e1 solucionada pela equipe de tecnologia da informa\u00e7\u00e3o da vigil\u00e2ncia epidemiol\u00f3gica.<\/p>\n\n\n\n<p>Desta forma, os n\u00fameros est\u00e3o sendo lan\u00e7ados no boletim epidemiol\u00f3gico para garantir a fidedignidade dos dados e contribuir para a tomada de decis\u00e3o.<\/p>\n\n\n\n<div data-wp-interactive=\"core\/file\" class=\"wp-block-file\"><object data-wp-bind--hidden=\"!state.hasPdfPreview\" hidden class=\"wp-block-file__embed\" data=\"https:\/\/acontecenafronteira.com.br\/wp-content\/uploads\/2022\/01\/Painel_Coronavirus_-_Foz_do_Iguacu-2022-01-14T150337.751-1.pdf\" type=\"application\/pdf\" style=\"width:100%;height:600px\" aria-label=\"Incorpora\u00e7\u00e3o de Incorporado de Painel_Coronavirus_-_Foz_do_Iguacu-2022-01-14T150337.751-1..\"><\/object><a href=\"https:\/\/acontecenafronteira.com.br\/wp-content\/uploads\/2022\/01\/Painel_Coronavirus_-_Foz_do_Iguacu-2022-01-14T150337.751-1.pdf\">Painel_Coronavirus_-_Foz_do_Iguacu-2022-01-14T150337.751-1<\/a><a href=\"https:\/\/acontecenafronteira.com.br\/wp-content\/uploads\/2022\/01\/Painel_Coronavirus_-_Foz_do_Iguacu-2022-01-14T150337.751-1.pdf\" class=\"wp-block-file__button\" download>Baixar<\/a><\/div>\n\n\n\n<p><\/p>\n","protected":false},"excerpt":{"rendered":"<p>Nas \u00faltimas 24 horas, Foz do Igua\u00e7u registrou 411 nos casos novos de covid-19. No total, s\u00e3o 49.938 casos da doen\u00e7a no munic\u00edpio desde o in\u00edcio da pandemia. Destes, 46.565 pessoas j\u00e1 est\u00e3o recuperadas. Dos 411 novos casos, 959 s\u00e3o mulheres e 764 homens, com idades entre 8 meses e 91 anos. Entre eles, 4 [&hellip;]<\/p>\n","protected":false},"author":2,"featured_media":37,"comment_status":"open","ping_status":"open","sticky":false,"template":"","format":"standard","meta":{"om_disable_all_campaigns":false,"_monsterinsights_skip_tracking":false,"_monsterinsights_sitenote_active":false,"_monsterinsights_sitenote_note":"","_monsterinsights_sitenote_category":0,"footnotes":""},"categories":[4,7],"tags":[],"class_list":["post-4941","post","type-post","status-publish","format-standard","has-post-thumbnail","hentry","category-cidade","category-covid-19"],"_links":{"self":[{"href":"https:\/\/acontecenafronteira.com.br\/index.php\/wp-json\/wp\/v2\/posts\/4941","targetHints":{"allow":["GET"]}}],"collection":[{"href":"https:\/\/acontecenafronteira.com.br\/index.php\/wp-json\/wp\/v2\/posts"}],"about":[{"href":"https:\/\/acontecenafronteira.com.br\/index.php\/wp-json\/wp\/v2\/types\/post"}],"author":[{"embeddable":true,"href":"https:\/\/acontecenafronteira.com.br\/index.php\/wp-json\/wp\/v2\/users\/2"}],"replies":[{"embeddable":true,"href":"https:\/\/acontecenafronteira.com.br\/index.php\/wp-json\/wp\/v2\/comments?post=4941"}],"version-history":[{"count":1,"href":"https:\/\/acontecenafronteira.com.br\/index.php\/wp-json\/wp\/v2\/posts\/4941\/revisions"}],"predecessor-version":[{"id":4943,"href":"https:\/\/acontecenafronteira.com.br\/index.php\/wp-json\/wp\/v2\/posts\/4941\/revisions\/4943"}],"wp:featuredmedia":[{"embeddable":true,"href":"https:\/\/acontecenafronteira.com.br\/index.php\/wp-json\/wp\/v2\/media\/37"}],"wp:attachment":[{"href":"https:\/\/acontecenafronteira.com.br\/index.php\/wp-json\/wp\/v2\/media?parent=4941"}],"wp:term":[{"taxonomy":"category","embeddable":true,"href":"https:\/\/acontecenafronteira.com.br\/index.php\/wp-json\/wp\/v2\/categories?post=4941"},{"taxonomy":"post_tag","embeddable":true,"href":"https:\/\/acontecenafronteira.com.br\/index.php\/wp-json\/wp\/v2\/tags?post=4941"}],"curies":[{"name":"wp","href":"https:\/\/api.w.org\/{rel}","templated":true}]}}