{"id":4914,"date":"2022-01-14T11:35:40","date_gmt":"2022-01-14T14:35:40","guid":{"rendered":"https:\/\/acontecenafronteira.com.br\/?p=4914"},"modified":"2022-01-14T11:35:41","modified_gmt":"2022-01-14T14:35:41","slug":"prefeitura-de-foz-do-iguacu-implanta-novos-centros-de-testagem-para-a-covid-19","status":"publish","type":"post","link":"https:\/\/acontecenafronteira.com.br\/index.php\/2022\/01\/14\/prefeitura-de-foz-do-iguacu-implanta-novos-centros-de-testagem-para-a-covid-19\/","title":{"rendered":"Prefeitura de Foz do Igua\u00e7u implanta novos centros de testagem para a Covid-19"},"content":{"rendered":"\n<p>A partir deste s\u00e1bado (15), coletas poder\u00e3o ser feitas em cinco institui\u00e7\u00f5es de ensino, das 9h \u00e0s 21h, sem a necessidade de agendamento. Mais de 2 mil casos da doen\u00e7a j\u00e1 foram contabilizados na cidade em janeiro<\/p>\n\n\n\n<p><em>Foto: Christian Rizzi\/PMFI.<\/em><br><br>Devido ao aumento expressivo de casos de Covid-19, com 2.432 confirma\u00e7\u00f5es da doen\u00e7a neste m\u00eas de janeiro, a Prefeitura de Foz do Igua\u00e7u decidiu ampliar a testagem com a implanta\u00e7\u00e3o de cinco novos pontos de coletas em institui\u00e7\u00f5es de ensino do munic\u00edpio.<br><br>Os atendimentos iniciam amanh\u00e3 (15), e seguir\u00e3o de segunda a s\u00e1bado, das 9h \u00e0s 21h, nos seguintes locais: Escolas Adele Zanoto (Porto Meira); Elenice Milhoran\u00e7a (Jardim Am\u00e9rica); Padre Luigi Salvucci (Vila C Nova); Jo\u00e3o Ad\u00e3o (Tr\u00eas Lagoas) e CMEI Guilherme Augusto Terres dos Santos (Morumbi II).<br><br>Conforme explicou a secret\u00e1ria de sa\u00fade, Rosa Maria Jer\u00f4nymo, n\u00e3o h\u00e1 a necessidade de agendamento para o teste r\u00e1pido nas escolas. \u201cO objetivo desta amplia\u00e7\u00e3o \u00e9 desafogar as unidades de sa\u00fade, as UPAS e o pr\u00f3prio Plant\u00e3o Coronav\u00edrus, que esta sobrecarregado devido ao aumento de casos da doen\u00e7a\u201d, disse.<br><br>Somente neste m\u00eas de janeiro foram realizados 6.437 atendimentos pelo Plant\u00e3o, o n\u00famero \u00e9 quase igual ao registrado durante todo o m\u00eas de dezembro, quando foram feitos 6.596 atendimentos.<br><br>As coletas nas escolas ser\u00e3o feitas por estagi\u00e1rios contratados pela Funda\u00e7\u00e3o Municipal de Sa\u00fade e supervisionadas por 15 enfermeiros coordenadores. O teste de ant\u00edgeno fica pronto em 15 minutos e o morador deixa o local j\u00e1 com o resultado em m\u00e3os. Casos positivos para a Covid-19 devem permanecer em isolamento por 10 dias e assintom\u00e1ticos por 7 dias.<br><br><strong>Assintom\u00e1ticos<\/strong><br><br>Pessoas assintom\u00e1ticas (que n\u00e3o apresentam sintomas da doen\u00e7a) devem continuar agendando o teste pelo site da prefeitura, que ir\u00e1 direcionar para as cinco unidades de refer\u00eancia. \u201c\u00c9 importante que pessoas sem sintomas respirat\u00f3rios n\u00e3o permane\u00e7am no mesmo local que os sintom\u00e1ticos\u201d, orienta a secret\u00e1ria.<br><br><strong>Atendimento m\u00e9dico<\/strong><br><br>As sete unidades de refer\u00eancia para atendimentos a sintom\u00e1ticos respirat\u00f3rios continuam as mesmas: Unidade Padre \u00cdtalo 24 Horas, no Porto Meira; UPA Dr. Walter Cavalcante Barbosa, no Morumbi; UBSs do Cidade Nova; Lagoa Dourada; Jardim S\u00e3o Paulo I; Morumbi II e Jupira. Essas unidades fazem a coleta e d\u00e3o assist\u00eancia aos pacientes com sintomas da doen\u00e7a.<br><br>\u201cNas escolas faremos apenas a coleta do exame, e aqueles que necessitam de atendimento devem buscar uma das unidades de refer\u00eancia\u201d, esclarece Rosa.<br><br>Devido \u00e0 vacina\u00e7\u00e3o em massa, com 110,7% da popula\u00e7\u00e3o adulta com a primeira dose e 103,4% com a segunda dose, os novos casos de Covid apresentam sintomas leves, como coriza, tosse, dor de cabe\u00e7a ou febre. \u201cA vacina\u00e7\u00e3o se mostrou eficaz, por isso \u00e9 importante que as pessoas que ainda n\u00e3o completaram o esquema vacinal, busquem as unidades de sa\u00fade o quanto antes\u201d, orientou.<br><br><strong>Confira os endere\u00e7os dos novos locais de testes para a Covid-19:<\/strong><br><br>1.&nbsp;&nbsp;&nbsp; Escola Adele Zanotto \u2013 Avenida Javier Koelbl, 1923 \u2013 Jardim Boa Esperan\u00e7a (Porto Meira)<br>2.&nbsp;&nbsp;&nbsp; CMEI Guilherme Augusto Terres \u2013 Rua Tenente Eduardo Olmedo, 1060 \u2013 Morumbi II<br>3.&nbsp;&nbsp;&nbsp; Escola Elenice Milhoran\u00e7a \u2013 Rua Di Cavalcante, 523, Jardim Am\u00e9rica<br>4.&nbsp;&nbsp;&nbsp; Escola Padre Luigi Salvuccu \u2013 Rua Fortaleza, 45, Vila C Nova<br>5.&nbsp;&nbsp;&nbsp; Escola Jo\u00e3o Ad\u00e3o \u2013 Rua J\u00falio Brecher, 450, Lagoa Dourada (Tr\u00eas Lagoas)<\/p>\n","protected":false},"excerpt":{"rendered":"<p>A partir deste s\u00e1bado (15), coletas poder\u00e3o ser feitas em cinco institui\u00e7\u00f5es de ensino, das 9h \u00e0s 21h, sem a necessidade de agendamento. Mais de 2 mil casos da doen\u00e7a j\u00e1 foram contabilizados na cidade em janeiro Foto: Christian Rizzi\/PMFI. Devido ao aumento expressivo de casos de Covid-19, com 2.432 confirma\u00e7\u00f5es da doen\u00e7a neste m\u00eas [&hellip;]<\/p>\n","protected":false},"author":2,"featured_media":4915,"comment_status":"open","ping_status":"open","sticky":false,"template":"","format":"standard","meta":{"om_disable_all_campaigns":false,"_monsterinsights_skip_tracking":false,"_monsterinsights_sitenote_active":false,"_monsterinsights_sitenote_note":"","_monsterinsights_sitenote_category":0,"footnotes":""},"categories":[4,7],"tags":[],"class_list":["post-4914","post","type-post","status-publish","format-standard","has-post-thumbnail","hentry","category-cidade","category-covid-19"],"_links":{"self":[{"href":"https:\/\/acontecenafronteira.com.br\/index.php\/wp-json\/wp\/v2\/posts\/4914","targetHints":{"allow":["GET"]}}],"collection":[{"href":"https:\/\/acontecenafronteira.com.br\/index.php\/wp-json\/wp\/v2\/posts"}],"about":[{"href":"https:\/\/acontecenafronteira.com.br\/index.php\/wp-json\/wp\/v2\/types\/post"}],"author":[{"embeddable":true,"href":"https:\/\/acontecenafronteira.com.br\/index.php\/wp-json\/wp\/v2\/users\/2"}],"replies":[{"embeddable":true,"href":"https:\/\/acontecenafronteira.com.br\/index.php\/wp-json\/wp\/v2\/comments?post=4914"}],"version-history":[{"count":1,"href":"https:\/\/acontecenafronteira.com.br\/index.php\/wp-json\/wp\/v2\/posts\/4914\/revisions"}],"predecessor-version":[{"id":4917,"href":"https:\/\/acontecenafronteira.com.br\/index.php\/wp-json\/wp\/v2\/posts\/4914\/revisions\/4917"}],"wp:featuredmedia":[{"embeddable":true,"href":"https:\/\/acontecenafronteira.com.br\/index.php\/wp-json\/wp\/v2\/media\/4915"}],"wp:attachment":[{"href":"https:\/\/acontecenafronteira.com.br\/index.php\/wp-json\/wp\/v2\/media?parent=4914"}],"wp:term":[{"taxonomy":"category","embeddable":true,"href":"https:\/\/acontecenafronteira.com.br\/index.php\/wp-json\/wp\/v2\/categories?post=4914"},{"taxonomy":"post_tag","embeddable":true,"href":"https:\/\/acontecenafronteira.com.br\/index.php\/wp-json\/wp\/v2\/tags?post=4914"}],"curies":[{"name":"wp","href":"https:\/\/api.w.org\/{rel}","templated":true}]}}