{"id":4870,"date":"2022-01-13T11:09:26","date_gmt":"2022-01-13T14:09:26","guid":{"rendered":"https:\/\/acontecenafronteira.com.br\/?p=4870"},"modified":"2022-01-13T11:09:27","modified_gmt":"2022-01-13T14:09:27","slug":"aviao-e-roubado-na-colonia-san-miguel-del-monday-no-paraguai","status":"publish","type":"post","link":"https:\/\/acontecenafronteira.com.br\/index.php\/2022\/01\/13\/aviao-e-roubado-na-colonia-san-miguel-del-monday-no-paraguai\/","title":{"rendered":"Avi\u00e3o \u00e9 roubado na Col\u00f4nia San Miguel Del Monday no Paraguai"},"content":{"rendered":"\n<p>Na tarde desta quarta-feira, 12 de janeiro de 2022, um grupo de pessoas armadas invadiram um silo denominado Schroeder, localizado na Col\u00f4nia San Miguel Del Monday, per\u00edmetro da cidade de San Cristovan, no Paraguai.<\/p>\n\n\n\n<p>Segundo dados, cinco ou seis pessoas armadas com armas longas e encapuzados invadiram a empresa utilizando o ve\u00edculo GM \/ Safira, de cor prata, de placas BNJ-095, abandonando o ve\u00edculo no local e roubando o avi\u00e3o prefixo ZP-BIV.<\/p>\n\n\n\n<p>Ocorr\u00eancia em andamento. \u00a0<\/p>\n\n\n\n<figure class=\"wp-block-image size-full\"><img loading=\"lazy\" decoding=\"async\" width=\"1000\" height=\"750\" src=\"https:\/\/acontecenafronteira.com.br\/wp-content\/uploads\/2022\/01\/36651-5-1642017858mty0mjaxnzg1oa.jpg\" alt=\"\" class=\"wp-image-4871\" srcset=\"https:\/\/acontecenafronteira.com.br\/wp-content\/uploads\/2022\/01\/36651-5-1642017858mty0mjaxnzg1oa.jpg?v=1642082924 1000w, https:\/\/acontecenafronteira.com.br\/wp-content\/uploads\/2022\/01\/36651-5-1642017858mty0mjaxnzg1oa-300x225.jpg?v=1642082924 300w, https:\/\/acontecenafronteira.com.br\/wp-content\/uploads\/2022\/01\/36651-5-1642017858mty0mjaxnzg1oa-768x576.jpg?v=1642082924 768w\" sizes=\"auto, (max-width: 1000px) 100vw, 1000px\" \/><\/figure>\n\n\n\n<p><\/p>\n","protected":false},"excerpt":{"rendered":"<p>Na tarde desta quarta-feira, 12 de janeiro de 2022, um grupo de pessoas armadas invadiram um silo denominado Schroeder, localizado na Col\u00f4nia San Miguel Del Monday, per\u00edmetro da cidade de San Cristovan, no Paraguai. Segundo dados, cinco ou seis pessoas armadas com armas longas e encapuzados invadiram a empresa utilizando o ve\u00edculo GM \/ Safira, [&hellip;]<\/p>\n","protected":false},"author":2,"featured_media":4873,"comment_status":"open","ping_status":"open","sticky":false,"template":"","format":"standard","meta":{"om_disable_all_campaigns":false,"_monsterinsights_skip_tracking":false,"_monsterinsights_sitenote_active":false,"_monsterinsights_sitenote_note":"","_monsterinsights_sitenote_category":0,"footnotes":""},"categories":[21,5],"tags":[],"class_list":["post-4870","post","type-post","status-publish","format-standard","has-post-thumbnail","hentry","category-fronteira","category-policia"],"_links":{"self":[{"href":"https:\/\/acontecenafronteira.com.br\/index.php\/wp-json\/wp\/v2\/posts\/4870","targetHints":{"allow":["GET"]}}],"collection":[{"href":"https:\/\/acontecenafronteira.com.br\/index.php\/wp-json\/wp\/v2\/posts"}],"about":[{"href":"https:\/\/acontecenafronteira.com.br\/index.php\/wp-json\/wp\/v2\/types\/post"}],"author":[{"embeddable":true,"href":"https:\/\/acontecenafronteira.com.br\/index.php\/wp-json\/wp\/v2\/users\/2"}],"replies":[{"embeddable":true,"href":"https:\/\/acontecenafronteira.com.br\/index.php\/wp-json\/wp\/v2\/comments?post=4870"}],"version-history":[{"count":1,"href":"https:\/\/acontecenafronteira.com.br\/index.php\/wp-json\/wp\/v2\/posts\/4870\/revisions"}],"predecessor-version":[{"id":4874,"href":"https:\/\/acontecenafronteira.com.br\/index.php\/wp-json\/wp\/v2\/posts\/4870\/revisions\/4874"}],"wp:featuredmedia":[{"embeddable":true,"href":"https:\/\/acontecenafronteira.com.br\/index.php\/wp-json\/wp\/v2\/media\/4873"}],"wp:attachment":[{"href":"https:\/\/acontecenafronteira.com.br\/index.php\/wp-json\/wp\/v2\/media?parent=4870"}],"wp:term":[{"taxonomy":"category","embeddable":true,"href":"https:\/\/acontecenafronteira.com.br\/index.php\/wp-json\/wp\/v2\/categories?post=4870"},{"taxonomy":"post_tag","embeddable":true,"href":"https:\/\/acontecenafronteira.com.br\/index.php\/wp-json\/wp\/v2\/tags?post=4870"}],"curies":[{"name":"wp","href":"https:\/\/api.w.org\/{rel}","templated":true}]}}