{"id":4867,"date":"2022-01-13T11:06:50","date_gmt":"2022-01-13T14:06:50","guid":{"rendered":"https:\/\/acontecenafronteira.com.br\/?p=4867"},"modified":"2022-01-13T11:06:51","modified_gmt":"2022-01-13T14:06:51","slug":"bbb22-em-nota-globo-confirma-que-tres-participantes-estao-com-covid-19","status":"publish","type":"post","link":"https:\/\/acontecenafronteira.com.br\/index.php\/2022\/01\/13\/bbb22-em-nota-globo-confirma-que-tres-participantes-estao-com-covid-19\/","title":{"rendered":"BBB22: Em nota, Globo confirma que tr\u00eas participantes est\u00e3o com Covid-19"},"content":{"rendered":"\n<p>Em uma nota emitida pela Rede Globo nesta quarta-feira (12), tr\u00eas participantes do\u00a0<strong>Big Brother Brasil<\/strong>\u00a0testaram positivo para o\u00a0<strong>Covid-19<\/strong>. O reality, que ter\u00e1 sua estreia no pr\u00f3ximo dia 17, testa os participantes de forma rotineira, al\u00e9m de exigir todas as vacinas. De acordo com a emissora, as pessoas que est\u00e3o infectadas passam bem e est\u00e3o em isolamento, enquanto t\u00eam acompanhamento m\u00e9dico.<\/p>\n\n\n\n<p>De acordo com a nota, eles permanecer\u00e3o isolados at\u00e9 que seja seguro o ingresso na casa. \u201cQuando estiverem liberados pelos m\u00e9dicos, se unir\u00e3o aos outros participantes, de um jeito inovador e sem preju\u00edzo das din\u00e2micas do jogo\u201d, disse o comunicado.<\/p>\n\n\n\n<p>via ISTO\u00c9<\/p>\n","protected":false},"excerpt":{"rendered":"<p>Em uma nota emitida pela Rede Globo nesta quarta-feira (12), tr\u00eas participantes do\u00a0Big Brother Brasil\u00a0testaram positivo para o\u00a0Covid-19. O reality, que ter\u00e1 sua estreia no pr\u00f3ximo dia 17, testa os participantes de forma rotineira, al\u00e9m de exigir todas as vacinas. De acordo com a emissora, as pessoas que est\u00e3o infectadas passam bem e est\u00e3o em [&hellip;]<\/p>\n","protected":false},"author":2,"featured_media":4868,"comment_status":"open","ping_status":"open","sticky":false,"template":"","format":"standard","meta":{"om_disable_all_campaigns":false,"_monsterinsights_skip_tracking":false,"_monsterinsights_sitenote_active":false,"_monsterinsights_sitenote_note":"","_monsterinsights_sitenote_category":0,"footnotes":""},"categories":[7],"tags":[],"class_list":["post-4867","post","type-post","status-publish","format-standard","has-post-thumbnail","hentry","category-covid-19"],"_links":{"self":[{"href":"https:\/\/acontecenafronteira.com.br\/index.php\/wp-json\/wp\/v2\/posts\/4867","targetHints":{"allow":["GET"]}}],"collection":[{"href":"https:\/\/acontecenafronteira.com.br\/index.php\/wp-json\/wp\/v2\/posts"}],"about":[{"href":"https:\/\/acontecenafronteira.com.br\/index.php\/wp-json\/wp\/v2\/types\/post"}],"author":[{"embeddable":true,"href":"https:\/\/acontecenafronteira.com.br\/index.php\/wp-json\/wp\/v2\/users\/2"}],"replies":[{"embeddable":true,"href":"https:\/\/acontecenafronteira.com.br\/index.php\/wp-json\/wp\/v2\/comments?post=4867"}],"version-history":[{"count":1,"href":"https:\/\/acontecenafronteira.com.br\/index.php\/wp-json\/wp\/v2\/posts\/4867\/revisions"}],"predecessor-version":[{"id":4869,"href":"https:\/\/acontecenafronteira.com.br\/index.php\/wp-json\/wp\/v2\/posts\/4867\/revisions\/4869"}],"wp:featuredmedia":[{"embeddable":true,"href":"https:\/\/acontecenafronteira.com.br\/index.php\/wp-json\/wp\/v2\/media\/4868"}],"wp:attachment":[{"href":"https:\/\/acontecenafronteira.com.br\/index.php\/wp-json\/wp\/v2\/media?parent=4867"}],"wp:term":[{"taxonomy":"category","embeddable":true,"href":"https:\/\/acontecenafronteira.com.br\/index.php\/wp-json\/wp\/v2\/categories?post=4867"},{"taxonomy":"post_tag","embeddable":true,"href":"https:\/\/acontecenafronteira.com.br\/index.php\/wp-json\/wp\/v2\/tags?post=4867"}],"curies":[{"name":"wp","href":"https:\/\/api.w.org\/{rel}","templated":true}]}}