{"id":4858,"date":"2022-01-12T14:38:13","date_gmt":"2022-01-12T17:38:13","guid":{"rendered":"https:\/\/acontecenafronteira.com.br\/?p=4858"},"modified":"2022-01-12T14:38:13","modified_gmt":"2022-01-12T17:38:13","slug":"vacinacao-em-criancas-sera-tema-de-capacitacao-com-trabalhadores-da-saude","status":"publish","type":"post","link":"https:\/\/acontecenafronteira.com.br\/index.php\/2022\/01\/12\/vacinacao-em-criancas-sera-tema-de-capacitacao-com-trabalhadores-da-saude\/","title":{"rendered":"Vacina\u00e7\u00e3o em crian\u00e7as ser\u00e1 tema de capacita\u00e7\u00e3o com trabalhadores da sa\u00fade"},"content":{"rendered":"\n<p>Forma\u00e7\u00e3o online ser\u00e1 ofertada neste s\u00e1bado (15) pela Secretaria Municipal de Sa\u00fade; em Foz do Igua\u00e7u, 26.218 crian\u00e7as de 5 a 11 anos devem ser vacinadas contra a Covid-19<\/p>\n\n\n\n<p><em>Foto: Christian Rizzi\/PMFI.<\/em><br><br>Trabalhadores da sa\u00fade que atuam nas 29 Unidades B\u00e1sicas de Sa\u00fade (UBSs) de Foz do Igua\u00e7u participar\u00e3o, neste s\u00e1bado (15), de uma capacita\u00e7\u00e3o on-line sobre a vacina\u00e7\u00e3o de crian\u00e7as de 5 a 11 anos contra a Covid-19. A forma\u00e7\u00e3o \u00e9 promovida pela Secretaria Municipal da Sa\u00fade, atrav\u00e9s do Programa Municipal de Imuniza\u00e7\u00e3o (PMI).<br><br>\u201cDurante o encontro ser\u00e3o repassadas todas as informa\u00e7\u00f5es recebidas pelo Minist\u00e9rio da Sa\u00fade e tamb\u00e9m o fluxo de atendimento para a vacina\u00e7\u00e3o quando ela puder ser iniciada\u201d, disse a secret\u00e1ria de sa\u00fade, Rosa Maria Jer\u00f4nymo.&nbsp;<br><br>O objetivo \u00e9 repassar informa\u00e7\u00f5es sobre o procedimento de aplica\u00e7\u00e3o do imunizante da Pfizer em crian\u00e7as, diferente do modelo adotado em adultos e adolescentes. \u201cA administra\u00e7\u00e3o do imunizante \u00e9 totalmente diferente dos demais. A dosagem \u00e9 diferente, o frasco, a dilui\u00e7\u00e3o e o intervalo de aplica\u00e7\u00e3o, que no Brasil ser\u00e1 de oito semanas entre a primeira e a segunda dose\u201d, informou a coordenadora do Programa de Imuniza\u00e7\u00e3o, Adriana Izuka.&nbsp;<br><br>A capacita\u00e7\u00e3o ofertada pelo munic\u00edpio \u00e9 a mesma promovida pelo Estado, atrav\u00e9s do Programa Nacional de Imuniza\u00e7\u00f5es (PNI), em conjunto com os laborat\u00f3rios Pfizer e BioNtech. A primeira etapa aconteceu na sexta-feira (7) e tratou da introdu\u00e7\u00e3o do imunizante na campanha nacional contra a Covid-19. Na segunda-feira (10), abordou a log\u00edstica dos produtos com os coordenadores estaduais de imuniza\u00e7\u00e3o e os respons\u00e1veis pela cadeia de frio, para que seja feita a armazenagem correta dos insumos.&nbsp;<br><br>A \u00faltima etapa iniciou nesta ter\u00e7a-feira (11), segue at\u00e9 a quarta-feira (13) e tem como foco a administra\u00e7\u00e3o da vacina, levando em conta as peculiaridades da vacina\u00e7\u00e3o de crian\u00e7as, como o previsto na Nota T\u00e9cnica n\u00ba 2\/2022, publicada na quarta-feira (5) pelo Minist\u00e9rio da Sa\u00fade.<br><br><strong>Vacina\u00e7\u00e3o&nbsp;<br><br><\/strong>Em Foz do Igua\u00e7u, a previs\u00e3o \u00e9 vacinar 26.218 crian\u00e7as de 5 a 11 anos; em todo o Paran\u00e1 s\u00e3o 1.075.294 crian\u00e7as nesta faixa et\u00e1ria. A aplica\u00e7\u00e3o se inicia por crian\u00e7as com comorbidades e defici\u00eancia permanente, seguidas de ind\u00edgenas e quilombolas, as que vivem em lares com pessoas com alto risco para evolu\u00e7\u00e3o grave de Covid-19 e, ent\u00e3o, em ordem decrescente de idade: iniciando pelos 11 anos at\u00e9 chegar aos 5 anos.<br><br>A expectativa \u00e9 que os primeiros imunizantes cheguem ao Brasil nesta quinta-feira (13) e sejam repassados pelo Minist\u00e9rio da Sa\u00fade ao Estado a partir do dia 17 de janeiro.&nbsp;<br><br>\u201cEstamos no aguardo da chegada das vacinas para come\u00e7ar mais esta etapa da campanha contra a Covid. Lembramos que para quem ainda n\u00e3o recebeu a primeira, segunda dose ou dose de refor\u00e7o, que busque as unidades de sa\u00fade para completar a imuniza\u00e7\u00e3o o quanto antes\u201d, reiterou a secret\u00e1ria.&nbsp;<br><br>Foz do Igua\u00e7u tem hoje 110,6% da popula\u00e7\u00e3o adulta vacinada com a primeira dose e 103,1% com a segunda dose. Entre os adolescentes de 12 a 17 anos, a cobertura chegou a 91,4% com a primeira dose 58,09% com a segunda dose.<\/p>\n","protected":false},"excerpt":{"rendered":"<p>Forma\u00e7\u00e3o online ser\u00e1 ofertada neste s\u00e1bado (15) pela Secretaria Municipal de Sa\u00fade; em Foz do Igua\u00e7u, 26.218 crian\u00e7as de 5 a 11 anos devem ser vacinadas contra a Covid-19 Foto: Christian Rizzi\/PMFI. Trabalhadores da sa\u00fade que atuam nas 29 Unidades B\u00e1sicas de Sa\u00fade (UBSs) de Foz do Igua\u00e7u participar\u00e3o, neste s\u00e1bado (15), de uma capacita\u00e7\u00e3o [&hellip;]<\/p>\n","protected":false},"author":2,"featured_media":4861,"comment_status":"open","ping_status":"open","sticky":false,"template":"","format":"standard","meta":{"om_disable_all_campaigns":false,"_monsterinsights_skip_tracking":false,"_monsterinsights_sitenote_active":false,"_monsterinsights_sitenote_note":"","_monsterinsights_sitenote_category":0,"footnotes":""},"categories":[10],"tags":[],"class_list":["post-4858","post","type-post","status-publish","format-standard","has-post-thumbnail","hentry","category-saude"],"_links":{"self":[{"href":"https:\/\/acontecenafronteira.com.br\/index.php\/wp-json\/wp\/v2\/posts\/4858","targetHints":{"allow":["GET"]}}],"collection":[{"href":"https:\/\/acontecenafronteira.com.br\/index.php\/wp-json\/wp\/v2\/posts"}],"about":[{"href":"https:\/\/acontecenafronteira.com.br\/index.php\/wp-json\/wp\/v2\/types\/post"}],"author":[{"embeddable":true,"href":"https:\/\/acontecenafronteira.com.br\/index.php\/wp-json\/wp\/v2\/users\/2"}],"replies":[{"embeddable":true,"href":"https:\/\/acontecenafronteira.com.br\/index.php\/wp-json\/wp\/v2\/comments?post=4858"}],"version-history":[{"count":1,"href":"https:\/\/acontecenafronteira.com.br\/index.php\/wp-json\/wp\/v2\/posts\/4858\/revisions"}],"predecessor-version":[{"id":4862,"href":"https:\/\/acontecenafronteira.com.br\/index.php\/wp-json\/wp\/v2\/posts\/4858\/revisions\/4862"}],"wp:featuredmedia":[{"embeddable":true,"href":"https:\/\/acontecenafronteira.com.br\/index.php\/wp-json\/wp\/v2\/media\/4861"}],"wp:attachment":[{"href":"https:\/\/acontecenafronteira.com.br\/index.php\/wp-json\/wp\/v2\/media?parent=4858"}],"wp:term":[{"taxonomy":"category","embeddable":true,"href":"https:\/\/acontecenafronteira.com.br\/index.php\/wp-json\/wp\/v2\/categories?post=4858"},{"taxonomy":"post_tag","embeddable":true,"href":"https:\/\/acontecenafronteira.com.br\/index.php\/wp-json\/wp\/v2\/tags?post=4858"}],"curies":[{"name":"wp","href":"https:\/\/api.w.org\/{rel}","templated":true}]}}