{"id":4850,"date":"2022-01-12T14:32:04","date_gmt":"2022-01-12T17:32:04","guid":{"rendered":"https:\/\/acontecenafronteira.com.br\/?p=4850"},"modified":"2022-01-12T14:32:05","modified_gmt":"2022-01-12T17:32:05","slug":"saude-confirma-primeiro-caso-da-variante-omicron-no-estado","status":"publish","type":"post","link":"https:\/\/acontecenafronteira.com.br\/index.php\/2022\/01\/12\/saude-confirma-primeiro-caso-da-variante-omicron-no-estado\/","title":{"rendered":"Sa\u00fade confirma primeiro caso da variante \u00d4micron no Estado"},"content":{"rendered":"\n<p>O caso apareceu em um exame do Laborat\u00f3rio Central do Estado do Paran\u00e1 (Lacen), e logo foi enviado \u00e0 Fiocruz, no Rio de Janeiro, que fez o sequenciamento gen\u00f4mico e identificou a nova variante. Segundo a Secretaria de Sa\u00fade, j\u00e1 existe transmiss\u00e3o comunit\u00e1ria da variante \u00d4micron no Paran\u00e1.<\/p>\n\n\n\n<p>A Secretaria de Estado da Sa\u00fade confirmou nesta quarta-feira (12) que detectou o primeiro caso da variante \u00d4micron no Paran\u00e1. Trata-se de um homem de 24 anos, morador de Curitiba, que apresentou os primeiros sintomas no dia 14 de dezembro de 2021, e teve o caso confirmado no dia 18. O caso apareceu em um exame do Laborat\u00f3rio Central do Estado do Paran\u00e1 (Lacen), e logo foi enviado \u00e0 Fiocruz, no Rio de Janeiro, que fez o sequenciamento gen\u00f4mico e identificou a nova variante.<\/p>\n\n\n\n<p>&#8220;A variante \u00d4micron \u00e9 cerca de 2 ou 3 vezes mais transmiss\u00edvel que a Delta, muito semelhante ao v\u00edrus do sarampo. Mas aparentemente menos grave que outras ondas, sobretudo por conta da grande cobertura vacinal no Paran\u00e1. \u00c9 importante frisar que os quadros t\u00eam sido leves, mas temos paranaenses que n\u00e3o tomaram nenhuma dose da vacina e ainda n\u00e3o retornaram para a dose de refor\u00e7o&#8221;, disse o secret\u00e1rio de Sa\u00fade, Beto Preto. &#8220;Se n\u00e3o houver a vacina\u00e7\u00e3o, que est\u00e1 dispon\u00edvel nas unidades de sa\u00fade, casos mais graves v\u00e3o acontecer&#8221;.<\/p>\n\n\n\n<p>Segundo a Secretaria de Sa\u00fade, j\u00e1 existe transmiss\u00e3o comunit\u00e1ria da variante \u00d4micron no Paran\u00e1. Os dados podem ser constatados pela evolu\u00e7\u00e3o de casos em janeiro.\u00a0Somente nos primeiros onze dias, foram identificados 40.164 infectados. Como comparativo, em dezembro, o total foi de 9.165.<\/p>\n\n\n\n<p>O n\u00famero de casos no come\u00e7o deste ano se assemelha a janeiro de 2021, no in\u00edcio da vacina\u00e7\u00e3o, que registou cerca de 44 mil casos (onze dias). A m\u00e9dia m\u00f3vel dos casos teve um salto de 1.914,5% em rela\u00e7\u00e3o aos 14 dias anteriores, na casa de 4.175 por dia.<\/p>\n\n\n\n<p>At\u00e9 o momento, n\u00e3o h\u00e1 previs\u00e3o de novas medidas restritivas para conter o avan\u00e7o dos casos, mas Beto Preto fez um apelo \u00e0 popula\u00e7\u00e3o para que adote os cuidados preventivos, a fim de evitar a transmiss\u00e3o desenfreada.\u00a0<\/p>\n\n\n\n<p>&#8220;Todas as medidas est\u00e3o no nosso radar, mas nesse momento qualquer tipo de aglomera\u00e7\u00e3o fora do comum deve ser evitada. Precisamos retomar os cuidados, caso contr\u00e1rio vamos ver nossos hospitais apresentarem grande lota\u00e7\u00e3o nos pr\u00f3ximos dias&#8221;, complementou.<\/p>\n\n\n\n<p>Entre as principais orienta\u00e7\u00f5es est\u00e3o o uso correto de m\u00e1scara, distanciamento social, manter ambientes ventilados com livre circula\u00e7\u00e3o de ar, higieniza\u00e7\u00e3o das m\u00e3os e evitar contato pr\u00f3ximo com pessoas que apresentem sintomas respirat\u00f3rios.<\/p>\n\n\n\n<p><strong>\u00d4MICRON&nbsp;<\/strong>\u2013 A \u00d4micron, detectada pela primeira vez em 30 de novembro no Brasil, j\u00e1 \u00e9 dominante no Pa\u00eds, segundo o Minist\u00e9rio da Sa\u00fade.&nbsp;At\u00e9 essa segunda-feira (10), 392 casos da variante \u00d4micron foram confirmados, com uma morte. O Pa\u00eds tem, at\u00e9 o momento, 708 casos em investiga\u00e7\u00e3o.<\/p>\n\n\n\n<p>Um levantamento da plataforma Our World in Data mostra que nova variante j\u00e1 \u00e9 respons\u00e1vel por mais da metade das infec\u00e7\u00f5es no Pa\u00eds.\u00a0A cepa j\u00e1 se tornou dominante na \u00c1frica do Sul, no Reino Unido, na Fran\u00e7a e nos EUA, e outros pa\u00edses da Europa.<\/p>\n\n\n\n<p>via aen<\/p>\n","protected":false},"excerpt":{"rendered":"<p>O caso apareceu em um exame do Laborat\u00f3rio Central do Estado do Paran\u00e1 (Lacen), e logo foi enviado \u00e0 Fiocruz, no Rio de Janeiro, que fez o sequenciamento gen\u00f4mico e identificou a nova variante. Segundo a Secretaria de Sa\u00fade, j\u00e1 existe transmiss\u00e3o comunit\u00e1ria da variante \u00d4micron no Paran\u00e1. A Secretaria de Estado da Sa\u00fade confirmou [&hellip;]<\/p>\n","protected":false},"author":2,"featured_media":4851,"comment_status":"open","ping_status":"open","sticky":false,"template":"","format":"standard","meta":{"om_disable_all_campaigns":false,"_monsterinsights_skip_tracking":false,"_monsterinsights_sitenote_active":false,"_monsterinsights_sitenote_note":"","_monsterinsights_sitenote_category":0,"footnotes":""},"categories":[7,18],"tags":[],"class_list":["post-4850","post","type-post","status-publish","format-standard","has-post-thumbnail","hentry","category-covid-19","category-parana"],"_links":{"self":[{"href":"https:\/\/acontecenafronteira.com.br\/index.php\/wp-json\/wp\/v2\/posts\/4850","targetHints":{"allow":["GET"]}}],"collection":[{"href":"https:\/\/acontecenafronteira.com.br\/index.php\/wp-json\/wp\/v2\/posts"}],"about":[{"href":"https:\/\/acontecenafronteira.com.br\/index.php\/wp-json\/wp\/v2\/types\/post"}],"author":[{"embeddable":true,"href":"https:\/\/acontecenafronteira.com.br\/index.php\/wp-json\/wp\/v2\/users\/2"}],"replies":[{"embeddable":true,"href":"https:\/\/acontecenafronteira.com.br\/index.php\/wp-json\/wp\/v2\/comments?post=4850"}],"version-history":[{"count":1,"href":"https:\/\/acontecenafronteira.com.br\/index.php\/wp-json\/wp\/v2\/posts\/4850\/revisions"}],"predecessor-version":[{"id":4852,"href":"https:\/\/acontecenafronteira.com.br\/index.php\/wp-json\/wp\/v2\/posts\/4850\/revisions\/4852"}],"wp:featuredmedia":[{"embeddable":true,"href":"https:\/\/acontecenafronteira.com.br\/index.php\/wp-json\/wp\/v2\/media\/4851"}],"wp:attachment":[{"href":"https:\/\/acontecenafronteira.com.br\/index.php\/wp-json\/wp\/v2\/media?parent=4850"}],"wp:term":[{"taxonomy":"category","embeddable":true,"href":"https:\/\/acontecenafronteira.com.br\/index.php\/wp-json\/wp\/v2\/categories?post=4850"},{"taxonomy":"post_tag","embeddable":true,"href":"https:\/\/acontecenafronteira.com.br\/index.php\/wp-json\/wp\/v2\/tags?post=4850"}],"curies":[{"name":"wp","href":"https:\/\/api.w.org\/{rel}","templated":true}]}}