{"id":4838,"date":"2022-01-12T10:26:50","date_gmt":"2022-01-12T13:26:50","guid":{"rendered":"https:\/\/acontecenafronteira.com.br\/?p=4838"},"modified":"2022-01-12T10:26:51","modified_gmt":"2022-01-12T13:26:51","slug":"fundacao-municipal-de-saude-bate-recorde-e-realiza-1-712-atendimentos-em-apenas-um-dia","status":"publish","type":"post","link":"https:\/\/acontecenafronteira.com.br\/index.php\/2022\/01\/12\/fundacao-municipal-de-saude-bate-recorde-e-realiza-1-712-atendimentos-em-apenas-um-dia\/","title":{"rendered":"Funda\u00e7\u00e3o Municipal de Sa\u00fade bate recorde e realiza 1.712 atendimentos em apenas um dia"},"content":{"rendered":"\n<p>Maior n\u00famero de atendimentos nas unidades administradas pela funda\u00e7\u00e3o desde o in\u00edcio da pandemia foi na segunda-feira (10), quando 1.712 pessoas passaram pela assist\u00eancia<\/p>\n\n\n\n<p>A Funda\u00e7\u00e3o Municipal de Sa\u00fade de Foz do Igua\u00e7u bateu recorde no n\u00famero de atendimentos desde o in\u00edcio da pandemia da covid-19 nas unidades em que administra, chegando a 1.712 pacientes assistidos na \u00faltima segunda-feira (10).<br><br>Segundo o coordenador-geral das unidades, enfermeiro Emerson Larssen, mais da metade representava atendimento a pacientes com s\u00edndrome gripal. &#8220;Foram 1.185 atendimentos na UPA Dr. Walter Cavalcanti Barbosa, no Morumbi, com 374 coletas para a covid-19 e 527 atendimentos na UPA Jo\u00e3o Samek, no Jardim das Palmeiras, com 28 coletas&#8221;, salientou o enfermeiro.<br><br>J\u00e1 o Hospital Municipal Padre Germano Lauck, que nesta ter\u00e7a-feira (11) passou a realizar testes r\u00e1pidos para a detec\u00e7\u00e3o da covid-19 para dar suporte \u00e0 rede municipal de sa\u00fade devido ao aumento da demanda de casos, at\u00e9 o in\u00edcio da tarde contabilizava 70 coletas.<br><br>\u201cA Funda\u00e7\u00e3o Municipal de Sa\u00fade, em um esfor\u00e7o coletivo junto \u00e0 gest\u00e3o municipal, est\u00e1 trabalhando para oferecer um atendimento adequado \u00e0 popula\u00e7\u00e3o\u201d, disse o diretor presidente da Funda\u00e7\u00e3o Municipal de Sa\u00fade, o m\u00e9dico Amon Mendes Franco de Sousa.<\/p>\n","protected":false},"excerpt":{"rendered":"<p>Maior n\u00famero de atendimentos nas unidades administradas pela funda\u00e7\u00e3o desde o in\u00edcio da pandemia foi na segunda-feira (10), quando 1.712 pessoas passaram pela assist\u00eancia A Funda\u00e7\u00e3o Municipal de Sa\u00fade de Foz do Igua\u00e7u bateu recorde no n\u00famero de atendimentos desde o in\u00edcio da pandemia da covid-19 nas unidades em que administra, chegando a 1.712 pacientes [&hellip;]<\/p>\n","protected":false},"author":2,"featured_media":4840,"comment_status":"open","ping_status":"open","sticky":false,"template":"","format":"standard","meta":{"om_disable_all_campaigns":false,"_monsterinsights_skip_tracking":false,"_monsterinsights_sitenote_active":false,"_monsterinsights_sitenote_note":"","_monsterinsights_sitenote_category":0,"footnotes":""},"categories":[4,7,10],"tags":[],"class_list":["post-4838","post","type-post","status-publish","format-standard","has-post-thumbnail","hentry","category-cidade","category-covid-19","category-saude"],"_links":{"self":[{"href":"https:\/\/acontecenafronteira.com.br\/index.php\/wp-json\/wp\/v2\/posts\/4838","targetHints":{"allow":["GET"]}}],"collection":[{"href":"https:\/\/acontecenafronteira.com.br\/index.php\/wp-json\/wp\/v2\/posts"}],"about":[{"href":"https:\/\/acontecenafronteira.com.br\/index.php\/wp-json\/wp\/v2\/types\/post"}],"author":[{"embeddable":true,"href":"https:\/\/acontecenafronteira.com.br\/index.php\/wp-json\/wp\/v2\/users\/2"}],"replies":[{"embeddable":true,"href":"https:\/\/acontecenafronteira.com.br\/index.php\/wp-json\/wp\/v2\/comments?post=4838"}],"version-history":[{"count":1,"href":"https:\/\/acontecenafronteira.com.br\/index.php\/wp-json\/wp\/v2\/posts\/4838\/revisions"}],"predecessor-version":[{"id":4841,"href":"https:\/\/acontecenafronteira.com.br\/index.php\/wp-json\/wp\/v2\/posts\/4838\/revisions\/4841"}],"wp:featuredmedia":[{"embeddable":true,"href":"https:\/\/acontecenafronteira.com.br\/index.php\/wp-json\/wp\/v2\/media\/4840"}],"wp:attachment":[{"href":"https:\/\/acontecenafronteira.com.br\/index.php\/wp-json\/wp\/v2\/media?parent=4838"}],"wp:term":[{"taxonomy":"category","embeddable":true,"href":"https:\/\/acontecenafronteira.com.br\/index.php\/wp-json\/wp\/v2\/categories?post=4838"},{"taxonomy":"post_tag","embeddable":true,"href":"https:\/\/acontecenafronteira.com.br\/index.php\/wp-json\/wp\/v2\/tags?post=4838"}],"curies":[{"name":"wp","href":"https:\/\/api.w.org\/{rel}","templated":true}]}}