{"id":4809,"date":"2022-01-11T15:10:28","date_gmt":"2022-01-11T18:10:28","guid":{"rendered":"https:\/\/acontecenafronteira.com.br\/?p=4809"},"modified":"2022-01-11T15:10:29","modified_gmt":"2022-01-11T18:10:29","slug":"prefeitura-reune-representantes-do-comercio-e-turismo-para-falar-da-situacao-da-covid-19-em-foz","status":"publish","type":"post","link":"https:\/\/acontecenafronteira.com.br\/index.php\/2022\/01\/11\/prefeitura-reune-representantes-do-comercio-e-turismo-para-falar-da-situacao-da-covid-19-em-foz\/","title":{"rendered":"Prefeitura re\u00fane representantes do com\u00e9rcio e turismo para falar da situa\u00e7\u00e3o da covid-19 em Foz"},"content":{"rendered":"\n<p>Foram apresentados dados da Vigil\u00e2ncia Epidemiol\u00f3gica, bem como a\u00e7\u00f5es que v\u00eam sendo tomadas pela prefeitura devido ao aumento na demanda por atendimentos<\/p>\n\n\n\n<p>A Prefeitura de Foz do Igua\u00e7u reuniu-se na tarde desta segunda-feira (10) com representantes dos setores de com\u00e9rcio e turismo para apresentar a situa\u00e7\u00e3o epidemiol\u00f3gica do munic\u00edpio em rela\u00e7\u00e3o ao aumento dos casos de covid-19, e como tem sido as medidas para o enfrentamento desta nova onda.<br><br>\u201cA inten\u00e7\u00e3o desta reuni\u00e3o \u00e9 que os setores possam acompanhar \u2018pari passu\u2019 a situa\u00e7\u00e3o de Foz do Igua\u00e7u em rela\u00e7\u00e3o \u00e0 pandemia e as a\u00e7\u00f5es que o Munic\u00edpio est\u00e1 desenvolvendo em resposta. S\u00e3o setores que j\u00e1 sofreram muito com as restri\u00e7\u00f5es e precisamos do apoio de todos para manter os cuidados, bem como defender a vacina\u00e7\u00e3o, para que n\u00e3o precisemos tomar novas medidas\u201d, afirma o prefeito em exerc\u00edcio de Foz do Igua\u00e7u, delegado Francisco Sampaio.<br><br>O gerente da Vigil\u00e2ncia Epidemiol\u00f3gica, Roberto Doldan, fez o alerta em rela\u00e7\u00e3o ao aumento exponencial de casos da doen\u00e7a. Segundo ele, a m\u00e9dia m\u00f3vel de casos &#8211; atualmente em 184,43 &#8211; est\u00e1 700% superior em rela\u00e7\u00e3o h\u00e1 duas semanas.<br><br>De acordo com ele, o aumento das infec\u00e7\u00f5es por covid era esperado, devido \u00e0 diminui\u00e7\u00e3o das restri\u00e7\u00f5es e \u00e0s festividades e viagens de fim de ano. No entanto, esse n\u00famero acabou sendo muito al\u00e9m do esperado &#8211; causando uma sobrecarga nos atendimentos nas UPAs (Unidades de Pronto Atendimento) e Unidades B\u00e1sicas de Sa\u00fade (UBS).<br><br>Para dar maior agilidade e garantir a assist\u00eancia a todos os pacientes, a prefeitura est\u00e1 acompanhando diariamente a situa\u00e7\u00e3o e j\u00e1 estabeleceu um novo fluxo, com quatro unidades como refer\u00eancia para a coleta e atendimento dos pacientes com sintomas respirat\u00f3rios: a UPA Dr. Walter Cavalcante Barbosa, no Morumbi; a UBS Padre \u00cdtalo 24h; e as unidades de sa\u00fade do Cidade Nova e do Lagoa Dourada.<br><br><strong>Casos mais brandos<\/strong><br><br>Embora o n\u00famero de casos tenha aumentado, o mesmo n\u00e3o ocorreu com as interna\u00e7\u00f5es e \u00f3bitos, o que vem sendo atribu\u00eddo \u00e0 efic\u00e1cia da vacina\u00e7\u00e3o &#8211; em Foz, j\u00e1 foram aplicadas quase 485 mil doses contra a covid. Em mar\u00e7o do ano passado, no pico da pandemia, a cidade registrou mais de 500 interna\u00e7\u00f5es pela doen\u00e7a &#8211; em dezembro, j\u00e1 com 100% da popula\u00e7\u00e3o adulta vacinada com as duas doses, foram apenas 16 internamentos.<br><br>Dos sete \u00f3bitos registrados pela doen\u00e7a no mesmo m\u00eas, tr\u00eas n\u00e3o foram vacinados. As outras quatro pessoas que morreram estavam com a dose de refor\u00e7o atrasada. \u201cPor este motivo, refor\u00e7amos o apelo para que aqueles que ainda n\u00e3o tomaram a primeira, a segunda ou a terceira dose, compare\u00e7am \u00e0s unidades de sa\u00fade. N\u00e3o \u00e9 necess\u00e1rio fazer agendamento\u201d, pede o prefeito em exerc\u00edcio.<br><br><strong>Comprometimento<\/strong><br><br>Muitos dos representantes setoriais presentes na reuni\u00e3o demonstraram preocupa\u00e7\u00e3o com o aumento de casos e at\u00e9 mesmo relataram j\u00e1 estar tendo consequ\u00eancias devido a atestados de funcion\u00e1rios e cancelamento de voos. Eles se comprometeram a refor\u00e7ar a import\u00e2ncia dos protocolos para preven\u00e7\u00e3o \u00e0 covid, que s\u00e3o os mesmos desde o in\u00edcio da pandemia &#8211; uso de m\u00e1scara, higieniza\u00e7\u00e3o das m\u00e3os e distanciamento social -, bem como ser parceiros em rela\u00e7\u00e3o \u00e0 divulga\u00e7\u00e3o da import\u00e2ncia da vacina\u00e7\u00e3o.<br><br>&#8220;Todos entenderam a import\u00e2ncia do momento, agradeceram a iniciativa do prefeito em exerc\u00edcio e a garantia do poder p\u00fablico em manter um di\u00e1logo permanente com as institui\u00e7\u00f5es para a tomada de decis\u00e3o em conjunto. Foz do Igua\u00e7u desde o in\u00edcio da pandemia vem demonstrando a sua responsabilidade com o turista quando implementou protocolos sanit\u00e1rios que foram definidos em conjunto com o trade&#8221;, afirmou o secret\u00e1rio de Turismo, Inova\u00e7\u00e3o e Projetos Estrat\u00e9gicos, Paulo Angeli.<br><br>Participaram do encontro representantes da Associa\u00e7\u00e3o Comercial e Empresarial de Foz do Igua\u00e7u (Acifi), do Conselho de Desenvolvimento Econ\u00f4mico e Social de Foz do Igua\u00e7u (Codefoz), do Conselho Municipal de Turismo (COMTUR), Sindicato dos Hot\u00e9is, Restaurantes, Bares e Similares de Foz do Igua\u00e7u (Sindhot\u00e9is), Sindicato Patronal do Com\u00e9rcio Varejista (Sindilojas), Visit Iguassu, Sindicato das Empresas de Turismo de Foz do Igua\u00e7u (Sindetur), Hospital Unimed, dos shoppings centers da cidade, e os vereadores Alex Meyer e Maninho.<\/p>\n","protected":false},"excerpt":{"rendered":"<p>Foram apresentados dados da Vigil\u00e2ncia Epidemiol\u00f3gica, bem como a\u00e7\u00f5es que v\u00eam sendo tomadas pela prefeitura devido ao aumento na demanda por atendimentos A Prefeitura de Foz do Igua\u00e7u reuniu-se na tarde desta segunda-feira (10) com representantes dos setores de com\u00e9rcio e turismo para apresentar a situa\u00e7\u00e3o epidemiol\u00f3gica do munic\u00edpio em rela\u00e7\u00e3o ao aumento dos casos [&hellip;]<\/p>\n","protected":false},"author":2,"featured_media":4811,"comment_status":"open","ping_status":"open","sticky":false,"template":"","format":"standard","meta":{"om_disable_all_campaigns":false,"_monsterinsights_skip_tracking":false,"_monsterinsights_sitenote_active":false,"_monsterinsights_sitenote_note":"","_monsterinsights_sitenote_category":0,"footnotes":""},"categories":[4,7],"tags":[],"class_list":["post-4809","post","type-post","status-publish","format-standard","has-post-thumbnail","hentry","category-cidade","category-covid-19"],"_links":{"self":[{"href":"https:\/\/acontecenafronteira.com.br\/index.php\/wp-json\/wp\/v2\/posts\/4809","targetHints":{"allow":["GET"]}}],"collection":[{"href":"https:\/\/acontecenafronteira.com.br\/index.php\/wp-json\/wp\/v2\/posts"}],"about":[{"href":"https:\/\/acontecenafronteira.com.br\/index.php\/wp-json\/wp\/v2\/types\/post"}],"author":[{"embeddable":true,"href":"https:\/\/acontecenafronteira.com.br\/index.php\/wp-json\/wp\/v2\/users\/2"}],"replies":[{"embeddable":true,"href":"https:\/\/acontecenafronteira.com.br\/index.php\/wp-json\/wp\/v2\/comments?post=4809"}],"version-history":[{"count":1,"href":"https:\/\/acontecenafronteira.com.br\/index.php\/wp-json\/wp\/v2\/posts\/4809\/revisions"}],"predecessor-version":[{"id":4812,"href":"https:\/\/acontecenafronteira.com.br\/index.php\/wp-json\/wp\/v2\/posts\/4809\/revisions\/4812"}],"wp:featuredmedia":[{"embeddable":true,"href":"https:\/\/acontecenafronteira.com.br\/index.php\/wp-json\/wp\/v2\/media\/4811"}],"wp:attachment":[{"href":"https:\/\/acontecenafronteira.com.br\/index.php\/wp-json\/wp\/v2\/media?parent=4809"}],"wp:term":[{"taxonomy":"category","embeddable":true,"href":"https:\/\/acontecenafronteira.com.br\/index.php\/wp-json\/wp\/v2\/categories?post=4809"},{"taxonomy":"post_tag","embeddable":true,"href":"https:\/\/acontecenafronteira.com.br\/index.php\/wp-json\/wp\/v2\/tags?post=4809"}],"curies":[{"name":"wp","href":"https:\/\/api.w.org\/{rel}","templated":true}]}}