{"id":4795,"date":"2022-01-11T15:05:39","date_gmt":"2022-01-11T18:05:39","guid":{"rendered":"https:\/\/acontecenafronteira.com.br\/?p=4795"},"modified":"2022-01-11T15:05:46","modified_gmt":"2022-01-11T18:05:46","slug":"dezembro-e-novo-marco-para-turismo-de-foz","status":"publish","type":"post","link":"https:\/\/acontecenafronteira.com.br\/index.php\/2022\/01\/11\/dezembro-e-novo-marco-para-turismo-de-foz\/","title":{"rendered":"Dezembro \u00e9 novo marco para turismo de Foz"},"content":{"rendered":"\n<p>N\u00fameros de dezembro s\u00e3o superiores ao mesmo per\u00edodo de 2020 e a novembro de 2021<\/p>\n\n\n\n<p><em>Foto: Kiko Sierich.<\/em><br><br>A visita\u00e7\u00e3o dos tr\u00eas principais atrativos, a movimenta\u00e7\u00e3o no aeroporto e rodovi\u00e1ria e a ocupa\u00e7\u00e3o nos hot\u00e9is apontam dezembro como m\u00eas do impulso da atividade tur\u00edstica em Foz do Igua\u00e7u \u00e0s marcas de pr\u00e9-pandemia (mar\u00e7o de 2020). Dados cruzados pela Secretaria de Turismo mostram, por exemplo, que os viajantes do aeroporto foram 59% superiores a dezembro de 2020 e 9% maiores em rela\u00e7\u00e3o a novembro de 2021.<br><br>O mesmo ocorreu na rodovi\u00e1ria: os passageiros (embarque e desembarque) tiveram um acr\u00e9scimo de 69% em rela\u00e7\u00e3o a dezembro de 2020 e&nbsp; foram 32% superiores em rela\u00e7\u00e3o a novembro de 2021.<br><br>Em dezembro, 122.305 passageiros passaram pelo Aeroporto Internacional das Cataratas e a Rodovi\u00e1ria Internacional foram 85.796 viajantes. Foram em m\u00e9dia 29 voos di\u00e1rios, 11% maior em rela\u00e7\u00e3o a novembro do ano passado. Na rodovi\u00e1ria, foram 153 \u00f4nibus di\u00e1rios (chegadas e partidas), um porcentual 22% maior do que em novembro de 2021.<br><br>&#8220;Vamos ajustar essa aferi\u00e7\u00e3o atrav\u00e9s novas ferramentas de inova\u00e7\u00e3o e outros indicadores como a arrecada\u00e7\u00e3o de impostos e movimento de celulares. Os visitantes que utilizam a BR-277, um volume consider\u00e1vel, n\u00e3o s\u00e3o mensurados nas estat\u00edsticas do aeroporto, da rodovi\u00e1ria e at\u00e9 dos atrativos&#8221;, disse o secret\u00e1rio de Turismo, Projetos Estrat\u00e9gicos e Inova\u00e7\u00e3o, Paulo Angeli.<br><br><strong>Atrativos<\/strong><br><br>Os&nbsp;112.450&nbsp; visitantes do Parque Nacional do Igua\u00e7u representaram um percentual de 88% maior em rela\u00e7\u00e3o a dezembro de 2022 e 31% sobre novembro de 2021.&nbsp;A Itaipu Binacional, no lado brasileiro, contou&nbsp;39.863 visitantes, mais de&nbsp;65% em rela\u00e7\u00e3o a dezembro de 2020 e 17% em rela\u00e7\u00e3o a novembro do ano passado. No Marco das Tr\u00eas Fronteiras, as visitas de dezembro foram 67% maiores sobre dezembro de 2020 e 8% em rela\u00e7\u00e3o a novembro de 2021. O atrativo recebeu&nbsp;38.351 visitantes em dezembro.<br><br>Ainda no \u00faltimo m\u00eas de 2021, a Secretaria de Turismo analisou 10 processos de empresas tur\u00edsticas, quatro alvar\u00e1s foram concedidos,&nbsp;43 alvar\u00e1s para eventos comerciais e o Teletur registrou 144 atendimentos.<br><br>Em&nbsp;dezembro, os hot\u00e9is tiveram a melhor&nbsp;ocupa\u00e7\u00e3o dos \u00faltimos 12 anos. A m\u00e9dia, entre as sete categorias pesquisadas (conforme o valor das di\u00e1rias), ficou em 67%, superior inclusive a 2018 e 2019 (64,8% e 63,3%), anos com recordes na visita\u00e7\u00e3o tur\u00edstica na cidade.<br><br>&#8220;Todos os indicativos s\u00e3o fortes e representativos desse impulso do destino tur\u00edstico. A visita\u00e7\u00e3o estrangeira no parque nacional j\u00e1 est\u00e1 em 11,4% e na Itaipu, 10,1% &#8211; a maioria, paraguaios. No per\u00edodo pr\u00e9-pandemia, os estrangeiros chegaram a representar 40% dos visitantes no Parque Nacional do Igua\u00e7u. Com amplia\u00e7\u00e3o dos voos internacionais, o retorno do turista do Mercosul (principalmente da Argentina), acredito que todos os \u00edndices subiram de forma gradativa durante todo ano de 2022&#8221;, completou Angeli.<\/p>\n\n\n\n<p><\/p>\n","protected":false},"excerpt":{"rendered":"<p>N\u00fameros de dezembro s\u00e3o superiores ao mesmo per\u00edodo de 2020 e a novembro de 2021 Foto: Kiko Sierich. A visita\u00e7\u00e3o dos tr\u00eas principais atrativos, a movimenta\u00e7\u00e3o no aeroporto e rodovi\u00e1ria e a ocupa\u00e7\u00e3o nos hot\u00e9is apontam dezembro como m\u00eas do impulso da atividade tur\u00edstica em Foz do Igua\u00e7u \u00e0s marcas de pr\u00e9-pandemia (mar\u00e7o de 2020). [&hellip;]<\/p>\n","protected":false},"author":2,"featured_media":4798,"comment_status":"open","ping_status":"open","sticky":false,"template":"","format":"standard","meta":{"om_disable_all_campaigns":false,"_monsterinsights_skip_tracking":false,"_monsterinsights_sitenote_active":false,"_monsterinsights_sitenote_note":"","_monsterinsights_sitenote_category":0,"footnotes":""},"categories":[4,9],"tags":[],"class_list":["post-4795","post","type-post","status-publish","format-standard","has-post-thumbnail","hentry","category-cidade","category-turismo"],"_links":{"self":[{"href":"https:\/\/acontecenafronteira.com.br\/index.php\/wp-json\/wp\/v2\/posts\/4795","targetHints":{"allow":["GET"]}}],"collection":[{"href":"https:\/\/acontecenafronteira.com.br\/index.php\/wp-json\/wp\/v2\/posts"}],"about":[{"href":"https:\/\/acontecenafronteira.com.br\/index.php\/wp-json\/wp\/v2\/types\/post"}],"author":[{"embeddable":true,"href":"https:\/\/acontecenafronteira.com.br\/index.php\/wp-json\/wp\/v2\/users\/2"}],"replies":[{"embeddable":true,"href":"https:\/\/acontecenafronteira.com.br\/index.php\/wp-json\/wp\/v2\/comments?post=4795"}],"version-history":[{"count":2,"href":"https:\/\/acontecenafronteira.com.br\/index.php\/wp-json\/wp\/v2\/posts\/4795\/revisions"}],"predecessor-version":[{"id":4800,"href":"https:\/\/acontecenafronteira.com.br\/index.php\/wp-json\/wp\/v2\/posts\/4795\/revisions\/4800"}],"wp:featuredmedia":[{"embeddable":true,"href":"https:\/\/acontecenafronteira.com.br\/index.php\/wp-json\/wp\/v2\/media\/4798"}],"wp:attachment":[{"href":"https:\/\/acontecenafronteira.com.br\/index.php\/wp-json\/wp\/v2\/media?parent=4795"}],"wp:term":[{"taxonomy":"category","embeddable":true,"href":"https:\/\/acontecenafronteira.com.br\/index.php\/wp-json\/wp\/v2\/categories?post=4795"},{"taxonomy":"post_tag","embeddable":true,"href":"https:\/\/acontecenafronteira.com.br\/index.php\/wp-json\/wp\/v2\/tags?post=4795"}],"curies":[{"name":"wp","href":"https:\/\/api.w.org\/{rel}","templated":true}]}}