{"id":4721,"date":"2022-01-10T09:45:37","date_gmt":"2022-01-10T12:45:37","guid":{"rendered":"https:\/\/acontecenafronteira.com.br\/?p=4721"},"modified":"2022-01-10T09:45:38","modified_gmt":"2022-01-10T12:45:38","slug":"unidades-de-saude-registram-aumento-de-quase-50-nos-atendimentos","status":"publish","type":"post","link":"https:\/\/acontecenafronteira.com.br\/index.php\/2022\/01\/10\/unidades-de-saude-registram-aumento-de-quase-50-nos-atendimentos\/","title":{"rendered":"Unidades de Sa\u00fade registram aumento de quase 50% nos atendimentos"},"content":{"rendered":"\n<p>A partir de segunda-feira (10), pessoas com sintomas respirat\u00f3rios dever\u00e3o buscar a Unidade Padre \u00cdtalo ou a UPA Morumbi<\/p>\n\n\n\n<p>O reflexo das festas de final de ano atrelado \u00e0 nova variante \u00d4micron tem contribu\u00eddo para o aumento expressivo na procura pelos servi\u00e7os de sa\u00fade em Foz do Igua\u00e7u.&nbsp;<br><br>As Unidades B\u00e1sicas de Sa\u00fade (UBS) registraram quase 50% de aumento na procura de pacientes, especialmente com sintomas respirat\u00f3rios, com rela\u00e7\u00e3o ao final do ano passado. As Unidades de Pronto Atendimento (UPA) tamb\u00e9m tiveram um acr\u00e9scimo de quase 40% na demanda.&nbsp;<br><br>No dia 23 de dezembro foram 3.760 atendimentos nas 29 UBSs do munic\u00edpio. Nesta quinta-feira, dia 6 de janeiro, foram 7.685 atendimentos, um aumento de 48,9%.&nbsp;<br><br>Considerando o quantitativo de equipes distribu\u00eddas nas unidades de sa\u00fade, no dia 23\/12 a m\u00e9dia de atendimentos era de 8,4 pacientes por hora, um grande salto para dia 06\/01, com a m\u00e9dia de 17 pacientes por hora. O n\u00famero de pacientes com sintomas respirat\u00f3rios aumentou quase 300% neste per\u00edodo, passando de 172 em dezembro para 685 em janeiro.&nbsp;&nbsp;<br><br>\u201cO aumento deve-se ao maior n\u00famero de pacientes sintom\u00e1ticos respirat\u00f3rios, tanto devido \u00e0 contamina\u00e7\u00e3o por Covid-19, quanto pela nova cepa de Influenza H3N2, ambas consideradas de contamina\u00e7\u00e3o comunit\u00e1ria\u201d explica o Supervisor T\u00e9cnico da Estrat\u00e9gia Sa\u00fade da Fam\u00edlia, Felipe Conrado Fernandes.&nbsp;<br><br>Para desafogar esse fluxo e melhorar o atendimento aos pacientes, a partir de segunda-feira (10), a UPA Walter Cavalcante Barbosa, no Morumbi e a Unidade Padre \u00cdtalo, no Porto Meira, ser\u00e3o refer\u00eancias para pacientes sintom\u00e1ticos respirat\u00f3rios.&nbsp;&nbsp;<br><br><strong>Atendimentos nas UBS<br><br><\/strong>O fluxo de atendimento nas unidades de sa\u00fade segue como o previsto nos cadernos de aten\u00e7\u00e3o b\u00e1sica. Para todo paciente que procura atendimento em alguma unidade de sa\u00fade, primeiro \u00e9 realizado o acolhimento, onde um profissional qualificado realiza escuta da queixa do paciente e verifica sinais vitais, para ent\u00e3o definir a conduta a ser tomada.<br><br>Pacientes com queixas agudas, que necessitam de atendimento no mesmo dia, s\u00e3o encaminhados para consulta com um profissional m\u00e9dico. Para pacientes que apresentem queixas cr\u00f4nicas, que necessitam de controle e acompanhamento, \u00e9 agendado consulta conforme disponibilidade de agenda.<br><br>Pacientes em situa\u00e7\u00e3o de urg\u00eancia e emerg\u00eancia que procuram atendimento em uma unidade de sa\u00fade s\u00e3o prontamente atendidos e com a estabiliza\u00e7\u00e3o s\u00e3o encaminhados para os servi\u00e7os de refer\u00eancia \u2013 UPAs ou Hospital Municipal.<\/p>\n","protected":false},"excerpt":{"rendered":"<p>A partir de segunda-feira (10), pessoas com sintomas respirat\u00f3rios dever\u00e3o buscar a Unidade Padre \u00cdtalo ou a UPA Morumbi O reflexo das festas de final de ano atrelado \u00e0 nova variante \u00d4micron tem contribu\u00eddo para o aumento expressivo na procura pelos servi\u00e7os de sa\u00fade em Foz do Igua\u00e7u.&nbsp; As Unidades B\u00e1sicas de Sa\u00fade (UBS) registraram [&hellip;]<\/p>\n","protected":false},"author":2,"featured_media":4723,"comment_status":"open","ping_status":"open","sticky":false,"template":"","format":"standard","meta":{"om_disable_all_campaigns":false,"_monsterinsights_skip_tracking":false,"_monsterinsights_sitenote_active":false,"_monsterinsights_sitenote_note":"","_monsterinsights_sitenote_category":0,"footnotes":""},"categories":[4,10],"tags":[],"class_list":["post-4721","post","type-post","status-publish","format-standard","has-post-thumbnail","hentry","category-cidade","category-saude"],"_links":{"self":[{"href":"https:\/\/acontecenafronteira.com.br\/index.php\/wp-json\/wp\/v2\/posts\/4721","targetHints":{"allow":["GET"]}}],"collection":[{"href":"https:\/\/acontecenafronteira.com.br\/index.php\/wp-json\/wp\/v2\/posts"}],"about":[{"href":"https:\/\/acontecenafronteira.com.br\/index.php\/wp-json\/wp\/v2\/types\/post"}],"author":[{"embeddable":true,"href":"https:\/\/acontecenafronteira.com.br\/index.php\/wp-json\/wp\/v2\/users\/2"}],"replies":[{"embeddable":true,"href":"https:\/\/acontecenafronteira.com.br\/index.php\/wp-json\/wp\/v2\/comments?post=4721"}],"version-history":[{"count":1,"href":"https:\/\/acontecenafronteira.com.br\/index.php\/wp-json\/wp\/v2\/posts\/4721\/revisions"}],"predecessor-version":[{"id":4724,"href":"https:\/\/acontecenafronteira.com.br\/index.php\/wp-json\/wp\/v2\/posts\/4721\/revisions\/4724"}],"wp:featuredmedia":[{"embeddable":true,"href":"https:\/\/acontecenafronteira.com.br\/index.php\/wp-json\/wp\/v2\/media\/4723"}],"wp:attachment":[{"href":"https:\/\/acontecenafronteira.com.br\/index.php\/wp-json\/wp\/v2\/media?parent=4721"}],"wp:term":[{"taxonomy":"category","embeddable":true,"href":"https:\/\/acontecenafronteira.com.br\/index.php\/wp-json\/wp\/v2\/categories?post=4721"},{"taxonomy":"post_tag","embeddable":true,"href":"https:\/\/acontecenafronteira.com.br\/index.php\/wp-json\/wp\/v2\/tags?post=4721"}],"curies":[{"name":"wp","href":"https:\/\/api.w.org\/{rel}","templated":true}]}}