{"id":4570,"date":"2022-01-03T11:29:11","date_gmt":"2022-01-03T14:29:11","guid":{"rendered":"https:\/\/acontecenafronteira.com.br\/?p=4570"},"modified":"2022-01-03T11:29:12","modified_gmt":"2022-01-03T14:29:12","slug":"mais-de-360-pessoas-foram-contratadas-em-dezembro-via-agencia-do-trabalhador-de-foz-do-iguacu","status":"publish","type":"post","link":"https:\/\/acontecenafronteira.com.br\/index.php\/2022\/01\/03\/mais-de-360-pessoas-foram-contratadas-em-dezembro-via-agencia-do-trabalhador-de-foz-do-iguacu\/","title":{"rendered":"Mais de 360 pessoas foram contratadas em dezembro via Ag\u00eancia do Trabalhador de Foz do Igua\u00e7u"},"content":{"rendered":"\n<p>Munic\u00edpio ficou em segundo lugar no ranking estadual de cidades que mais direcionaram interessados para contrata\u00e7\u00f5es<\/p>\n\n\n\n<p><em>Foto: Welyton Manoel\/PMFI.<br><br><\/em>A Ag\u00eancia do Trabalhador de Foz do Igua\u00e7u terminou 2021 como a segunda do Paran\u00e1 que mais direcionou interessados para contrata\u00e7\u00f5es no m\u00eas de dezembro. Os dados s\u00e3o da Secretaria de Estado da Justi\u00e7a, Fam\u00edlia e Trabalho. Ao todo, foram 369 pessoas efetivadas em postos de trabalho ap\u00f3s passarem pela ag\u00eancia.&nbsp;<br><br>\u201cFoi uma marca muito importante para n\u00f3s, pois mostra a efic\u00e1cia do atendimento prestado pelos nossos servidores e a confian\u00e7a que as empresas t\u00eam nos candidatos que indicamos\u201d, relatou o diretor Luciano Castilha<br><br>Os atendimentos em 2022 foram retomados nesta segunda-feira, 3, com 148 vagas abertas para a popula\u00e7\u00e3o em 10 fun\u00e7\u00f5es. Assim como os demais \u00f3rg\u00e3os da Prefeitura, a ag\u00eancia tamb\u00e9m passar\u00e1 atender em um novo hor\u00e1rio \u2013 das 7h30 \u00e0s 13h30.&nbsp;<br><br>O diretor conta que as equipes est\u00e3o em contato com novas empresas para ampliar a oferta de vagas e oferecer mais oportunidades. Os interessados podem conferir as vagas diariamente pela p\u00e1gina do Facebook da Prefeitura de Foz ou pelo site<br><br>\u201cCome\u00e7ar o ano empregado com certeza \u00e9 uma das metas para muitos igua\u00e7uenses. Para isso eles podem contar com a ag\u00eancia, que presta um atendimento gratuito, al\u00e9m de dar orienta\u00e7\u00f5es sobre documentos e encaminhamentos\u201d, garantiu.&nbsp;<br><br>Castilha ainda refor\u00e7a que neste ano novas a\u00e7\u00f5es da Ag\u00eancia do Trabalhador Itinerante ser\u00e3o feitas na cidade. Os presidentes de bairro e associa\u00e7\u00f5es de moradores que tamb\u00e9m tiverem o interesse em levar a ag\u00eancia para a comunidade podem entrar em contato direto com o \u00f3rg\u00e3o, pelo telefone (45) 3545-5450.<br><br><strong>Vagas da Ag\u00eancia do Trabalhador nesta segunda-feira (03\/01)<br><br><\/strong>&#8211; A\u00c7OUGUEIRO &#8211; Com experi\u00eancia comprovada na fun\u00e7\u00e3o. Com disponibilidade de hor\u00e1rios. Trabalhar na regi\u00e3o do Morumbi.<\/p>\n\n\n\n<p>&#8211; AJUDANTE DE A\u00c7OUGUE \u2013 Com conhecimento na fun\u00e7\u00e3o. Com disponibilidade de hor\u00e1rios. Trabalhar na regi\u00e3o do Morumbi.<\/p>\n\n\n\n<p>&#8211; ATENDENTE DE CAFETERIA \u2013 Possuir ensino m\u00e9dio completo e disponibilidade de hor\u00e1rios. Trabalhar na regi\u00e3o do aeroporto.<\/p>\n\n\n\n<p>&#8211; AUXILIAR DE COZINHA &#8211; Com experi\u00eancia comprovada na fun\u00e7\u00e3o e ensino m\u00e9dio completo.<\/p>\n\n\n\n<p>&#8211; AUXILIAR DE PRODU\u00c7\u00c3O \u2013 Para o frigor\u00edfico LAR em Matel\u00e2ndia com idades entre 18 e 50 anos. Hor\u00e1rio de trabalho no per\u00edodo da manh\u00e3 (06hs \u00e1s 15h40). *Ex-funcion\u00e1rios devem entrar em contato antecipadamente.<\/p>\n\n\n\n<p>&#8211; AUXILIAR DE PRODU\u00c7\u00c3O \u2013 Trabalhar em Matel\u00e2ndia. A empresa n\u00e3o disponibiliza transporte para entrevista.<\/p>\n\n\n\n<p>&#8211; COZINHEIRO DE RESTAURANTE &#8211; Com experi\u00eancia na fun\u00e7\u00e3o e disponibilidade de hor\u00e1rios.<\/p>\n\n\n\n<p>&#8211; OPERADOR DE CAIXA &#8211; Disponibilidade para trabalhar em escala 6&#215;1 (feriados e finais de semana) e ensino m\u00e9dio completo. Vaga para a regi\u00e3o do Morumbi.<\/p>\n\n\n\n<p>&#8211; PADEIRO &#8211; Possuir com experi\u00eancia na fun\u00e7\u00e3o. Vaga para a regi\u00e3o do Morumbi.<\/p>\n\n\n\n<p>-VENDEDOR INTERNO &#8211; Com experi\u00eancia na fun\u00e7\u00e3o e ensino m\u00e9dio completo.<\/p>\n","protected":false},"excerpt":{"rendered":"<p>Munic\u00edpio ficou em segundo lugar no ranking estadual de cidades que mais direcionaram interessados para contrata\u00e7\u00f5es Foto: Welyton Manoel\/PMFI. A Ag\u00eancia do Trabalhador de Foz do Igua\u00e7u terminou 2021 como a segunda do Paran\u00e1 que mais direcionou interessados para contrata\u00e7\u00f5es no m\u00eas de dezembro. Os dados s\u00e3o da Secretaria de Estado da Justi\u00e7a, Fam\u00edlia e [&hellip;]<\/p>\n","protected":false},"author":2,"featured_media":4572,"comment_status":"open","ping_status":"open","sticky":false,"template":"","format":"standard","meta":{"om_disable_all_campaigns":false,"_monsterinsights_skip_tracking":false,"_monsterinsights_sitenote_active":false,"_monsterinsights_sitenote_note":"","_monsterinsights_sitenote_category":0,"footnotes":""},"categories":[4,15],"tags":[],"class_list":["post-4570","post","type-post","status-publish","format-standard","has-post-thumbnail","hentry","category-cidade","category-trabalho"],"_links":{"self":[{"href":"https:\/\/acontecenafronteira.com.br\/index.php\/wp-json\/wp\/v2\/posts\/4570","targetHints":{"allow":["GET"]}}],"collection":[{"href":"https:\/\/acontecenafronteira.com.br\/index.php\/wp-json\/wp\/v2\/posts"}],"about":[{"href":"https:\/\/acontecenafronteira.com.br\/index.php\/wp-json\/wp\/v2\/types\/post"}],"author":[{"embeddable":true,"href":"https:\/\/acontecenafronteira.com.br\/index.php\/wp-json\/wp\/v2\/users\/2"}],"replies":[{"embeddable":true,"href":"https:\/\/acontecenafronteira.com.br\/index.php\/wp-json\/wp\/v2\/comments?post=4570"}],"version-history":[{"count":1,"href":"https:\/\/acontecenafronteira.com.br\/index.php\/wp-json\/wp\/v2\/posts\/4570\/revisions"}],"predecessor-version":[{"id":4573,"href":"https:\/\/acontecenafronteira.com.br\/index.php\/wp-json\/wp\/v2\/posts\/4570\/revisions\/4573"}],"wp:featuredmedia":[{"embeddable":true,"href":"https:\/\/acontecenafronteira.com.br\/index.php\/wp-json\/wp\/v2\/media\/4572"}],"wp:attachment":[{"href":"https:\/\/acontecenafronteira.com.br\/index.php\/wp-json\/wp\/v2\/media?parent=4570"}],"wp:term":[{"taxonomy":"category","embeddable":true,"href":"https:\/\/acontecenafronteira.com.br\/index.php\/wp-json\/wp\/v2\/categories?post=4570"},{"taxonomy":"post_tag","embeddable":true,"href":"https:\/\/acontecenafronteira.com.br\/index.php\/wp-json\/wp\/v2\/tags?post=4570"}],"curies":[{"name":"wp","href":"https:\/\/api.w.org\/{rel}","templated":true}]}}