{"id":4534,"date":"2021-12-31T15:29:33","date_gmt":"2021-12-31T18:29:33","guid":{"rendered":"https:\/\/acontecenafronteira.com.br\/?p=4534"},"modified":"2021-12-31T15:29:35","modified_gmt":"2021-12-31T18:29:35","slug":"parana-avanca-em-desenvolvimento-integrado-e-investimentos-para-retomada-economica","status":"publish","type":"post","link":"https:\/\/acontecenafronteira.com.br\/index.php\/2021\/12\/31\/parana-avanca-em-desenvolvimento-integrado-e-investimentos-para-retomada-economica\/","title":{"rendered":"Paran\u00e1 avan\u00e7a em desenvolvimento integrado e investimentos para retomada econ\u00f4mica"},"content":{"rendered":"\n<p><strong>Esses s\u00e3o destaques entre as a\u00e7\u00f5es da secretaria estadual do Planejamento e Projetos Estruturantes em 2021. Uma das frentes \u00e9 o Paran\u00e1 Produtivo, que abrange 202 munic\u00edpios de oito regi\u00f5es priorit\u00e1rias do Estado.<\/strong><\/p>\n\n\n\n<p>O Paran\u00e1 avan\u00e7a em desenvolvimento integrado dos munic\u00edpios e em investimentos para a retomada econ\u00f4mica p\u00f3s Covid-19. Essas duas frentes s\u00e3o destaques entre as a\u00e7\u00f5es da secretaria estadual do Planejamento e Projetos Estruturantes em 2021. \u201cFoi um ano marcado por desafios, mas tamb\u00e9m por muito trabalho, e resultados\u201d, afirma o secret\u00e1rio do Planejamento, Valdemar Bernardo Jorge.<\/p>\n\n\n\n<p>O Programa Paran\u00e1 Produtivo, criado pelo Governo do Estado e executado pela Secretaria do Planejamento, teve in\u00edcio em mar\u00e7o deste ano. A proposta \u00e9 identificar potenciais e car\u00eancias das regi\u00f5es e planejar o desenvolvimento integrado dos munic\u00edpios. O programa abrange 202 munic\u00edpios de oito regi\u00f5es priorit\u00e1rias: Jacarezinho e Santo Ant\u00f4nio da Platina; Corn\u00e9lio Proc\u00f3pio; Paranava\u00ed, Cianorte e Umuarama; Campo Mour\u00e3o; Guarapuava, Irati e Uni\u00e3o da Vit\u00f3ria; Castro e Tel\u00eamaco Borba. Essas regi\u00f5es concentram 30% da popula\u00e7\u00e3o paranaense (3,3 milh\u00f5es de pessoas) e 25% do Produto Interno Bruto (PIB) estadual. \u201c\u00c9 preciso que os prefeitos de cada regi\u00e3o se unam para que possam lutar pelo desenvolvimento regional de forma integrada\u201d, afirma o secret\u00e1rio.<\/p>\n\n\n\n<p>Foram realizadas pelo Paran\u00e1 Produtivo 24 oficinas t\u00e9cnicas, todas em formato virtual, em decorr\u00eancia da pandemia, com um p\u00fablico m\u00e9dio de 80 pessoas cada. Participaram lideran\u00e7as locais, representantes do setor produtivo, universidades e governo, com base na an\u00e1lise de indicadores, fundamentadas nos eixos de pessoas, infraestrutura e sistemas produtivos, abarcadas pela dimens\u00e3o da governan\u00e7a e gest\u00e3o.<\/p>\n\n\n\n<p>As oficinas foram divididas em tr\u00eas etapas. A primeira foi a de mobiliza\u00e7\u00e3o e diagn\u00f3stico, da qual saiu um relat\u00f3rio, com a an\u00e1lise socioecon\u00f4mica de cada regi\u00e3o para identifica\u00e7\u00e3o das suas potencialidades. A outra foi de oportunidades de parcerias para validar as informa\u00e7\u00f5es coletadas do primeiro encontro e identificar as reais necessidades de cada territ\u00f3rio. A terceira etapa foi de oficinas de prioriza\u00e7\u00e3o para definir as demandas, necessidades, potencialidades e oportunidades elencadas nas oficinas anteriores, que trar\u00e3o retorno, mais impacto e, contribuir efetivamente para o desenvolvimento produtivo da regi\u00e3o.<\/p>\n\n\n\n<p>Os participantes debaterem temas, como pavimenta\u00e7\u00e3o de estradas rurais, retomada do turismo, apoio ao pequeno produtor, apoio ao cooperativismo e energias renov\u00e1veis.<\/p>\n\n\n\n<p><strong>EMPREGO E RENDA &#8211;<\/strong>&nbsp;De acordo com o secret\u00e1rio Valdemar Jorge, um dos objetivos do Paran\u00e1 Produtivo \u00e9 contribuir para a gera\u00e7\u00e3o de emprego e renda e a diminui\u00e7\u00e3o das desigualdades regionais. Ele ressaltou a import\u00e2ncia de integrar as pol\u00edticas p\u00fablicas municipais e estaduais, sincronizando-as com a\u00e7\u00f5es desenvolvidas pela sociedade local. \u201cTudo isso vai refletir em novos neg\u00f3cios, mais postos de trabalho e renda aos paranaenses\u201d acrescenta.<\/p>\n\n\n\n<p>A pr\u00f3xima etapa, que deve acontecer em janeiro de 2022, \u00e9 a entrega do plano de a\u00e7\u00e3o para cada regi\u00e3o contemplada pelo Paran\u00e1 Produtivo.<\/p>\n\n\n\n<p><strong>LINHAS DE CR\u00c9DITO &#8211;<\/strong>\u00a0O secret\u00e1rio tamb\u00e9m destaca as linhas de cr\u00e9dito destinadas aos programas Avan\u00e7a Paran\u00e1 e Paran\u00e1 Eficiente. Em 2021, foi dado o seguimento aos tr\u00e2mites legais para a libera\u00e7\u00e3o de cr\u00e9dito ao Paran\u00e1 Eficiente. O programa tem foco na moderniza\u00e7\u00e3o da gest\u00e3o p\u00fablica nos servi\u00e7os de sa\u00fade e meio ambiente. Os recursos tamb\u00e9m ser\u00e3o destinados \u00e0 gest\u00e3o eficiente de recursos humanos e patrimoniais. Ser\u00e3o US$ 130 milh\u00f5es captados do Banco Mundial. O projeto est\u00e1 em fase de assinatura de contrato.<\/p>\n\n\n\n<p>Em rela\u00e7\u00e3o ao Paran\u00e1 Eficiente, o secret\u00e1rio Valdemar Jorge afirma que o foco do programa \u00e9 a sa\u00fade, mas tamb\u00e9m haver\u00e1 reflexo em v\u00e1rios setores do Estado. \u201cTrabalhar a efici\u00eancia e a inova\u00e7\u00e3o \u00e9 uma marca do nosso governo e tamb\u00e9m do Banco Mundial\u201d, complementa.<\/p>\n\n\n\n<p>A pasta tamb\u00e9m foi respons\u00e1vel pela capta\u00e7\u00e3o e gest\u00e3o de recursos do Banco do Brasil e da Caixa Econ\u00f4mica Federal. Atrav\u00e9s do programa Avan\u00e7a Paran\u00e1, R$ 1,6 bilh\u00e3o foi contratado para projetos de infraestrutura, sobretudo rodovi\u00e1ria, e para recupera\u00e7\u00e3o da orla de Matinhos.<\/p>\n\n\n\n<p>Do total, R$ 800 milh\u00f5es j\u00e1 foram liberados para o Estado e aproximadamente metade disso j\u00e1 foi destinada a obras como o Viaduto Bratislava, em Camb\u00e9; a duplica\u00e7\u00e3o da BR-277 em Guarapuava, obras de implanta\u00e7\u00e3o de terceiras faixas e muitas outras executadas pelo Departamento de Estradas de Rodagem (DER). Al\u00e9m disso, estradas rurais est\u00e3o sendo pavimentadas em todo o Paran\u00e1, por meio da Secretaria Estadual de Agricultura e Abastecimento.<\/p>\n\n\n\n<blockquote class=\"wp-block-quote is-layout-flow wp-block-quote-is-layout-flow\"><p>\u201cA pandemia enlutou muitas fam\u00edlias e criou enormes dificuldades econ\u00f4micas. O ano de 2021 foi, portanto, um ano de muito trabalho e de estrutura\u00e7\u00e3o de projetos que v\u00e3o colocar o Paran\u00e1 mais uma vez nos trilhos do desenvolvimento econ\u00f4mico e social\u201d, finalizou o secret\u00e1rio.<\/p><\/blockquote>\n\n\n\n<p><strong>OUTRAS A\u00c7\u00d5ES &#8211;<\/strong>&nbsp;A Secretaria do Planejamento e Projetos Estruturantes tamb\u00e9m entregou o plano de trabalho para continuidade das a\u00e7\u00f5es desenvolvidas no Plano para o Desenvolvimento Sustent\u00e1vel (PDS) Litoral e Metr\u00f3pole Paran\u00e1 Norte.<\/p>\n\n\n\n<p>Deu continuidade, ainda, ao Programa<strong><a href=\"https:\/\/www.aen.pr.gov.br\/Noticia\/(www.feitonoparana.pr.gov.br\" target=\"_blank\" rel=\"noreferrer noopener\">&nbsp;Feito no Paran\u00e1<\/a><\/strong>, lan\u00e7ado no ano passado como parte do Plano de Retomada, iniciativa que busca incentivar o consumo de produtos paranaenses, gerando emprego e renda dentro do Estado. O Programa inclui um site (<strong><a href=\"https:\/\/www.aen.pr.gov.br\/Noticia\/www.feitonoparana.pr.gov.br\" target=\"_blank\" rel=\"noreferrer noopener\">www.feitonoparana.pr.gov.br<\/a><\/strong>) com informa\u00e7\u00f5es tanto para consumidores como para quem deseja ampliar seus neg\u00f3cios.<\/p>\n\n\n\n<p>A Secretaria do Planejamento continuou atuando no suporte de informa\u00e7\u00f5es e no apoio aos gestores das diversas secretarias estaduais e demais \u00f3rg\u00e3os de Estado, para a implanta\u00e7\u00e3o das a\u00e7\u00f5es previstas no Plano de Governo e no Plano Plurianual (PPA), bem como no apoio t\u00e9cnico em medidas de reestrutura\u00e7\u00e3o organizacional. E desde a pandemia, vem contribuindo em conjunto com diversas secretarias, na elabora\u00e7\u00e3o do Plano Estadual de Retomada e Desenvolvimento Econ\u00f4mico 2021-2022.<\/p>\n","protected":false},"excerpt":{"rendered":"<p>Esses s\u00e3o destaques entre as a\u00e7\u00f5es da secretaria estadual do Planejamento e Projetos Estruturantes em 2021. Uma das frentes \u00e9 o Paran\u00e1 Produtivo, que abrange 202 munic\u00edpios de oito regi\u00f5es priorit\u00e1rias do Estado. O Paran\u00e1 avan\u00e7a em desenvolvimento integrado dos munic\u00edpios e em investimentos para a retomada econ\u00f4mica p\u00f3s Covid-19. Essas duas frentes s\u00e3o destaques [&hellip;]<\/p>\n","protected":false},"author":2,"featured_media":4535,"comment_status":"open","ping_status":"open","sticky":false,"template":"","format":"standard","meta":{"om_disable_all_campaigns":false,"_monsterinsights_skip_tracking":false,"_monsterinsights_sitenote_active":false,"_monsterinsights_sitenote_note":"","_monsterinsights_sitenote_category":0,"footnotes":""},"categories":[18],"tags":[],"class_list":["post-4534","post","type-post","status-publish","format-standard","has-post-thumbnail","hentry","category-parana"],"_links":{"self":[{"href":"https:\/\/acontecenafronteira.com.br\/index.php\/wp-json\/wp\/v2\/posts\/4534","targetHints":{"allow":["GET"]}}],"collection":[{"href":"https:\/\/acontecenafronteira.com.br\/index.php\/wp-json\/wp\/v2\/posts"}],"about":[{"href":"https:\/\/acontecenafronteira.com.br\/index.php\/wp-json\/wp\/v2\/types\/post"}],"author":[{"embeddable":true,"href":"https:\/\/acontecenafronteira.com.br\/index.php\/wp-json\/wp\/v2\/users\/2"}],"replies":[{"embeddable":true,"href":"https:\/\/acontecenafronteira.com.br\/index.php\/wp-json\/wp\/v2\/comments?post=4534"}],"version-history":[{"count":1,"href":"https:\/\/acontecenafronteira.com.br\/index.php\/wp-json\/wp\/v2\/posts\/4534\/revisions"}],"predecessor-version":[{"id":4536,"href":"https:\/\/acontecenafronteira.com.br\/index.php\/wp-json\/wp\/v2\/posts\/4534\/revisions\/4536"}],"wp:featuredmedia":[{"embeddable":true,"href":"https:\/\/acontecenafronteira.com.br\/index.php\/wp-json\/wp\/v2\/media\/4535"}],"wp:attachment":[{"href":"https:\/\/acontecenafronteira.com.br\/index.php\/wp-json\/wp\/v2\/media?parent=4534"}],"wp:term":[{"taxonomy":"category","embeddable":true,"href":"https:\/\/acontecenafronteira.com.br\/index.php\/wp-json\/wp\/v2\/categories?post=4534"},{"taxonomy":"post_tag","embeddable":true,"href":"https:\/\/acontecenafronteira.com.br\/index.php\/wp-json\/wp\/v2\/tags?post=4534"}],"curies":[{"name":"wp","href":"https:\/\/api.w.org\/{rel}","templated":true}]}}