{"id":442,"date":"2021-10-08T10:45:09","date_gmt":"2021-10-08T13:45:09","guid":{"rendered":"http:\/\/acontecenafronteira.com.br\/?p=442"},"modified":"2021-10-08T10:45:10","modified_gmt":"2021-10-08T13:45:10","slug":"secretaria-da-educacao-anuncia-retorno-presencial-das-turmas-de-maternal-i","status":"publish","type":"post","link":"https:\/\/acontecenafronteira.com.br\/index.php\/2021\/10\/08\/secretaria-da-educacao-anuncia-retorno-presencial-das-turmas-de-maternal-i\/","title":{"rendered":"Secretaria da Educa\u00e7\u00e3o anuncia retorno presencial das turmas de Maternal I"},"content":{"rendered":"\n<p>Mais de 1.300 alunos poder\u00e3o voltar para as salas de aula dos CMEIs no dia 19 de outubro; fam\u00edlias poder\u00e3o optar em permanecer no ensino remoto<\/p>\n\n\n\n<p>Depois das turmas de Infantil 4 e 5 e do Maternal II retornarem aos CMEIs (Centros Municipais de Educa\u00e7\u00e3o Infantil), agora \u00e9 a vez das turmas de Maternal I voltarem para as salas de aula. Conforme anunciou a Secretaria da Educa\u00e7\u00e3o de Foz do Igua\u00e7u, o retorno destes alunos acontecer\u00e1 no dia 19 de outubro, uma ter\u00e7a-feira. S\u00e3o 1.328 crian\u00e7as, com idade entre 2 e 3 anos, matriculadas em 83 turmas.\u00a0<br><br>O retorno est\u00e1 sendo poss\u00edvel devido ao cen\u00e1rio epidemiol\u00f3gico do munic\u00edpio e a ampla cobertura vacinal da popula\u00e7\u00e3o, que chegou a 106,8% com a primeira dose ou a dose \u00fanica e a 62,5% com a segunda dose.<br><br>Todos os retornos foram gradativos para que pud\u00e9ssemos avaliar cada situa\u00e7\u00e3o e fazer as adequa\u00e7\u00f5es necess\u00e1rias. Felizmente observamos que a volta do ensino presencial n\u00e3o trouxe impactos na pandemia. As escolas s\u00e3o ambientes seguros e as crian\u00e7as est\u00e3o muito contentes\u201d, afirmou secret\u00e1ria da educa\u00e7\u00e3o, Maria Justina da Silva.<br><br>A volta presencial das turmas de Maternal I &#8211; depois de um ano e sete meses &#8211; tamb\u00e9m acontece por conta da contrata\u00e7\u00e3o de novos professores e secret\u00e1rios aprovados em Processo Seletivo Simplificado (PSS). \u201cTivemos um grande n\u00famero de professores que se aposentaram e outros que est\u00e3o em licen\u00e7a, por isso foi necess\u00e1ria a realiza\u00e7\u00e3o de um PSS para que pud\u00e9ssemos contratar profissionais e retornar com essas turmas\u201d, explicou a secret\u00e1ria. Foram convocados 250 professores e 32 secret\u00e1rios de escola. Eles iniciam as atividades laborais no dia 14 de outubro.\u00a0<br><br><strong>Recomenda\u00e7\u00f5es<br><br><\/strong>Por recomenda\u00e7\u00e3o dos \u00f3rg\u00e3os de sa\u00fade, como a OMS, o uso de m\u00e1scara n\u00e3o \u00e9 obrigat\u00f3rio para crian\u00e7as nesta faixa et\u00e1ria. No entanto, todos os demais protocolos de seguran\u00e7a devem ser seguidos.<br><br>Para esta faixa et\u00e1ria a frequ\u00eancia escolar n\u00e3o \u00e9 obrigat\u00f3ria, por isso as fam\u00edlias poder\u00e3o optar pelo retorno das atividades presenciais ou permanecer com o ensino remoto.<br><br>\u00a0\u201cNossa expectativa \u00e9 grande de termos um retorno com um n\u00famero significativo de crian\u00e7as, tendo em vista a diminui\u00e7\u00e3o de casos (de Covid) divulgada diariamente pela Vigil\u00e2ncia Epidemiol\u00f3gica\u201d, comentou a diretora de Educa\u00e7\u00e3o Infantil, Luciana Moreira.\u00a0<br><br>Segundo ela, ainda n\u00e3o h\u00e1 previs\u00e3o do retorno das turmas de Ber\u00e7\u00e1rio I e II para atendimento presencial. \u201cO retorno deve continuar sendo gradativo e cada faixa et\u00e1ria exige um tempo de adapta\u00e7\u00e3o. Em virtude da pandemia, quanto menor a crian\u00e7a, maior \u00e9 a dificuldade em rela\u00e7\u00e3o aos cuidados de distanciamento e medidas de controle e preven\u00e7\u00e3o\u201d, explicou.\u00a0<br><br><strong>Retornos<br><br><\/strong>A Secretaria da Educa\u00e7\u00e3o est\u00e1 atendendo com 100% da capacidade das turmas desde o dia 27 de setembro. A medida foi aprovada pelo Comit\u00ea de Enfrentamento \u00e0 Covid-19 e publicada no Decreto 29.541, de 10 de setembro, no Di\u00e1rio Oficial do Munic\u00edpio.<br><br><strong>Forma\u00e7\u00e3o<br><br><\/strong>Os novos professores e secret\u00e1rios aprovados no PSS passar\u00e3o por um curso de forma\u00e7\u00e3o com a equipe da Secretaria da Educa\u00e7\u00e3o nos dias 14 e 15 de outubro. No dia 18 eles se apresentam nas unidades escolares e no dia 19 iniciam as atividades com as crian\u00e7as.<\/p>\n\n\n\n<figure class=\"wp-block-image size-full\"><img loading=\"lazy\" decoding=\"async\" width=\"799\" height=\"533\" src=\"http:\/\/acontecenafronteira.com.br\/wp-content\/uploads\/2021\/10\/image-25-2.jpg\" alt=\"\" class=\"wp-image-445\" srcset=\"https:\/\/acontecenafronteira.com.br\/wp-content\/uploads\/2021\/10\/image-25-2.jpg?v=1633700708 799w, https:\/\/acontecenafronteira.com.br\/wp-content\/uploads\/2021\/10\/image-25-2-300x200.jpg?v=1633700708 300w, https:\/\/acontecenafronteira.com.br\/wp-content\/uploads\/2021\/10\/image-25-2-768x512.jpg?v=1633700708 768w\" sizes=\"auto, (max-width: 799px) 100vw, 799px\" \/><\/figure>\n\n\n\n<p><\/p>\n","protected":false},"excerpt":{"rendered":"<p>Mais de 1.300 alunos poder\u00e3o voltar para as salas de aula dos CMEIs no dia 19 de outubro; fam\u00edlias poder\u00e3o optar em permanecer no ensino remoto Depois das turmas de Infantil 4 e 5 e do Maternal II retornarem aos CMEIs (Centros Municipais de Educa\u00e7\u00e3o Infantil), agora \u00e9 a vez das turmas de Maternal I [&hellip;]<\/p>\n","protected":false},"author":2,"featured_media":444,"comment_status":"open","ping_status":"open","sticky":false,"template":"","format":"standard","meta":{"om_disable_all_campaigns":false,"_monsterinsights_skip_tracking":false,"_monsterinsights_sitenote_active":false,"_monsterinsights_sitenote_note":"","_monsterinsights_sitenote_category":0,"footnotes":""},"categories":[1],"tags":[],"class_list":["post-442","post","type-post","status-publish","format-standard","has-post-thumbnail","hentry","category-sem-categoria"],"_links":{"self":[{"href":"https:\/\/acontecenafronteira.com.br\/index.php\/wp-json\/wp\/v2\/posts\/442","targetHints":{"allow":["GET"]}}],"collection":[{"href":"https:\/\/acontecenafronteira.com.br\/index.php\/wp-json\/wp\/v2\/posts"}],"about":[{"href":"https:\/\/acontecenafronteira.com.br\/index.php\/wp-json\/wp\/v2\/types\/post"}],"author":[{"embeddable":true,"href":"https:\/\/acontecenafronteira.com.br\/index.php\/wp-json\/wp\/v2\/users\/2"}],"replies":[{"embeddable":true,"href":"https:\/\/acontecenafronteira.com.br\/index.php\/wp-json\/wp\/v2\/comments?post=442"}],"version-history":[{"count":1,"href":"https:\/\/acontecenafronteira.com.br\/index.php\/wp-json\/wp\/v2\/posts\/442\/revisions"}],"predecessor-version":[{"id":446,"href":"https:\/\/acontecenafronteira.com.br\/index.php\/wp-json\/wp\/v2\/posts\/442\/revisions\/446"}],"wp:featuredmedia":[{"embeddable":true,"href":"https:\/\/acontecenafronteira.com.br\/index.php\/wp-json\/wp\/v2\/media\/444"}],"wp:attachment":[{"href":"https:\/\/acontecenafronteira.com.br\/index.php\/wp-json\/wp\/v2\/media?parent=442"}],"wp:term":[{"taxonomy":"category","embeddable":true,"href":"https:\/\/acontecenafronteira.com.br\/index.php\/wp-json\/wp\/v2\/categories?post=442"},{"taxonomy":"post_tag","embeddable":true,"href":"https:\/\/acontecenafronteira.com.br\/index.php\/wp-json\/wp\/v2\/tags?post=442"}],"curies":[{"name":"wp","href":"https:\/\/api.w.org\/{rel}","templated":true}]}}